{"id":138534,"date":"2025-05-30T05:37:20","date_gmt":"2025-05-30T05:37:20","guid":{"rendered":"https:\/\/www.europesays.com\/fr\/138534\/"},"modified":"2025-05-30T05:37:20","modified_gmt":"2025-05-30T05:37:20","slug":"apres-la-condamnation-definitive-dhubert-falco-la-lutte-pour-lecharpe-de-maire-de-toulon-peut-debuter","status":"publish","type":"post","link":"https:\/\/www.europesays.com\/fr\/138534\/","title":{"rendered":"Apr\u00e8s la condamnation d\u00e9finitive d&rsquo;Hubert Falco, la lutte pour l\u2019\u00e9charpe de maire de Toulon peut d\u00e9buter"},"content":{"rendered":"<p>l\u2019histoire ne dit pas si certains ont sabl\u00e9 le champagne \u00e0 l\u2019annonce de la d\u00e9cision de la Cour de cassation. Une chose est s\u00fbre: quelques personnalit\u00e9s publiques n\u2019ont pas d\u00fb \u00eatre m\u00e9contentes d\u2019apprendre qu\u2019Hubert Falco, 78 ans, \u00e9tait d\u00e9finitivement condamn\u00e9 dans l\u2019affaire dite du \u00ab\u00a0frigo\u00a0\u00bb. Une sanction judiciaire, avec une peine d\u2019in\u00e9ligibilit\u00e9 confirm\u00e9e jusqu\u2019en 2028, qui sonne comme un arr\u00eat de mort politique.<\/p>\n<p>\u00ab\u00a0On va enfin pouvoir passer \u00e0 autre chose\u00a0\u00bb, anticipait l\u2019un d\u2019eux la semaine derni\u00e8re. L\u2019emp\u00eachement de l\u2019ex-maire de Toulon, m\u00eame s\u2019il \u00e9tait pressenti, va d\u00e9sormais permettre \u00e0 plusieurs candidats \u00e0 l\u2019\u00e9lection municipale de mars 2026 dans la capitale du Var d\u2019afficher leurs pr\u00e9tentions au grand jour.<\/p>\n<p><strong>Jos\u00e9e Massi pourrait se d\u00e9clarer avant l\u2019\u00e9t\u00e9<\/strong><\/p>\n<p>Ce devrait \u00eatre le cas de Jos\u00e9e Massi, d\u00e9j\u00e0. Celle qui d\u00e9tient les cl\u00e9s de l\u2019h\u00f4tel de ville depuis deux ans aurait les faveurs de la plupart des \u00e9lus toulonnais pour mener la liste de la majorit\u00e9 municipale l\u2019ann\u00e9e prochaine. Elle-m\u00eame ne cache pas, en priv\u00e9, sa volont\u00e9 de \u00ab\u00a0poursuivre le travail\u00a0\u00bb.<\/p>\n<p>Jusqu\u2019alors, par \u00ab\u00a0respect\u00a0\u00bb pour celui qui avait d\u00fb lui c\u00e9der son fauteuil \u2013 et peut-\u00eatre un peu par crainte \u2013 l\u2019\u00e9dile se gardait bien de verbaliser la moindre ambition \u00e9lectorale. Le natif de Pignans d\u00e9finitivement sorti du jeu, ce frein n\u2019existe plus. Jos\u00e9e Massi, en d\u00e9ficit de notori\u00e9t\u00e9, doit dor\u00e9navant lancer sa campagne d\u00e8s que possible.<\/p>\n<p>Apr\u00e8s avoir sond\u00e9 quelques soutiens potentiels, elle pourrait faire une annonce avant l\u2019\u00e9t\u00e9. <strong>Sauf si d\u2019ici l\u00e0, le d\u00e9put\u00e9 Yannick Chenevard, qui se verrait bien prendre du galon en bord de rade<\/strong>, d\u00e9cide lui aussi de sortir du bois.<\/p>\n<p><strong>Michel Bonnus n\u2019a pas l\u2019intention de se coucher<\/strong><\/p>\n<p>Quid alors du s\u00e9nateur Michel Bonnus? Depuis les derni\u00e8res l\u00e9gislatives, l\u2019\u00e9quipe en place et la sienne, bien que de m\u00eame sensibilit\u00e9, ne se parlent pas. Mais chacune a conscience qu\u2019il leur faudra partir unies, s\u2019ils veulent avoir la moindre chance de damer le pion au Rassemblement national.<\/p>\n<p>Probl\u00e8me, pour le camp Massi: m\u00eame si ses soucis de sant\u00e9 se sont invit\u00e9s dans la campagne, <strong>Michel Bonnus n\u2019a pour l\u2019instant pas l\u2019intention de se \u00ab\u00a0coucher\u00a0\u00bb<\/strong>. Il avait d\u2019ailleurs annonc\u00e9 que la seule chose qui pourrait le faire renoncer serait un retour aux affaires d\u2019Hubert Falco, son mentor en politique. Place, donc, \u00e0 la seconde phase de sa \u00ab\u00a0pr\u00e9paration\u00a0\u00bb.<\/p>\n<p><strong>Laure Lavalette n\u2019attendait que \u00e7a<\/strong><\/p>\n<p>Le cas Laure Lavalette, \u00e0 l\u2019extr\u00eame droite, est plus simple. Mais l\u2019ombre d\u2019un (minuscule) doute pesant sur sa candidature reposait aussi sur la pr\u00e9sence \u00e9ventuelle d\u2019Hubert Falco sur la ligne de d\u00e9part du scrutin de l\u2019an prochain.<strong> Ce redoutable comp\u00e9titeur n\u2019en \u00e9tant plus un<\/strong>, on voit mal aujourd\u2019hui ce qui pourrait dissuader la parlementaire Rassemblement national de se lancer dans la bataille des urnes au pied du Faron.<\/p>\n<p>Elle vient d\u2019ailleurs de porter sur les fonts baptismaux l\u2019association cens\u00e9e soutenir son programme jusque sur dans l\u2019isoloir. Il y c\u00f4toiera (notamment) celui de Magali Brunel \u00e0 gauche, candidate d\u00e9j\u00e0 d\u00e9clar\u00e9e de Toulon en commun, et celui du centriste Pierre-Jacques Depallens, dont le discours \u00ab\u00a0ni syst\u00e8me ni extr\u00eame\u00a0\u00bb se nourrira immanquablement des derniers \u00e9chos judiciaires.<\/p>\n<p><strong>Hubert Falco est-il fini?<\/strong><\/p>\n<p>Reste que certains irr\u00e9ductibles supporters d\u2019Hubert Falco \u00e9voquent toujours un hypoth\u00e9tique recours devant la Cour europ\u00e9enne des droits de l\u2019Homme, aux interminables d\u00e9lais. Ou encore la possibilit\u00e9 pour l\u2019ancien ministre de se faire \u00e9lire dans trois ans, une fois sa peine purg\u00e9e\u2026 si jamais un conseil municipal toujours acquis \u00e0 sa cause d\u00e9missionnait et que de nouvelles \u00e9lections parvenaient \u00e0 lui sourire.<\/p>\n<p>Cela fait beaucoup de \u00ab\u00a0si\u00a0\u00bb, qui s\u2019ajoutent \u00e0 une autre incertitude, autrement plus cruciale dans l\u2019imm\u00e9diat: Hubert Falco, touch\u00e9 psychologiquement, va-t-il trouver les ressources n\u00e9cessaires pour prendre une part active dans la campagne? Ou au contraire, lui que l\u2019on dit en col\u00e8re contre la Terre enti\u00e8re, laisser ses anciens poulains se d\u00e9brouiller, quitte \u00e0 courir le risque d\u2019une victoire du RN dans dix mois? R\u00e9ponse dans les jours \u00e0 venir.<\/p>\n","protected":false},"excerpt":{"rendered":"l\u2019histoire ne dit pas si certains ont sabl\u00e9 le champagne \u00e0 l\u2019annonce de la d\u00e9cision de la Cour&hellip;\n","protected":false},"author":2,"featured_media":138535,"comment_status":"","ping_status":"","sticky":false,"template":"","format":"standard","meta":{"footnotes":""},"categories":[9619],"tags":[1111,11,1777,674,1011,27,12,316,882,25,2310,3366],"class_list":{"0":"post-138534","1":"post","2":"type-post","3":"status-publish","4":"format-standard","5":"has-post-thumbnail","7":"category-toulon","8":"tag-actu","9":"tag-actualites","10":"tag-eu","11":"tag-europe","12":"tag-fr","13":"tag-france","14":"tag-news","15":"tag-politique","16":"tag-provence-alpes-cote-dazur","17":"tag-republique-francaise","18":"tag-toulon","19":"tag-vie-locale"},"share_on_mastodon":{"url":"https:\/\/pubeurope.com\/@fr\/114595171084693295","error":""},"_links":{"self":[{"href":"https:\/\/www.europesays.com\/fr\/wp-json\/wp\/v2\/posts\/138534","targetHints":{"allow":["GET"]}}],"collection":[{"href":"https:\/\/www.europesays.com\/fr\/wp-json\/wp\/v2\/posts"}],"about":[{"href":"https:\/\/www.europesays.com\/fr\/wp-json\/wp\/v2\/types\/post"}],"author":[{"embeddable":true,"href":"https:\/\/www.europesays.com\/fr\/wp-json\/wp\/v2\/users\/2"}],"replies":[{"embeddable":true,"href":"https:\/\/www.europesays.com\/fr\/wp-json\/wp\/v2\/comments?post=138534"}],"version-history":[{"count":0,"href":"https:\/\/www.europesays.com\/fr\/wp-json\/wp\/v2\/posts\/138534\/revisions"}],"wp:featuredmedia":[{"embeddable":true,"href":"https:\/\/www.europesays.com\/fr\/wp-json\/wp\/v2\/media\/138535"}],"wp:attachment":[{"href":"https:\/\/www.europesays.com\/fr\/wp-json\/wp\/v2\/media?parent=138534"}],"wp:term":[{"taxonomy":"category","embeddable":true,"href":"https:\/\/www.europesays.com\/fr\/wp-json\/wp\/v2\/categories?post=138534"},{"taxonomy":"post_tag","embeddable":true,"href":"https:\/\/www.europesays.com\/fr\/wp-json\/wp\/v2\/tags?post=138534"}],"curies":[{"name":"wp","href":"https:\/\/api.w.org\/{rel}","templated":true}]}}