{"id":138547,"date":"2025-05-30T05:47:15","date_gmt":"2025-05-30T05:47:15","guid":{"rendered":"https:\/\/www.europesays.com\/fr\/138547\/"},"modified":"2025-05-30T05:47:15","modified_gmt":"2025-05-30T05:47:15","slug":"starligue-une-saison-en-enfer-pour-cesson-rennes-qui-lutte-encore-pour-le-maintien","status":"publish","type":"post","link":"https:\/\/www.europesays.com\/fr\/138547\/","title":{"rendered":"Starligue\u00a0: \u00ab\u00a0une saison en enfer\u00a0\u00bb pour Cesson-Rennes, qui lutte encore pour le maintien"},"content":{"rendered":"<p>StarLigue\u00a0: HBC Nantes &#8211; Cesson-Rennes (ce vendredi, 20\u00a0h)Comment va le Cesson-Rennes M\u00e9tropole HB depuis son succ\u00e8s \u00e0 Cr\u00e9teil\u00a0?<\/p>\n<p>\u00c7a va beaucoup, beaucoup mieux. \u00c7a faisait partie des matchs fondateurs dans ce que serait l\u2019avenir du club\u2026 On \u00e9tait d\u00e9j\u00e0 sur une dynamique int\u00e9ressante depuis quelques matchs. On avait le sentiment, sans \u00eatre pr\u00e9tentieux, d\u2019\u00eatre intrins\u00e8quement plus forts qu\u2019eux. Il n\u2019y a pas si longtemps, on \u00e9tait \u00e0 trois points du premier non rel\u00e9gable. Maintenant, on est trois points devant ce premier rel\u00e9gable. On berce depuis vendredi dans une certaine euphorie, apr\u00e8s avoir \u00e9t\u00e9 en souffrance depuis des mois. Je parle m\u00eame de saison en enfer\u2026 Oui, on a connu des saisons difficiles, mais on \u00e9tait \u00e0 notre place. L\u00e0, on a eu un encha\u00eenement de blessures\u2026 et on a tout pris dans la gueule pendant des mois (sic).<\/p>\n<p>D\u00e9but mars, vous avez pris la d\u00e9cision d\u2019\u00e9carter le coach, S\u00e9bastien Leriche, et de faire de Yann Lemaire, le n\u00b0 1. Pourquoi\u00a0?<\/p>\n<p>On venait de livrer un match d\u2019une indigence incroyable face \u00e0 Saint-Rapha\u00ebl (29-39, le 22 f\u00e9vrier). J\u2019ai demand\u00e9 \u00e0 David Christmann (directeur sportif) et Nicolas Lemonne (responsable administratif) de faire un audit complet au niveau des joueurs et du staff, avec des entretiens individuels. \u00c7a a mis en exergue qu\u2019une distance s\u2019\u00e9tait install\u00e9e avec S\u00e9bastien, que le discours ne passait plus. Je ne l\u2019avais pas per\u00e7u\u2026 On a choisi de changer notre organisation, en se disant, que si on ne faisait rien, \u00e7a serait tr\u00e8s compliqu\u00e9. On ne voulait pas mourir sans avoir essay\u00e9 des trucs. Il n\u2019y avait plus d\u2019\u00e2me et une certaine forme de sinistrose dans le groupe. Et, depuis, il s\u2019est pass\u00e9 des choses\u00a0: on ne voit plus la m\u00eame \u00e9quipe, Yann a apport\u00e9 un coaching, une grinta, une dynamique, un discours, des m\u00e9thodes diff\u00e9rentes. Il y a eu une forme d\u2019\u00e9lectrochoc.<\/p>\n<p>Quel sera l\u2019avenir de S\u00e9bastien Leriche, toujours au club\u00a0?<\/p>\n<p>Aujourd\u2019hui, il est en retrait de l\u2019op\u00e9rationnel aupr\u00e8s de l\u2019\u00e9quipe, mais il est l\u00e0 chaque matin, fait de l\u2019analyse vid\u00e9o, pr\u00e9pare la saison prochaine et a \u00e9t\u00e9 observ\u00e9 aussi ce qui se passe ailleurs. Il avait perdu le fil et avait besoin de souffler. On est dans une logique de reprendre avec lui le 1er juillet, en reconstituant le bin\u00f4me avec Yann. Il y aura forc\u00e9ment des \u00e9volutions. On travaillera diff\u00e9remment\u00a0: Yann et Thibault (Minel, pr\u00e9parateur physique) monteront un peu plus en charge sur le quotidien. On doit se revoir avec S\u00e9bastien pour parler de ses motivations, ses envies. Peut-\u00eatre a-t-il envie d\u2019autre chose aussi\u00a0? Je sais que ce n\u2019est pas une position confortable pour lui\u2026 On avait fait le choix du \u00ab\u00a0step by step\u00a0\u00bb\u00a0: d\u2019abord le maintien, puis ensuite le \u00ab\u00a0comment on travaille demain\u00a0\u00bb\u00a0? Pour l\u2019heure, tout est ouvert.<\/p>\n","protected":false},"excerpt":{"rendered":"StarLigue\u00a0: HBC Nantes &#8211; Cesson-Rennes (ce vendredi, 20\u00a0h)Comment va le Cesson-Rennes M\u00e9tropole HB depuis son succ\u00e8s \u00e0 Cr\u00e9teil\u00a0?&hellip;\n","protected":false},"author":2,"featured_media":138548,"comment_status":"","ping_status":"","sticky":false,"template":"","format":"standard","meta":{"footnotes":""},"categories":[2821],"tags":[1111,11,829,1777,674,1011,27,1792,12,584,25,60],"class_list":{"0":"post-138547","1":"post","2":"type-post","3":"status-publish","4":"format-standard","5":"has-post-thumbnail","7":"category-rennes","8":"tag-actu","9":"tag-actualites","10":"tag-bretagne","11":"tag-eu","12":"tag-europe","13":"tag-fr","14":"tag-france","15":"tag-handball","16":"tag-news","17":"tag-rennes","18":"tag-republique-francaise","19":"tag-sports"},"share_on_mastodon":{"url":"https:\/\/pubeurope.com\/@fr\/114595210463245494","error":""},"_links":{"self":[{"href":"https:\/\/www.europesays.com\/fr\/wp-json\/wp\/v2\/posts\/138547","targetHints":{"allow":["GET"]}}],"collection":[{"href":"https:\/\/www.europesays.com\/fr\/wp-json\/wp\/v2\/posts"}],"about":[{"href":"https:\/\/www.europesays.com\/fr\/wp-json\/wp\/v2\/types\/post"}],"author":[{"embeddable":true,"href":"https:\/\/www.europesays.com\/fr\/wp-json\/wp\/v2\/users\/2"}],"replies":[{"embeddable":true,"href":"https:\/\/www.europesays.com\/fr\/wp-json\/wp\/v2\/comments?post=138547"}],"version-history":[{"count":0,"href":"https:\/\/www.europesays.com\/fr\/wp-json\/wp\/v2\/posts\/138547\/revisions"}],"wp:featuredmedia":[{"embeddable":true,"href":"https:\/\/www.europesays.com\/fr\/wp-json\/wp\/v2\/media\/138548"}],"wp:attachment":[{"href":"https:\/\/www.europesays.com\/fr\/wp-json\/wp\/v2\/media?parent=138547"}],"wp:term":[{"taxonomy":"category","embeddable":true,"href":"https:\/\/www.europesays.com\/fr\/wp-json\/wp\/v2\/categories?post=138547"},{"taxonomy":"post_tag","embeddable":true,"href":"https:\/\/www.europesays.com\/fr\/wp-json\/wp\/v2\/tags?post=138547"}],"curies":[{"name":"wp","href":"https:\/\/api.w.org\/{rel}","templated":true}]}}