{"id":138553,"date":"2025-05-30T05:50:09","date_gmt":"2025-05-30T05:50:09","guid":{"rendered":"https:\/\/www.europesays.com\/fr\/138553\/"},"modified":"2025-05-30T05:50:09","modified_gmt":"2025-05-30T05:50:09","slug":"elle-etait-dans-un-etat-critique-a-saint-laurent-du-var-des-passagers-dun-train-portent-secours-a-une-femme-victime-dun-grave-malaise","status":"publish","type":"post","link":"https:\/\/www.europesays.com\/fr\/138553\/","title":{"rendered":"\u00ab\u00a0Elle \u00e9tait dans un \u00e9tat critique\u00a0\u00bb: \u00e0 Saint-Laurent-du-Var, des passagers d&rsquo;un train portent secours \u00e0 une femme victime d&rsquo;un grave malaise"},"content":{"rendered":"<p>Avec le recul, Giuseppe prend peu \u00e0 peu conscience que l\u2019excursion de sa femme, mercredi, en Italie en train, aurait pu virer au drame. Alors il prend la parole, via Nice-Matin, afin de remercier tous ceux qui se sont mobilis\u00e9s pour sauver la vie de son \u00ab\u00a0\u00e9pouse ch\u00e9rie\u00a0\u00bb.<\/p>\n<p>Un peu avant 16 heures, dans le TER qui relie Vintimille \u00e0 Grasse, Giuseppina &#8211; leurs pr\u00e9noms les destinaient \u00e0 se rencontrer &#8211; a \u00e9t\u00e9 victime d\u2019un malaise. <strong>En hypoglyc\u00e9mie s\u00e9v\u00e8re, avec un taux tomb\u00e9 \u00e0 23 mg\/dl, elle risquait le coma.<\/strong><\/p>\n<p>Des passagers ont pr\u00e9venu les secours et fait stopper le train. \u00a0\u00bb Sans leur intervention, ma femme ne serait peut-\u00eatre plus l\u00e0, confie Giuseppe. \u00c0 travers ce message, je souhaite exprimer toute ma gratitude aux passagers anonymes qui l\u2019ont aid\u00e9e, \u00e0 l\u2019\u00e9quipe du train pour son sang-froid et son humanit\u00e9, ainsi qu\u2019aux services de secours pour leur efficacit\u00e9. Giuseppina est sortie de l\u2019h\u00f4pital (mercredi) soir. Elle est encore tr\u00e8s fatigu\u00e9e mais elle va beaucoup mieux. Et surtout elle est en vie! Alors merci\u2026\u00a0\u00bb<\/p>\n<blockquote>\n<p><strong>\u00ab\u00a0Elle n\u2019allait pas bien du tout, je ne pouvais rien faire\u00a0\u00bb<\/strong><\/p>\n<\/blockquote>\n<p>Avec beaucoup d\u2019\u00e9motion, Giuseppe qui travaille et vit \u00e0 Cannes, se rem\u00e9more cette fin d\u2019apr\u00e8s-midi o\u00f9 tout a failli basculer: \u00ab\u00a0Il \u00e9tait environ 16 heures, j\u2019\u00e9tais au travail, ma femme revenait seule en train de Vintimille. Mon t\u00e9l\u00e9phone a sonn\u00e9. C\u2019\u00e9tait elle. J\u2019ai tout de suite senti que \u00e7a n\u2019allait pas. Elle avait beaucoup de mal \u00e0 parler. Elle m\u2019a dit qu\u2019elle n\u2019\u00e9tait pas bien, qu\u2019elle n\u2019arrivait plus \u00e0 bouger\u2026\u00a0\u00bb<\/p>\n<p>Le sang de Giuseppe ne fait qu\u2019un tour. Une boule l\u2019envahit, son c\u0153ur s\u2019acc\u00e9l\u00e8re. Sa Giuseppina a fait un AVC il y a quelques ann\u00e9es. \u00ab\u00a0J\u2019avais la terrible impression de revivre la m\u00eame chose. Au t\u00e9l\u00e9phone, je lui ai d\u2019abord dit de demander de l\u2019aide autour d\u2019elle. Mais Giuseppina est quelqu\u2019un de r\u00e9serv\u00e9e qui a peur de d\u00e9ranger. Elle ne voulait pas et ne cessait de me r\u00e9p\u00e9ter: \u201cViens me chercher.\u00a0\u00bb Je suis parti sur le champ. Mais j\u2019\u00e9tais au t\u00e9l\u00e9phone, \u00e0 30km d\u2019elle, et je ne pouvais rien faire\u2026 Terrible.\u00a0\u00bb<\/p>\n<p>Giuseppe convainc sa femme de lui passer quelqu\u2019un dans le train. Avec l\u2019\u00e9motion, il ne se souvient plus si c\u2019est un homme ou une femme avec qui il a \u00e9chang\u00e9: \u00ab\u00a0J\u2019ai expliqu\u00e9 \u00e0 cette personne que ma femme avait des probl\u00e8mes de sant\u00e9 et qu\u2019il fallait appeler au plus vite les pompiers et arr\u00eater le train. Celui-ci venait d\u2019arriver en gare de Saint-Laurent-du-Var, cette personne l\u2019a fait arr\u00eater puis a appel\u00e9 les pompiers qui sont intervenus tr\u00e8s rapidement.\u00a0\u00bb<\/p>\n<p><strong>\u00ab\u00a0Le pilote est rest\u00e9 aupr\u00e8s d\u2019elle\u00a0\u00bb<\/strong><\/p>\n<p>Par t\u00e9l\u00e9phone, Giuseppe va suivre toute la sc\u00e8ne. Entre-temps, une passag\u00e8re, \u00ab\u00a0sans doute un m\u00e9decin\u00a0\u00bb, pense Giuseppe, intervient.<\/p>\n<p>\u00ab\u00a0Elle a pris le pouls de ma femme et est rest\u00e9e \u00e0 ses c\u00f4t\u00e9s. Elle avait presque perdu connaissance et \u00e9tait dans un \u00e9tat critique, souffle Giuseppe. Le pilote du train est venu voir ma femme. Il est rest\u00e9 jusqu\u2019\u00e0 ce qu\u2019elle parte avec les pompiers pour l\u2019h\u00f4pital. <strong>Sans cette cha\u00eene de solidarit\u00e9 et de professionnalisme, l\u2019issue aurait pu \u00eatre diff\u00e9rente.<\/strong> Les passagers comme les agents ont pris soin de ma femme jusqu\u2019\u00e0 l\u2019arriv\u00e9e des pompiers, qui l\u2019ont ensuite prise en charge rapidement.\u00a0\u00bb<\/p>\n<p>Avec un trafic tr\u00e8s dense \u00e0 cette heure, Giuseppe n\u2019arrive \u00e0 l\u2019h\u00f4pital Pasteur \u00e0 Nice qu\u2019\u00e0 19 heures. \u00ab\u00a0Je n\u2019avais plus de ses nouvelles depuis 17 heures quand elle a \u00e9t\u00e9 prise en charge par les pompiers. J\u2019\u00e9tais terriblement inquiet. Et puis j\u2019ai retrouv\u00e9 ma Giuseppina. Affaiblie, mais bien l\u00e0! Elle m\u2019a chuchot\u00e9: \u201cJe suis en vie gr\u00e2ce \u00e0 toi et gr\u00e2ce \u00e0 tous ceux qui, dans le train, sont intervenus et ont pris soin de moi.\u00a0\u00bb Elle \u00e9tait tellement touch\u00e9e\u2026\u00a0\u00bb<\/p>\n","protected":false},"excerpt":{"rendered":"Avec le recul, Giuseppe prend peu \u00e0 peu conscience que l\u2019excursion de sa femme, mercredi, en Italie en&hellip;\n","protected":false},"author":2,"featured_media":138554,"comment_status":"","ping_status":"","sticky":false,"template":"","format":"standard","meta":{"footnotes":""},"categories":[2819],"tags":[1111,11,11130,1777,674,1011,27,12,2401,882,25],"class_list":{"0":"post-138553","1":"post","2":"type-post","3":"status-publish","4":"format-standard","5":"has-post-thumbnail","7":"category-nice","8":"tag-actu","9":"tag-actualites","10":"tag-belle-histoire","11":"tag-eu","12":"tag-europe","13":"tag-fr","14":"tag-france","15":"tag-news","16":"tag-nice","17":"tag-provence-alpes-cote-dazur","18":"tag-republique-francaise"},"share_on_mastodon":{"url":"https:\/\/pubeurope.com\/@fr\/114595222214846604","error":""},"_links":{"self":[{"href":"https:\/\/www.europesays.com\/fr\/wp-json\/wp\/v2\/posts\/138553","targetHints":{"allow":["GET"]}}],"collection":[{"href":"https:\/\/www.europesays.com\/fr\/wp-json\/wp\/v2\/posts"}],"about":[{"href":"https:\/\/www.europesays.com\/fr\/wp-json\/wp\/v2\/types\/post"}],"author":[{"embeddable":true,"href":"https:\/\/www.europesays.com\/fr\/wp-json\/wp\/v2\/users\/2"}],"replies":[{"embeddable":true,"href":"https:\/\/www.europesays.com\/fr\/wp-json\/wp\/v2\/comments?post=138553"}],"version-history":[{"count":0,"href":"https:\/\/www.europesays.com\/fr\/wp-json\/wp\/v2\/posts\/138553\/revisions"}],"wp:featuredmedia":[{"embeddable":true,"href":"https:\/\/www.europesays.com\/fr\/wp-json\/wp\/v2\/media\/138554"}],"wp:attachment":[{"href":"https:\/\/www.europesays.com\/fr\/wp-json\/wp\/v2\/media?parent=138553"}],"wp:term":[{"taxonomy":"category","embeddable":true,"href":"https:\/\/www.europesays.com\/fr\/wp-json\/wp\/v2\/categories?post=138553"},{"taxonomy":"post_tag","embeddable":true,"href":"https:\/\/www.europesays.com\/fr\/wp-json\/wp\/v2\/tags?post=138553"}],"curies":[{"name":"wp","href":"https:\/\/api.w.org\/{rel}","templated":true}]}}