{"id":138567,"date":"2025-05-30T05:57:11","date_gmt":"2025-05-30T05:57:11","guid":{"rendered":"https:\/\/www.europesays.com\/fr\/138567\/"},"modified":"2025-05-30T05:57:11","modified_gmt":"2025-05-30T05:57:11","slug":"avant-la-hausse-du-prix-de-leau-les-particuliers-en-profitent","status":"publish","type":"post","link":"https:\/\/www.europesays.com\/fr\/138567\/","title":{"rendered":"avant la hausse du prix de l&rsquo;eau, les particuliers en profitent"},"content":{"rendered":"<p>            Par<br \/>\n        <strong><br \/>\n            <a href=\"https:\/\/actu.fr\/auteur\/nina-hossein-zadeh\" title=\"Consulter tous les articles de Nina Hossein-Zadeh\" target=\"_blank\" rel=\"noopener\">Nina Hossein-Zadeh<\/a><br \/>\n        <\/strong><\/p>\n<p>        Publi\u00e9 le<\/p>\n<p>            30 mai 2025 \u00e0 7h10        <\/p>\n<p>\u00c0 <a href=\"https:\/\/actu.fr\/toulouse\/\" target=\"_blank\" rel=\"noopener\"><strong>Toulouse<\/strong><\/a>, les temp\u00e9ratures montent et l\u2019eau aussi\u2026 mais surtout sur les factures. Avant l\u2019entr\u00e9e en vigueur du tarif saisonnier, voulu par la M\u00e9tropole de Toulouse <a href=\"https:\/\/actu.fr\/occitanie\/toulouse_31555\/toulouse-combien-d-eau-avons-nous-consomme-cet-ete-les-premiers-resultats-de-la-tarification-saisonniere_61686016.html\" target=\"_blank\" rel=\"noopener\"><strong>afin de limiter la consommation en eau<\/strong><\/a> \u00e0 une p\u00e9riode de l\u2019ann\u00e9e o\u00f9 la ressource se fait rare, plusieurs habitants remplissent piscines, spas ou nettoient terrasses et fa\u00e7ades \u00e0 grands coups de jets d\u2019eau. La mesure, active depuis juin\u00a02024, sera de nouveau effective dimanche 1er\u00a0juin 2025. Et les Toulousains comptent bien en profiter avant la hausse.<\/p>\n<p>Un dernier plein avant la facture sal\u00e9e<\/p>\n<p class=\" wall-content\">\u00ab\u2009Ce week-end, <strong>on a rempli notre piscine en plastique<\/strong>, trois m\u00e8tres sur deux\u2009\u00bb, raconte une habitante de la Ville rose. \u00ab\u2009Pas seulement parce que les beaux jours arrivent, mais aussi pour \u00e9viter de payer plus cher avec la hausse des tarifs. On avait fait pareil l\u2019an dernier.\u2009\u00bb<\/p>\n<p class=\" wall-content\">Dans son quartier, des voisins \u00e9quip\u00e9s d\u2019un puits l\u2019ont m\u00eame aid\u00e9e \u00e0 compl\u00e9ter le remplissage. Mais elle nuance\u2009: \u00ab\u2009On ne se plaint pas, la piscine, c\u2019est juste du loisir, rien d\u2019essentiel. <strong>On pense plus aux gens pour qui les hausses de tarif ont une vraie influence sur leur consommation n\u00e9cessaire et quotidienne.<\/strong>\u2009\u00bb<\/p>\n<p>Des usages strat\u00e9giques, mais des comportements responsables<\/p>\n<p class=\" wall-content\">M\u00eame r\u00e9flexe \u00e0 Tournefeuille, o\u00f9 un couple a d\u00e9cid\u00e9 de remplir son spa avant le 1er juin. \u00ab\u2009Oui, on en profite avant la hausse, mais au final \u00e7a repr\u00e9sente quelques m\u00e8tres cubes\u2009\u00bb, explique-t-il.<\/p>\n<p class=\" wall-content\">Pour autant, ils soulignent leur prudence au quotidien\u2009: r\u00e9cup\u00e9ration de l\u2019eau de la douche, machines optimis\u00e9es, arrosage limit\u00e9 au potager\u2026 <strong>R\u00e9sultat\u2009: une consommation annuelle de seulement 50 m\u00b3 \u00e0 deux<\/strong>, soit deux fois moins que la moyenne toulousaine, estim\u00e9e \u00e0 54 m\u00b3 par habitant selon V\u00e9olia.<\/p>\n<p class=\" wall-content\">\u00ab\u2009On pense que pour faire comprendre, il faut taper dans le porte-monnaie\u2009\u00bb, estime le couple. \u00ab\u2009Certains ont des consommations hallucinantes, on se demande ce qu\u2019ils font. Nous, qu\u2019<strong>on \u00e9conomise deux ou trois euros, \u00e7a ne change pas grand-chose.<\/strong> Mais pour ceux qui ont de grosses piscines, l\u00e0, \u00e7a peut faire mal.\u2009\u00bb<\/p>\n<p>Un impact encore invisible sur les compteurs<\/p>\n<p class=\" wall-content\">Dans plusieurs quartiers, le m\u00eame constat\u2009: un autre habitant raconte avoir remarqu\u00e9 \u00ab\u00a0un festival de nettoyeurs haute pression\u00a0\u00bb tout le week-end. Selon lui, \u00ab\u2009ils en profitaient clairement avant la hausse\u2009\u00bb.<\/p>\n<p class=\" wall-content\"><strong>V\u00e9olia, de son c\u00f4t\u00e9, n\u2019a pas relev\u00e9 de flamb\u00e9e inhabituelle<\/strong> de la consommation sur le week-end des 24 et 25\u00a0mai. \u00ab\u2009Pas de pic symptomatique, ni d\u2019\u00e9volution anormale par rapport aux ann\u00e9es pr\u00e9c\u00e9dentes\u2009\u00bb, pr\u00e9cise l\u2019op\u00e9rateur.<\/p>\n<p class=\" wall-content\">\u00ab\u2009Pas d\u2019\u00e9volution anormale par rapport aux ann\u00e9es pr\u00e9c\u00e9dentes. Et puis, les consommations d\u00e9pendent aussi du temps\u2009: s\u2019il fait beau, il va y avoir besoin de plus d\u2019arrosage.\u2009\u00bb De son c\u00f4t\u00e9, <strong>Eau de Toulouse M\u00e9tropole botte en touche et explique \u00ab\u2009ne pas avoir de donn\u00e9es aussi pr\u00e9cises<\/strong> sur une journ\u00e9e ou un week-end\u2009\u00bb \u2013 et ce malgr\u00e9 le t\u00e9l\u00e9relev\u00e9 des compteurs d\u2019eau.<\/p>\n<p>    <img   decoding=\"async\" loading=\"lazy\" src=\"https:\/\/www.europesays.com\/fr\/wp-content\/uploads\/2025\/05\/karcher-960x640.jpg\" alt=\"Les terrasses sont pass\u00e9es au jet haute pression chez certains habitants de la M\u00e9tropole.\" width=\"960\" height=\"640\"\/><br \/>\n    Les terrasses sont pass\u00e9es au jet haute pression chez certains habitants de la M\u00e9tropole. (\u00a9Actu Toulouse)Un tarif qui grimpe pour l\u2019\u00e9t\u00e9<\/p>\n<p class=\" wall-content\">Depuis la d\u00e9lib\u00e9ration du 4\u00a0avril 2024, Toulouse M\u00e9tropole a instaur\u00e9 un tarif saisonnier pour inciter \u00e0 une consommation plus raisonn\u00e9e en p\u00e9riode estivale.<strong> \u00c0 partir du 1er\u00a0juin 2025, le prix de l\u2019eau passera ainsi de 2,58\u00a0euros \u00e0 4,40\u00a0euros le m\u00b3<\/strong>, soit une augmentation de 42\u2009%. Cette hausse s\u2019appliquera jusqu\u2019au 31\u00a0octobre, avant de revenir au tarif habituel durant l\u2019hiver.<\/p>\n<p class=\" wall-content\">Une mesure qui fait grincer des dents du c\u00f4t\u00e9 de l\u2019opposition, certains d\u00e9non\u00e7ant une tarification pour le profit au b\u00e9n\u00e9fice de soci\u00e9t\u00e9s priv\u00e9es. Eau de Toulouse M\u00e9tropole, de son c\u00f4t\u00e9, se d\u00e9fend\u2009:<\/p>\n<p class=\" wall-content\">\u00ab\u2009On va encaisser sur cinq mois 42\u2009% de plus, mais on encaissera 30\u2009% de moins les sept autres mois. Ce qu\u2019on r\u00e9cup\u00e8re l\u2019\u00e9t\u00e9, on le reverse l\u2019hiver. Et si, \u00e0 l\u2019inverse, les gens consomment toujours autant, les b\u00e9n\u00e9fices iraient au renouvellement des r\u00e9seaux\u2009\u00bb, expliquait d\u00e9j\u00e0<strong> Robert Medina, vice-pr\u00e9sident de Toulouse M\u00e9tropole<\/strong>, \u00e0 l\u2019\u00e9t\u00e9 2024.<\/p>\n<p>200\u2009000\u00a0m3 \u00e9conomis\u00e9s l\u2019an pass\u00e9<\/p>\n<p class=\" wall-content\">L\u2019an dernier, cette politique avait permis une baisse estim\u00e9e de 1,5\u2009% de la consommation entre juin et octobre, <strong>soit environ 200\u2009000 m\u00b3 \u00e9conomis\u00e9s<\/strong>, durant un \u00e9t\u00e9 particuli\u00e8rement pluvieux.<\/p>\n<p class=\" wall-content\">Cette ann\u00e9e, la saison estivale d\u00e9marre avec un d\u00e9bit de la Garonne largement au-dessus des seuils critiques, et plusieurs pr\u00e9cipitations en mai, limitant pour l\u2019instant toute pression sur la ressource.<\/p>\n<p class=\" wall-content\">Suivez toute l\u2019actualit\u00e9 de vos villes et m\u00e9dias favoris en vous inscrivant \u00e0 <a href=\"https:\/\/moncompte.actu.fr\" title=\"D\u00e9couvez Mon Actu\" rel=\"nofollow noopener\" data-trk=\"{&quot;cta&quot;:{&quot;action&quot;:&quot;https:\\\/\\\/moncompte.actu.fr&quot;,&quot;category&quot;:&quot;mon compte&quot;,&quot;from&quot;:&quot;article footer&quot;,&quot;name&quot;:&quot;Mon actu&quot;,&quot;type&quot;:&quot;cta&quot;}}\" target=\"_blank\">Mon Actu<\/a>.<\/p>\n","protected":false},"excerpt":{"rendered":"Par Nina Hossein-Zadeh Publi\u00e9 le 30 mai 2025 \u00e0 7h10 \u00c0 Toulouse, les temp\u00e9ratures montent et l\u2019eau aussi\u2026&hellip;\n","protected":false},"author":2,"featured_media":138568,"comment_status":"","ping_status":"","sticky":false,"template":"","format":"standard","meta":{"footnotes":""},"categories":[2816],"tags":[1111,11,1777,674,1011,27,12,2680,25,104,2312,1090],"class_list":{"0":"post-138567","1":"post","2":"type-post","3":"status-publish","4":"format-standard","5":"has-post-thumbnail","7":"category-toulouse","8":"tag-actu","9":"tag-actualites","10":"tag-eu","11":"tag-europe","12":"tag-fr","13":"tag-france","14":"tag-news","15":"tag-occitanie","16":"tag-republique-francaise","17":"tag-societe","18":"tag-toulouse","19":"tag-toulouse-metropole"},"share_on_mastodon":{"url":"https:\/\/pubeurope.com\/@fr\/114595249756037483","error":""},"_links":{"self":[{"href":"https:\/\/www.europesays.com\/fr\/wp-json\/wp\/v2\/posts\/138567","targetHints":{"allow":["GET"]}}],"collection":[{"href":"https:\/\/www.europesays.com\/fr\/wp-json\/wp\/v2\/posts"}],"about":[{"href":"https:\/\/www.europesays.com\/fr\/wp-json\/wp\/v2\/types\/post"}],"author":[{"embeddable":true,"href":"https:\/\/www.europesays.com\/fr\/wp-json\/wp\/v2\/users\/2"}],"replies":[{"embeddable":true,"href":"https:\/\/www.europesays.com\/fr\/wp-json\/wp\/v2\/comments?post=138567"}],"version-history":[{"count":0,"href":"https:\/\/www.europesays.com\/fr\/wp-json\/wp\/v2\/posts\/138567\/revisions"}],"wp:featuredmedia":[{"embeddable":true,"href":"https:\/\/www.europesays.com\/fr\/wp-json\/wp\/v2\/media\/138568"}],"wp:attachment":[{"href":"https:\/\/www.europesays.com\/fr\/wp-json\/wp\/v2\/media?parent=138567"}],"wp:term":[{"taxonomy":"category","embeddable":true,"href":"https:\/\/www.europesays.com\/fr\/wp-json\/wp\/v2\/categories?post=138567"},{"taxonomy":"post_tag","embeddable":true,"href":"https:\/\/www.europesays.com\/fr\/wp-json\/wp\/v2\/tags?post=138567"}],"curies":[{"name":"wp","href":"https:\/\/api.w.org\/{rel}","templated":true}]}}