{"id":138571,"date":"2025-05-30T06:00:08","date_gmt":"2025-05-30T06:00:08","guid":{"rendered":"https:\/\/www.europesays.com\/fr\/138571\/"},"modified":"2025-05-30T06:00:08","modified_gmt":"2025-05-30T06:00:08","slug":"taulier-de-la-scene-stand-up-le-marseillais-laurent-febvay-sattaquera-au-cepac-silo-en-2026","status":"publish","type":"post","link":"https:\/\/www.europesays.com\/fr\/138571\/","title":{"rendered":"Taulier de la sc\u00e8ne stand-up, le Marseillais Laurent Febvay s\u2019attaquera au Cepac Silo en\u00a02026"},"content":{"rendered":"<p>Lors d\u2019une discussion comme sur sc\u00e8ne, il est exactement le m\u00eame\u00a0: d\u00e9bordant d\u2019\u00e9nergie, capable de vous improviser une vanne \u00e0 tout moment, le tout avec son d\u00e9bit de parole soutenu. Alors imaginez quand vient le moment d\u2019\u00e9voquer sa premi\u00e8re date en solo au Cepac Silo, programm\u00e9e le 26\u00a0septembre\u00a02026\u2026 \u00ab\u00a0J\u2019y avais fait la premi\u00e8re partie de <a href=\"https:\/\/www.laprovence.com\/article\/edition-vitrolles-marignane\/2975871\/mohamed-le-suedois-a-conquis-les-jeunes.html\" target=\"_blank\" rel=\"noopener\">Mohamed Le Su\u00e9dois<\/a> en\u00a02013, une \u00e9poque o\u00f9 je jouais de temps en temps et je ne faisais pas encore de vid\u00e9o. Je n\u2019ai aucune pression car c\u2019est quelque chose dont je r\u00eave, un terrain de jeu beaucoup plus grand\u00a0\u00bb, lance spontan\u00e9ment Laurent Febvay.<\/p>\n","protected":false},"excerpt":{"rendered":"Lors d\u2019une discussion comme sur sc\u00e8ne, il est exactement le m\u00eame\u00a0: d\u00e9bordant d\u2019\u00e9nergie, capable de vous improviser une&hellip;\n","protected":false},"author":2,"featured_media":138572,"comment_status":"","ping_status":"","sticky":false,"template":"","format":"standard","meta":{"footnotes":""},"categories":[2814],"tags":[17,1111,11,251,1777,674,26499,1011,27,3955,761,884,12,882,25,26500,7347,7492,26498],"class_list":{"0":"post-138571","1":"post","2":"type-post","3":"status-publish","4":"format-standard","5":"has-post-thumbnail","7":"category-marseille","8":"tag-17","9":"tag-actu","10":"tag-actualites","11":"tag-culture","12":"tag-eu","13":"tag-europe","14":"tag-febvay","15":"tag-fr","16":"tag-france","17":"tag-laurent","18":"tag-marseillais","19":"tag-marseille","20":"tag-news","21":"tag-provence-alpes-cote-dazur","22":"tag-republique-francaise","23":"tag-sattaquera","24":"tag-scene","25":"tag-stand-up","26":"tag-taulier"},"share_on_mastodon":{"url":"https:\/\/pubeurope.com\/@fr\/114595261541317142","error":""},"_links":{"self":[{"href":"https:\/\/www.europesays.com\/fr\/wp-json\/wp\/v2\/posts\/138571","targetHints":{"allow":["GET"]}}],"collection":[{"href":"https:\/\/www.europesays.com\/fr\/wp-json\/wp\/v2\/posts"}],"about":[{"href":"https:\/\/www.europesays.com\/fr\/wp-json\/wp\/v2\/types\/post"}],"author":[{"embeddable":true,"href":"https:\/\/www.europesays.com\/fr\/wp-json\/wp\/v2\/users\/2"}],"replies":[{"embeddable":true,"href":"https:\/\/www.europesays.com\/fr\/wp-json\/wp\/v2\/comments?post=138571"}],"version-history":[{"count":0,"href":"https:\/\/www.europesays.com\/fr\/wp-json\/wp\/v2\/posts\/138571\/revisions"}],"wp:featuredmedia":[{"embeddable":true,"href":"https:\/\/www.europesays.com\/fr\/wp-json\/wp\/v2\/media\/138572"}],"wp:attachment":[{"href":"https:\/\/www.europesays.com\/fr\/wp-json\/wp\/v2\/media?parent=138571"}],"wp:term":[{"taxonomy":"category","embeddable":true,"href":"https:\/\/www.europesays.com\/fr\/wp-json\/wp\/v2\/categories?post=138571"},{"taxonomy":"post_tag","embeddable":true,"href":"https:\/\/www.europesays.com\/fr\/wp-json\/wp\/v2\/tags?post=138571"}],"curies":[{"name":"wp","href":"https:\/\/api.w.org\/{rel}","templated":true}]}}