{"id":138573,"date":"2025-05-30T06:01:09","date_gmt":"2025-05-30T06:01:09","guid":{"rendered":"https:\/\/www.europesays.com\/fr\/138573\/"},"modified":"2025-05-30T06:01:09","modified_gmt":"2025-05-30T06:01:09","slug":"ces-profs-de-maths-a-avignon-et-marseille-reussissent-a-convaincre-les-filles-de-continuer-les-maths","status":"publish","type":"post","link":"https:\/\/www.europesays.com\/fr\/138573\/","title":{"rendered":"Ces profs de maths \u00e0 Avignon et Marseille r\u00e9ussissent \u00e0 convaincre les filles de continuer les maths"},"content":{"rendered":"<p>Toutes les semaines, le jeudi, \u00e0 13h ou 17h, une vingtaine d\u2019\u00e9l\u00e8ves de 6e et 5e du coll\u00e8ge Anselme Mathieu \u00e0 Avignon se retrouvent pour faire des math\u00e9matiques et de la programmation. Tous et toutes sont volontaires pour travailler pendant l\u2019heure du d\u00e9jeuner ou apr\u00e8s leur journ\u00e9e sur leurs projets en cours, une poubelle connect\u00e9e et un parking intelligent.<\/p>\n","protected":false},"excerpt":{"rendered":"Toutes les semaines, le jeudi, \u00e0 13h ou 17h, une vingtaine d\u2019\u00e9l\u00e8ves de 6e et 5e du coll\u00e8ge&hellip;\n","protected":false},"author":2,"featured_media":138574,"comment_status":"","ping_status":"","sticky":false,"template":"","format":"standard","meta":{"footnotes":""},"categories":[2814],"tags":[17,1111,11,6184,14938,9122,5244,1777,674,1011,27,884,19386,12,26501,882,25,104],"class_list":{"0":"post-138573","1":"post","2":"type-post","3":"status-publish","4":"format-standard","5":"has-post-thumbnail","7":"category-marseille","8":"tag-17","9":"tag-actu","10":"tag-actualites","11":"tag-avignon","12":"tag-bienvenue","13":"tag-ces","14":"tag-club","15":"tag-eu","16":"tag-europe","17":"tag-fr","18":"tag-france","19":"tag-marseille","20":"tag-maths","21":"tag-news","22":"tag-profs","23":"tag-provence-alpes-cote-dazur","24":"tag-republique-francaise","25":"tag-societe"},"share_on_mastodon":{"url":"https:\/\/pubeurope.com\/@fr\/114595265522268528","error":""},"_links":{"self":[{"href":"https:\/\/www.europesays.com\/fr\/wp-json\/wp\/v2\/posts\/138573","targetHints":{"allow":["GET"]}}],"collection":[{"href":"https:\/\/www.europesays.com\/fr\/wp-json\/wp\/v2\/posts"}],"about":[{"href":"https:\/\/www.europesays.com\/fr\/wp-json\/wp\/v2\/types\/post"}],"author":[{"embeddable":true,"href":"https:\/\/www.europesays.com\/fr\/wp-json\/wp\/v2\/users\/2"}],"replies":[{"embeddable":true,"href":"https:\/\/www.europesays.com\/fr\/wp-json\/wp\/v2\/comments?post=138573"}],"version-history":[{"count":0,"href":"https:\/\/www.europesays.com\/fr\/wp-json\/wp\/v2\/posts\/138573\/revisions"}],"wp:featuredmedia":[{"embeddable":true,"href":"https:\/\/www.europesays.com\/fr\/wp-json\/wp\/v2\/media\/138574"}],"wp:attachment":[{"href":"https:\/\/www.europesays.com\/fr\/wp-json\/wp\/v2\/media?parent=138573"}],"wp:term":[{"taxonomy":"category","embeddable":true,"href":"https:\/\/www.europesays.com\/fr\/wp-json\/wp\/v2\/categories?post=138573"},{"taxonomy":"post_tag","embeddable":true,"href":"https:\/\/www.europesays.com\/fr\/wp-json\/wp\/v2\/tags?post=138573"}],"curies":[{"name":"wp","href":"https:\/\/api.w.org\/{rel}","templated":true}]}}