{"id":138588,"date":"2025-05-30T06:14:15","date_gmt":"2025-05-30T06:14:15","guid":{"rendered":"https:\/\/www.europesays.com\/fr\/138588\/"},"modified":"2025-05-30T06:14:15","modified_gmt":"2025-05-30T06:14:15","slug":"les-valeurs-a-suivre-a-paris-et-en-europe-actualise-30-05-2025-a-0758","status":"publish","type":"post","link":"https:\/\/www.europesays.com\/fr\/138588\/","title":{"rendered":"Les valeurs \u00e0 suivre \u00e0 Paris et en Europe (actualis\u00e9) &#8211; 30\/05\/2025 \u00e0 07:58"},"content":{"rendered":"<p>\n (Actualis\u00e9 avec Sanof et Soitec)\n<\/p>\n<p>\n *\n<\/p>\n<p>\n Variation des futures sur indice CAC 40  0#FCE:\n<\/p>\n<p>\n *\n<\/p>\n<p>\n Variation des futures sur indice Stoxx 600  0#FXXP:\n<\/p>\n<p>\n *\n<\/p>\n<p>\n Valeurs qui se traitent ex-dividende  .EX.PA\n<\/p>\n<p>\n *\n<\/p>\n<p>\n Le point sur les march\u00e9s europ\u00e9ens  .EUFR\n<\/p>\n<p>\n Les valeurs \u00e0 suivre vendredi<br \/>\n\u00e0 la Bourse de Paris et en Europe :\n<\/p>\n<p>\n * SANOFI<br \/>\n <a href=\"https:\/\/www.boursorama.com\/cours\/1rPSAN\/\" rel=\"nofollow noopener\" target=\"_blank\"><br \/>\n  SASY.PA<br \/>\n <\/a><br \/>\n a indiqu\u00e9 vendredi que l&rsquo;It\u00e9pekimab a<br \/>\nsatisfait au crit\u00e8re principal dans l&rsquo;une des deux \u00e9tudes de<br \/>\nphase 3 sur la BPCO.\n<\/p>\n<p>\n * DANONE<br \/>\n <a href=\"https:\/\/www.boursorama.com\/cours\/1rPBN\/\" rel=\"nofollow noopener\" target=\"_blank\"><br \/>\n  DANO.PA<br \/>\n <\/a><br \/>\n a annonc\u00e9 jeudi soir que V\u00e9ronique<br \/>\nPenchienati-Bosetta, directrice g\u00e9n\u00e9rale adjointe du groupe,<br \/>\nreprendrait les responsabilit\u00e9s de Shane Shane, qui a choisi de<br \/>\npoursuivre une nouvelle opportunit\u00e9 professionnelle, en plus de<br \/>\ncelles qu&rsquo;elle assumait actuellement.\n<\/p>\n<p>\n * SOITEC<br \/>\n <a href=\"https:\/\/www.boursorama.com\/cours\/1rPSOI\/\" rel=\"nofollow noopener\" target=\"_blank\"><br \/>\n  SOIT.PA<br \/>\n <\/a><br \/>\n &#8211; HSBC a abaiss\u00e9 vendredi sa<br \/>\nrecommandation sur le titre de \u00ab\u00a0acheter\u00a0\u00bb \u00e0 \u00ab\u00a0conserver\u00a0\u00bb.\n<\/p>\n<p>\n L&rsquo;AGENDA FRANCE &amp; INTERNATIONAL \u00c0 7 JOURS:<\/p>\n<p> nL8N3RV19S\n<\/p>\n<p>\n (R\u00e9dig\u00e9 par Diana Mandia et Bertrand De Meyer, \u00e9dit\u00e9 par<br \/>\nAugustin Turpin)<\/p>\n","protected":false},"excerpt":{"rendered":"(Actualis\u00e9 avec Sanof et Soitec) * Variation des futures sur indice CAC 40 0#FCE: * Variation des futures&hellip;\n","protected":false},"author":2,"featured_media":64038,"comment_status":"","ping_status":"","sticky":false,"template":"","format":"standard","meta":{"footnotes":""},"categories":[1888],"tags":[400,11,398,408,405,1777,674,1011,27,403,402,399,404,12,626,25,401,406,407],"class_list":{"0":"post-138588","1":"post","2":"type-post","3":"status-publish","4":"format-standard","5":"has-post-thumbnail","7":"category-paris","8":"tag-action-cac-40","9":"tag-actualites","10":"tag-bourse-de-paris","11":"tag-boursorama","12":"tag-cotations","13":"tag-eu","14":"tag-europe","15":"tag-fr","16":"tag-france","17":"tag-indices-devises","18":"tag-investir","19":"tag-investissement","20":"tag-marche-boursier","21":"tag-news","22":"tag-paris","23":"tag-republique-francaise","24":"tag-sicav","25":"tag-trackers","26":"tag-warrants"},"share_on_mastodon":{"url":"https:\/\/pubeurope.com\/@fr\/114595316846886938","error":""},"_links":{"self":[{"href":"https:\/\/www.europesays.com\/fr\/wp-json\/wp\/v2\/posts\/138588","targetHints":{"allow":["GET"]}}],"collection":[{"href":"https:\/\/www.europesays.com\/fr\/wp-json\/wp\/v2\/posts"}],"about":[{"href":"https:\/\/www.europesays.com\/fr\/wp-json\/wp\/v2\/types\/post"}],"author":[{"embeddable":true,"href":"https:\/\/www.europesays.com\/fr\/wp-json\/wp\/v2\/users\/2"}],"replies":[{"embeddable":true,"href":"https:\/\/www.europesays.com\/fr\/wp-json\/wp\/v2\/comments?post=138588"}],"version-history":[{"count":0,"href":"https:\/\/www.europesays.com\/fr\/wp-json\/wp\/v2\/posts\/138588\/revisions"}],"wp:featuredmedia":[{"embeddable":true,"href":"https:\/\/www.europesays.com\/fr\/wp-json\/wp\/v2\/media\/64038"}],"wp:attachment":[{"href":"https:\/\/www.europesays.com\/fr\/wp-json\/wp\/v2\/media?parent=138588"}],"wp:term":[{"taxonomy":"category","embeddable":true,"href":"https:\/\/www.europesays.com\/fr\/wp-json\/wp\/v2\/categories?post=138588"},{"taxonomy":"post_tag","embeddable":true,"href":"https:\/\/www.europesays.com\/fr\/wp-json\/wp\/v2\/tags?post=138588"}],"curies":[{"name":"wp","href":"https:\/\/api.w.org\/{rel}","templated":true}]}}