{"id":13859,"date":"2025-04-10T00:32:15","date_gmt":"2025-04-10T00:32:15","guid":{"rendered":"https:\/\/www.europesays.com\/fr\/13859\/"},"modified":"2025-04-10T00:32:15","modified_gmt":"2025-04-10T00:32:15","slug":"strasbourg-ll-pointe-un-couteau-de-cuisine-vers-sa-compagne-sa-mere-le-desarme","status":"publish","type":"post","link":"https:\/\/www.europesays.com\/fr\/13859\/","title":{"rendered":"Strasbourg. ll pointe un couteau de cuisine vers sa compagne, sa m\u00e8re le d\u00e9sarme"},"content":{"rendered":"<p>Menaces de mort, insultes et pour finir une sc\u00e8ne d\u2019une violence inou\u00efe lorsque le quadrag\u00e9naire s\u2019empare d\u2019un couteau de cuisine pour s\u2019en prendre \u00e0 son ex-compagne qui s\u2019occupe de leur fille, au domicile de la m\u00e8re du pr\u00e9venu. \u00ab\u00a0Je te rentre le couteau dans la gorge et je te cr\u00e8ve comme un chien. Je vais te mettre dans la tombe de ton fr\u00e8re, c\u2019est l\u00e0 qu\u2019est ta place.\u00a0\u00bb Dans un \u00e9lan de courage, sa m\u00e8re le secoue, lui saisit le couteau des mains et le fait reculer. La sexag\u00e9naire a expliqu\u00e9 \u00eatre encore \u00ab\u00a0sous le choc\u00a0\u00bb. \u00ab\u00a0Je ne sais m\u00eame pas comment j\u2019ai fait pour lui prendre l\u2019arme. J\u2019en tremblais apr\u00e8s\u00a0\u00bb, a-t-elle confi\u00e9 aux policiers.<\/p>\n<p>Il la tire par les cheveux et lui griffe le visage<\/p>\n<p>\u00c0 la barre, le mis en cause, dix mentions au casier, d\u00e9j\u00e0 condamn\u00e9 pour le m\u00eame type de faits en 2021, tente de se justifier\u00a0: \u00ab\u00a0Mon ex a menac\u00e9 de me prendre la petite, elle m\u2019a&#8230;<\/p>\n","protected":false},"excerpt":{"rendered":"Menaces de mort, insultes et pour finir une sc\u00e8ne d\u2019une violence inou\u00efe lorsque le quadrag\u00e9naire s\u2019empare d\u2019un couteau&hellip;\n","protected":false},"author":2,"featured_media":13860,"comment_status":"","ping_status":"","sticky":false,"template":"","format":"standard","meta":{"footnotes":""},"categories":[2820],"tags":[1111,11,271,272,2880,1777,674,274,107,1011,27,775,12,25,640,2879],"class_list":{"0":"post-13859","1":"post","2":"type-post","3":"status-publish","4":"format-standard","5":"has-post-thumbnail","7":"category-strasbourg","8":"tag-actu","9":"tag-actualites","10":"tag-crime","11":"tag-delit-et-contravention","12":"tag-edition-strasbourg","13":"tag-eu","14":"tag-europe","15":"tag-faits-divers-justice","16":"tag-fil-info","17":"tag-fr","18":"tag-france","19":"tag-grand-est","20":"tag-news","21":"tag-republique-francaise","22":"tag-strasbourg","23":"tag-strasbourg-ville"},"share_on_mastodon":{"url":"https:\/\/pubeurope.com\/@fr\/114310856256380858","error":""},"_links":{"self":[{"href":"https:\/\/www.europesays.com\/fr\/wp-json\/wp\/v2\/posts\/13859","targetHints":{"allow":["GET"]}}],"collection":[{"href":"https:\/\/www.europesays.com\/fr\/wp-json\/wp\/v2\/posts"}],"about":[{"href":"https:\/\/www.europesays.com\/fr\/wp-json\/wp\/v2\/types\/post"}],"author":[{"embeddable":true,"href":"https:\/\/www.europesays.com\/fr\/wp-json\/wp\/v2\/users\/2"}],"replies":[{"embeddable":true,"href":"https:\/\/www.europesays.com\/fr\/wp-json\/wp\/v2\/comments?post=13859"}],"version-history":[{"count":0,"href":"https:\/\/www.europesays.com\/fr\/wp-json\/wp\/v2\/posts\/13859\/revisions"}],"wp:featuredmedia":[{"embeddable":true,"href":"https:\/\/www.europesays.com\/fr\/wp-json\/wp\/v2\/media\/13860"}],"wp:attachment":[{"href":"https:\/\/www.europesays.com\/fr\/wp-json\/wp\/v2\/media?parent=13859"}],"wp:term":[{"taxonomy":"category","embeddable":true,"href":"https:\/\/www.europesays.com\/fr\/wp-json\/wp\/v2\/categories?post=13859"},{"taxonomy":"post_tag","embeddable":true,"href":"https:\/\/www.europesays.com\/fr\/wp-json\/wp\/v2\/tags?post=13859"}],"curies":[{"name":"wp","href":"https:\/\/api.w.org\/{rel}","templated":true}]}}