{"id":138597,"date":"2025-05-30T06:19:18","date_gmt":"2025-05-30T06:19:18","guid":{"rendered":"https:\/\/www.europesays.com\/fr\/138597\/"},"modified":"2025-05-30T06:19:18","modified_gmt":"2025-05-30T06:19:18","slug":"la-justice-reconnait-la-responsabilite-des-geants-energetiques-dans-le-changement-climatique","status":"publish","type":"post","link":"https:\/\/www.europesays.com\/fr\/138597\/","title":{"rendered":"la justice reconna\u00eet la responsabilit\u00e9 des g\u00e9ants \u00e9nerg\u00e9tiques dans le changement climatique"},"content":{"rendered":"<p>Le tribunal allemand de Hamm a reconnu ce 28 mai le principe d\u2019une responsabilit\u00e9 mondiale des producteurs d\u2019\u00e9nergies fossiles dans les dommages li\u00e9s au changement climatique, o\u00f9 qu\u2019ils se produisent. \u00c0 l&rsquo;origine de l&rsquo;affaire : un simple agriculteur p\u00e9ruvien &#8211; Saul Luciano Lliuya &#8211; qui accusait le g\u00e9ant de l&rsquo;\u00e9nergie RWE d&rsquo;\u00eatre en partie responsable des risques d&rsquo;inondations de sa maison. Soutenu par Germanwatch, il s&rsquo;inqui\u00e9tait de la fonte d&rsquo;un glacier proche de chez lui, \u00e0 cause du changement climatique.<\/p>\n<p>L&rsquo;agriculteur p\u00e9ruvien qui a poursuivi en justice le g\u00e9ant de l&rsquo;\u00e9nergie RWE pour ses \u00e9missions de carbone s&rsquo;est d\u00e9clar\u00e9 mercredi satisfait de la d\u00e9cision d&rsquo;un tribunal allemand qui a reconnu la responsabilit\u00e9 environnementale de l&rsquo;entreprise, m\u00eame s&rsquo;il a rejet\u00e9 sa plainte.<\/p>\n<p>\u00ab Je suis tr\u00e8s content du pr\u00e9c\u00e9dent. C&rsquo;est ce que l&rsquo;on voulait depuis le d\u00e9but : ouvrir la voie \u00e0 d&rsquo;autres plaintes, cr\u00e9er un pr\u00e9c\u00e9dent \u00e0 travers les tribunaux \u00bb, a d\u00e9clar\u00e9 Saul Luciano Lliuya lors d&rsquo;une conf\u00e9rence de presse via Zoom depuis la ville p\u00e9ruvienne de Huaraz (ouest).<\/p>\n<p>Il s&rsquo;est dit \u00ab d\u00e9\u00e7u \u00bb que le tribunal n&rsquo;ait pas reconnu le besoin de protection de sa maison, puisqu&rsquo;il repart sans indemnisation. Mais \u00ab m\u00eame si mon dossier n&rsquo;ira pas plus loin, il a permis de franchir un cap important et cela me remplit de fiert\u00e9 \u00bb, a-t-il ajout\u00e9, \u00ab ce jugement montre que les grands pollueurs qui influencent le climat peuvent au bout du compte \u00eatre tenus pour responsables des d\u00e9g\u00e2ts qu&rsquo;ils causent. \u00bb<\/p>\n<p>Une \u00ab in\u00e9galit\u00e9 mondiale \u00bb<\/p>\n<p><a href=\"https:\/\/www.rfi.fr\/fr\/environnement\/20250528-allemagne-affaire-agriculteur-perou-saul-luciano-lliuya-contre-rwe-la-justice-reconna%C3%AEt-la-responsabilit%C3%A9-des-g%C3%A9ants-%C3%A9nerg%C3%A9tiques-dans-le-changement-climatique\" rel=\"nofollow noopener\" target=\"_blank\" data-ylk=\"slk:Lire la suite sur RFI;elm:context_link;itc:0;sec:content-canvas\" class=\"link \">Lire la suite sur RFI<\/a><\/p>\n","protected":false},"excerpt":{"rendered":"Le tribunal allemand de Hamm a reconnu ce 28 mai le principe d\u2019une responsabilit\u00e9 mondiale des producteurs d\u2019\u00e9nergies&hellip;\n","protected":false},"author":2,"featured_media":138598,"comment_status":"","ping_status":"","sticky":false,"template":"","format":"standard","meta":{"footnotes":""},"categories":[1587],"tags":[11,672,1804,4734,1153,1805,1803,1777,674,1801,26504,26502,12,1802,26503],"class_list":{"0":"post-138597","1":"post","2":"type-post","3":"status-publish","4":"format-standard","5":"has-post-thumbnail","7":"category-allemagne","8":"tag-actualites","9":"tag-allemagne","10":"tag-bundesrepublik-deutschland","11":"tag-changement-climatique","12":"tag-conference-de-presse","13":"tag-de","14":"tag-deutschland","15":"tag-eu","16":"tag-europe","17":"tag-germany","18":"tag-le-geant","19":"tag-luciano-lliuya","20":"tag-news","21":"tag-republique-federale-dallemagne","22":"tag-responsabilite-environnementale"},"share_on_mastodon":{"url":"https:\/\/pubeurope.com\/@fr\/114595336265915988","error":""},"_links":{"self":[{"href":"https:\/\/www.europesays.com\/fr\/wp-json\/wp\/v2\/posts\/138597","targetHints":{"allow":["GET"]}}],"collection":[{"href":"https:\/\/www.europesays.com\/fr\/wp-json\/wp\/v2\/posts"}],"about":[{"href":"https:\/\/www.europesays.com\/fr\/wp-json\/wp\/v2\/types\/post"}],"author":[{"embeddable":true,"href":"https:\/\/www.europesays.com\/fr\/wp-json\/wp\/v2\/users\/2"}],"replies":[{"embeddable":true,"href":"https:\/\/www.europesays.com\/fr\/wp-json\/wp\/v2\/comments?post=138597"}],"version-history":[{"count":0,"href":"https:\/\/www.europesays.com\/fr\/wp-json\/wp\/v2\/posts\/138597\/revisions"}],"wp:featuredmedia":[{"embeddable":true,"href":"https:\/\/www.europesays.com\/fr\/wp-json\/wp\/v2\/media\/138598"}],"wp:attachment":[{"href":"https:\/\/www.europesays.com\/fr\/wp-json\/wp\/v2\/media?parent=138597"}],"wp:term":[{"taxonomy":"category","embeddable":true,"href":"https:\/\/www.europesays.com\/fr\/wp-json\/wp\/v2\/categories?post=138597"},{"taxonomy":"post_tag","embeddable":true,"href":"https:\/\/www.europesays.com\/fr\/wp-json\/wp\/v2\/tags?post=138597"}],"curies":[{"name":"wp","href":"https:\/\/api.w.org\/{rel}","templated":true}]}}