{"id":138599,"date":"2025-05-30T06:20:09","date_gmt":"2025-05-30T06:20:09","guid":{"rendered":"https:\/\/www.europesays.com\/fr\/138599\/"},"modified":"2025-05-30T06:20:09","modified_gmt":"2025-05-30T06:20:09","slug":"horizon-europe-et-erasmus-les-deux-piliers-du-succes","status":"publish","type":"post","link":"https:\/\/www.europesays.com\/fr\/138599\/","title":{"rendered":"Horizon Europe et Erasmus+, les deux piliers du succ\u00e8s"},"content":{"rendered":"<p>              <a tabindex=\"-1\" title=\"Luciana Vaccaro\" href=\"https:\/\/www.letemps.ch\/profil\/luciana-vaccaro\" target=\"_blank\" rel=\"noopener\"><\/p>\n<p>                    <img decoding=\"async\" src=\"https:\/\/www.europesays.com\/fr\/wp-content\/uploads\/2025\/05\/1748586009_853_small.jpeg\" class=\"lazy\" alt=\"\"\/><\/p>\n<p><\/a>        <\/p>\n<p>              <a href=\"https:\/\/www.letemps.ch\/profil\/luciana-vaccaro\" target=\"_blank\" rel=\"noopener\">Luciana Vaccaro<\/a><\/p>\n<p>               rectrice de la Haute Ecole sp\u00e9cialis\u00e9e de Suisse occidentale; pr\u00e9sidente de swissuniversities<\/p>\n<p>    Publi\u00e9 le 30 mai 2025 \u00e0 07:10. \/ Modifi\u00e9 le 30 mai 2025 \u00e0 07:27.<\/p>\n<p> 2 min. de lecture<\/p>\n<p>Onze ans apr\u00e8s que la Suisse est sortie du train Erasmus+, l\u2019occasion d\u2019y remonter se pr\u00e9sente enfin. La position et la r\u00e9putation de la Suisse dans les domaines de la formation et de la recherche sont en jeu.<\/p>\n<p>En avril, le Conseil f\u00e9d\u00e9ral a approuv\u00e9 l\u2019accord sur les programmes de l\u2019UE dans les domaines de la formation, la recherche et l\u2019innovation, dont Horizon Europe et Erasmus+. Ce faisant, le Conseil f\u00e9d\u00e9ral a ouvert la porte \u00e0 la participation de la Suisse \u00e0 Erasmus+ d\u00e8s 2027, \u00e0 condition que les Chambres f\u00e9d\u00e9rales accordent le budget n\u00e9cessaire \u00e0 cette fin.<\/p>\n<p>    L\u2019histoire ne s\u2019arr\u00eate pas l\u00e0.<\/p>\n<p class=\"post-subscribe__mention\">Restez inform\u00e9(e) sans limites pendant toute l&rsquo;ann\u00e9e \u2192 votre abonnement digital mensuel d\u00e8s CHF 29.- \/ mois.<\/p>\n<p class=\"post-subscribe__mention post-subscribe__mention--temporary\">Abonnez-vous en quelques clics et payez facilement avec <b>Twint<\/b>.<\/p>\n<p>    <a class=\"button is-secondary\" data-event=\"click-&gt;clicked\" href=\"https:\/\/www.letemps.ch\/abonnements?wall_id=19\" target=\"_blank\" rel=\"noopener\">Je m&rsquo;abonne<\/a><\/p>\n<p class=\"post-subscribe__login\">\n        Vous avez d\u00e9j\u00e0 un compte ?<br \/>\n        <a class=\"link\" rel=\"nofollow noopener\" href=\"https:\/\/www.letemps.ch\/compte\/connexion?return_to=https%3A%2F%2Fwww.letemps.ch%2Feconomie%2Fcarrieres%2Fhorizon-europe-et-erasmus-les-deux-piliers-du-succes\" target=\"_blank\">Se connecter<\/a>\n      <\/p>\n","protected":false},"excerpt":{"rendered":"Luciana Vaccaro rectrice de la Haute Ecole sp\u00e9cialis\u00e9e de Suisse occidentale; pr\u00e9sidente de swissuniversities Publi\u00e9 le 30 mai&hellip;\n","protected":false},"author":2,"featured_media":138600,"comment_status":"","ping_status":"","sticky":false,"template":"","format":"standard","meta":{"footnotes":""},"categories":[1586],"tags":[11,1777,674,1119,1011,27,12,301,25,25895],"class_list":{"0":"post-138599","1":"post","2":"type-post","3":"status-publish","4":"format-standard","5":"has-post-thumbnail","7":"category-europe","8":"tag-actualites","9":"tag-eu","10":"tag-europe","11":"tag-formation","12":"tag-fr","13":"tag-france","14":"tag-news","15":"tag-premium","16":"tag-republique-francaise","17":"tag-universites-et-hautes-ecoles"},"share_on_mastodon":{"url":"https:\/\/pubeurope.com\/@fr\/114595340188572360","error":""},"_links":{"self":[{"href":"https:\/\/www.europesays.com\/fr\/wp-json\/wp\/v2\/posts\/138599","targetHints":{"allow":["GET"]}}],"collection":[{"href":"https:\/\/www.europesays.com\/fr\/wp-json\/wp\/v2\/posts"}],"about":[{"href":"https:\/\/www.europesays.com\/fr\/wp-json\/wp\/v2\/types\/post"}],"author":[{"embeddable":true,"href":"https:\/\/www.europesays.com\/fr\/wp-json\/wp\/v2\/users\/2"}],"replies":[{"embeddable":true,"href":"https:\/\/www.europesays.com\/fr\/wp-json\/wp\/v2\/comments?post=138599"}],"version-history":[{"count":0,"href":"https:\/\/www.europesays.com\/fr\/wp-json\/wp\/v2\/posts\/138599\/revisions"}],"wp:featuredmedia":[{"embeddable":true,"href":"https:\/\/www.europesays.com\/fr\/wp-json\/wp\/v2\/media\/138600"}],"wp:attachment":[{"href":"https:\/\/www.europesays.com\/fr\/wp-json\/wp\/v2\/media?parent=138599"}],"wp:term":[{"taxonomy":"category","embeddable":true,"href":"https:\/\/www.europesays.com\/fr\/wp-json\/wp\/v2\/categories?post=138599"},{"taxonomy":"post_tag","embeddable":true,"href":"https:\/\/www.europesays.com\/fr\/wp-json\/wp\/v2\/tags?post=138599"}],"curies":[{"name":"wp","href":"https:\/\/api.w.org\/{rel}","templated":true}]}}