{"id":138607,"date":"2025-05-30T06:24:15","date_gmt":"2025-05-30T06:24:15","guid":{"rendered":"https:\/\/www.europesays.com\/fr\/138607\/"},"modified":"2025-05-30T06:24:15","modified_gmt":"2025-05-30T06:24:15","slug":"prix-du-tabac-tnt-controle-france-travail-ce-qui-change-au-1er-juin-2025","status":"publish","type":"post","link":"https:\/\/www.europesays.com\/fr\/138607\/","title":{"rendered":"Prix du tabac, TNT, contr\u00f4le France Travail\u2026 Ce qui change au 1er juin 2025"},"content":{"rendered":"<p class=\"article-p mdl\">Le mois de juin et le retour des beaux jours s&rsquo;accompagnent de plusieurs changements \u00e9conomiques ou administratifs. Voici une liste des nouveaut\u00e9s et des formalit\u00e9s \u00e0 ne pas oublier. Les habitants des d\u00e9partements 55 \u00e0 976 qui d\u00e9clarent leurs<strong> <\/strong>imp\u00f4ts en ligne n&rsquo;ont plus que quelques jours pour le faire.\u00a0<\/p>\n<p class=\"article-p mdl\">La date limite est fix\u00e9e au <strong>5 juin \u00e0 23h59<\/strong>. Pass\u00e9 ce d\u00e9lai, les contribuables\u00a0devront payer des p\u00e9nalit\u00e9s, une majoration et \u00e9ventuellement des int\u00e9r\u00eats de retard. C\u00f4t\u00e9 transports, les\u00a0<strong><a class=\"link\" href=\"https:\/\/www.rtl.fr\/actu\/debats-societe\/ratp-le-montant-des-amendes-augmente-decouvrez-les-nouveaux-tarifs-7900508171\" title=\"RATP : le montant des amendes pour fraude augmente en juin, d\u00e9couvrez les nouveaux tarifs\" rel=\"nofollow noopener\" target=\"_blank\">amendes de la RATP<\/a>\u00a0<\/strong>vont augmenter d\u00e8s <strong>le 2 juin<\/strong>. L&rsquo;amende dans les m\u00e9tros, bus et tramways passe de <strong>50 \u00e0 70 euros.<\/strong>\u00a0L&rsquo;amende pour non-validation d&rsquo;un abonnement passe de 5 \u00e0 15 euros.\u00a0<\/p>\n<p class=\"article-p mdl\">Apr\u00e8s une baisse importante <strong>du prix du gaz au mois de mai, la baisse se poursuivra en juin. <\/strong>Le prix du kWh de gaz pay\u00e9 par les m\u00e9nages chauff\u00e9s au gaz baissera de 5,3 % selon les pr\u00e9visions de\u00a0<a class=\"link\" href=\"https:\/\/selectra.info\/energie\/actualites\/marche\/exclusif-prix-gaz-chute-juin-2025-combien-economiser\" target=\"_blank\" rel=\"nofollow noopener\">Selectra<\/a>.<\/p>\n<p class=\"article-p mdl\">Mauvaise nouvelle pour les fumeurs, les<a class=\"link\" href=\"https:\/\/www.rtl.fr\/actu\/economie-consommation\/tabac-le-prix-de-certains-paquets-va-augmenter-au-1er-juin-et-d-autres-vont-baisser-7900504939\" target=\"_blank\" rel=\"nofollow noopener\"> prix de certaines cigarettes vont augmenter.<\/a>\u00a0<strong>Des paquets de Marlboro et de Philip Morris vont augmenter de quelques centimes<\/strong>, tout comme ceux de certaines Gauloises. Tous les changements de prix des cigarettes au 1er juin sont \u00e0 retrouver sur le site des douanes fran\u00e7aises.<\/p>\n<p>            Les cha\u00eenes de la TNT changent de canaux<\/p>\n<p class=\"article-p mdl\">C\u00f4t\u00e9 t\u00e9l\u00e9vision, la\u00a0<a class=\"link\" href=\"https:\/\/www.rtl.fr\/culture\/medias-people\/bfmtv-cnews-gulli-paris-premiere-decouvrez-la-nouvelle-numerotation-de-la-tnt-7900504337\" target=\"_blank\" rel=\"nofollow noopener\">num\u00e9rotation des canaux de la TNT<\/a>\u00a0\u00e9volue <strong>\u00e0 partir du 6 juin.\u00a0<\/strong>Les cha\u00eenes d&rsquo;information en continu BFMTV, CNEWS, LCI et franceinfo seront regroup\u00e9es dans \u00ab\u00a0un bloc\u00a0\u00bb occupant les num\u00e9ros 13 \u00e0 16 de la TNT.\u00a0France 4 sera en 4e position, LCP et Public S\u00e9nat s&rsquo;installent sur le huiti\u00e8me canal tandis que Gulli r\u00e9cup\u00e8re le 12e canal.<\/p>\n<p class=\"article-p mdl\">De nouvelles r\u00e8gles pour les demandeurs d&#8217;emploi entreront en vigueur \u00e0 partir du 1er juin. Jusqu&rsquo;\u00e0 pr\u00e9sent,<a class=\"link\" href=\"https:\/\/www.rtl.fr\/actu\/economie-consommation\/chomage-controle-renforce-plus-de-radiation-systematique-ce-qui-change-au-1er-juin-pour-les-demandeurs-d-emploi-7900498319\" target=\"_blank\" rel=\"nofollow noopener\"> un demandeur d&#8217;emploi<\/a>\u00a0pouvait \u00eatre radi\u00e9 s&rsquo;il ne parvenait pas \u00e0 justifier une <strong>absence \u00e0 un rendez-vous de France Travail<\/strong>, ce qui ne sera plus le cas. Les sanctions d\u00e9pendront de la recherche effective d&#8217;emploi.\u00a0<\/p>\n<p class=\"article-p mdl\">Dans le domaine de la sant\u00e9, l&rsquo;Assurance maladie<strong> va v\u00e9rifier \u00e0 partir du mois de juin le suivi m\u00e9dical <\/strong>des personnes souffrant de\u00a0<a class=\"link\" href=\"https:\/\/www.rtl.fr\/actu\/sante\/diabete-les-trois-conseils-essentiels-pour-une-prevention-efficace-7900438649\" target=\"_blank\" rel=\"nofollow noopener\">diab\u00e8te<\/a>\u00a0ou <strong>d&rsquo;insuffisance cardiaque<\/strong>. Elle va contacter 500.000 personnes qui ont consult\u00e9 un m\u00e9decin g\u00e9n\u00e9raliste moins de deux fois au cours des 12 derniers mois alors qu&rsquo;elles souffrent d&rsquo;une de ces maladies.\u00a0<\/p>\n<p class=\"article-p mdl\">Enfin, la campagne de <strong>vaccination contre le Covid-19 prendra fin le 15 juin.<\/strong> Les personnes \u00e2g\u00e9es ou vuln\u00e9rables sont \u00e9ligibles \u00e0 ce renouvellement.\u00a0<\/p>\n<p>    La r\u00e9daction vous recommande<\/p>\n<p class=\"s-newsletter__title\">\n                L\u2019actualit\u00e9 par la r\u00e9daction de RTL dans votre bo\u00eete mail.\n            <\/p>\n<p class=\"s-newsletter__subtitle\">\n                Gr\u00e2ce \u00e0 votre compte RTL abonnez-vous \u00e0 la newsletter RTL info pour suivre toute l&rsquo;actualit\u00e9 au quotidien\n            <\/p>\n<p>\n                                    Lire la suite\n                                <\/p>\n","protected":false},"excerpt":{"rendered":"Le mois de juin et le retour des beaux jours s&rsquo;accompagnent de plusieurs changements \u00e9conomiques ou administratifs. Voici&hellip;\n","protected":false},"author":2,"featured_media":138608,"comment_status":"","ping_status":"","sticky":false,"template":"","format":"standard","meta":{"footnotes":""},"categories":[4],"tags":[11,130,107,1011,27,530,843,342,12,25,6582,252],"class_list":{"0":"post-138607","1":"post","2":"type-post","3":"status-publish","4":"format-standard","5":"has-post-thumbnail","7":"category-france","8":"tag-actualites","9":"tag-consommation","10":"tag-fil-info","11":"tag-fr","12":"tag-france","13":"tag-france-travail","14":"tag-gaz","15":"tag-impots","16":"tag-news","17":"tag-republique-francaise","18":"tag-tabac","19":"tag-television"},"share_on_mastodon":{"url":"https:\/\/pubeurope.com\/@fr\/114595355879825679","error":""},"_links":{"self":[{"href":"https:\/\/www.europesays.com\/fr\/wp-json\/wp\/v2\/posts\/138607","targetHints":{"allow":["GET"]}}],"collection":[{"href":"https:\/\/www.europesays.com\/fr\/wp-json\/wp\/v2\/posts"}],"about":[{"href":"https:\/\/www.europesays.com\/fr\/wp-json\/wp\/v2\/types\/post"}],"author":[{"embeddable":true,"href":"https:\/\/www.europesays.com\/fr\/wp-json\/wp\/v2\/users\/2"}],"replies":[{"embeddable":true,"href":"https:\/\/www.europesays.com\/fr\/wp-json\/wp\/v2\/comments?post=138607"}],"version-history":[{"count":0,"href":"https:\/\/www.europesays.com\/fr\/wp-json\/wp\/v2\/posts\/138607\/revisions"}],"wp:featuredmedia":[{"embeddable":true,"href":"https:\/\/www.europesays.com\/fr\/wp-json\/wp\/v2\/media\/138608"}],"wp:attachment":[{"href":"https:\/\/www.europesays.com\/fr\/wp-json\/wp\/v2\/media?parent=138607"}],"wp:term":[{"taxonomy":"category","embeddable":true,"href":"https:\/\/www.europesays.com\/fr\/wp-json\/wp\/v2\/categories?post=138607"},{"taxonomy":"post_tag","embeddable":true,"href":"https:\/\/www.europesays.com\/fr\/wp-json\/wp\/v2\/tags?post=138607"}],"curies":[{"name":"wp","href":"https:\/\/api.w.org\/{rel}","templated":true}]}}