{"id":138609,"date":"2025-05-30T06:26:09","date_gmt":"2025-05-30T06:26:09","guid":{"rendered":"https:\/\/www.europesays.com\/fr\/138609\/"},"modified":"2025-05-30T06:26:09","modified_gmt":"2025-05-30T06:26:09","slug":"volley-ball-debut-des-phases-de-poule-pour-les-m21-des-beziers-angels","status":"publish","type":"post","link":"https:\/\/www.europesays.com\/fr\/138609\/","title":{"rendered":"Volley-ball\u00a0: d\u00e9but des phases de poule pour les M21 des B\u00e9ziers Angels"},"content":{"rendered":"<p>\n                                                                Les M21 des B\u00e9ziers seront \u00e0 Valenciennes, du 30\u00a0mai 1er\u00a0juin, pour participer aux phases finales de la Coupe de France.\n                            <\/p>\n<p>Apr\u00e8s avoir pass\u00e9 tour \u00e0 tour les diff\u00e9rents obstacles de qualification, les M21 des B\u00e9ziers Angels seront \u00e0 Valenciennes, en cette fin de semaine, pour participer aux phases finales de la Coupe de France.<\/p>\n<p>Cannes et Bordeaux au programme<\/p>\n<p>Une derni\u00e8re ligne droite que Julia Nafrechoux et ses co\u00e9quipi\u00e8res d\u00e9marreront ce vendredi 30\u00a0mai, \u00e0 l\u2019occasion de leurs deux premi\u00e8res rencontres de poule face au Racing Club de Cannes (10h45) et la JSA Bordeaux (15h15). Avec un seul objectif\u00a0: la qualification pour les quarts de finale de la comp\u00e9tition.<\/p>\n","protected":false},"excerpt":{"rendered":"Les M21 des B\u00e9ziers seront \u00e0 Valenciennes, du 30\u00a0mai 1er\u00a0juin, pour participer aux phases finales de la Coupe&hellip;\n","protected":false},"author":2,"featured_media":138610,"comment_status":"","ping_status":"","sticky":false,"template":"","format":"standard","meta":{"footnotes":""},"categories":[1417],"tags":[1011,27,60,1470,1469],"class_list":{"0":"post-138609","1":"post","2":"type-post","3":"status-publish","4":"format-standard","5":"has-post-thumbnail","7":"category-volley","8":"tag-fr","9":"tag-france","10":"tag-sports","11":"tag-volley","12":"tag-volleyball"},"share_on_mastodon":{"url":"https:\/\/pubeurope.com\/@fr\/114595363791623283","error":""},"_links":{"self":[{"href":"https:\/\/www.europesays.com\/fr\/wp-json\/wp\/v2\/posts\/138609","targetHints":{"allow":["GET"]}}],"collection":[{"href":"https:\/\/www.europesays.com\/fr\/wp-json\/wp\/v2\/posts"}],"about":[{"href":"https:\/\/www.europesays.com\/fr\/wp-json\/wp\/v2\/types\/post"}],"author":[{"embeddable":true,"href":"https:\/\/www.europesays.com\/fr\/wp-json\/wp\/v2\/users\/2"}],"replies":[{"embeddable":true,"href":"https:\/\/www.europesays.com\/fr\/wp-json\/wp\/v2\/comments?post=138609"}],"version-history":[{"count":0,"href":"https:\/\/www.europesays.com\/fr\/wp-json\/wp\/v2\/posts\/138609\/revisions"}],"wp:featuredmedia":[{"embeddable":true,"href":"https:\/\/www.europesays.com\/fr\/wp-json\/wp\/v2\/media\/138610"}],"wp:attachment":[{"href":"https:\/\/www.europesays.com\/fr\/wp-json\/wp\/v2\/media?parent=138609"}],"wp:term":[{"taxonomy":"category","embeddable":true,"href":"https:\/\/www.europesays.com\/fr\/wp-json\/wp\/v2\/categories?post=138609"},{"taxonomy":"post_tag","embeddable":true,"href":"https:\/\/www.europesays.com\/fr\/wp-json\/wp\/v2\/tags?post=138609"}],"curies":[{"name":"wp","href":"https:\/\/api.w.org\/{rel}","templated":true}]}}