{"id":138621,"date":"2025-05-30T06:33:12","date_gmt":"2025-05-30T06:33:12","guid":{"rendered":"https:\/\/www.europesays.com\/fr\/138621\/"},"modified":"2025-05-30T06:33:12","modified_gmt":"2025-05-30T06:33:12","slug":"psg-luis-enrique-avait-presque-tout-annonce-c1-finale-psg-inter","status":"publish","type":"post","link":"https:\/\/www.europesays.com\/fr\/138621\/","title":{"rendered":"PSG : Luis Enrique avait (presque) tout annonc\u00e9 &#8211; C1 &#8211; Finale &#8211; PSG-Inter"},"content":{"rendered":"<p><strong>\u2192 5 juillet 2023, lors de sa conf\u00e9rence de presse de pr\u00e9sentation :<\/strong> \u00ab\u202fL\u2019identit\u00e9 offensive, c\u2019est non n\u00e9gociable. C\u2019est ma philosophie. Tu dois t\u2019adapter \u00e0 tes joueurs, mon travail est de tirer le meilleur de mes joueurs individuellement et au niveau collectif. S\u2019il avait fallu renoncer \u00e0 mes principes de jeu au moment de venir \u00e0 Paris, je n\u2019aurais jamais sign\u00e9. J\u2019ai appris que le footballeur est aussi \u00e9go\u00efste qu\u2019intelligent. Donc si tu lui fais comprendre que tu es l\u00e0 pour l\u2019aider, alors il fera des compromis et fera tout pour t\u2019aider, ainsi que son \u00e9quipe, en retour.\u202f\u00bb<\/p>\n<p><strong>Verdict au 30 mai 2025 :<\/strong> Luis Enrique n\u2019a jamais d\u00e9vi\u00e9 de sa philosophie, a transform\u00e9 Paris en une \u00e9quipe \u00e0 son image, et personne n\u2019y trouve plus rien \u00e0 redire.<\/p>\n<p><strong>\u2192 5 juillet 2023 :<\/strong> \u00ab\u00a0Paris et le Paris Saint-Germain disposent d\u2019un vivier de jeunes joueurs impressionnant, et ces gamins ont la chance d\u2019\u00eatre dans une structure de cette dimension. Ce qui est s\u00fbr, c\u2019est que je donnerai leur chance \u00e0 ces jeunes.\u00a0\u00bb<\/p>\n<p><strong>Verdict au 30 mai 2025 :<\/strong> Warren Za\u00efre-Emery, malgr\u00e9 une saison plus compliqu\u00e9e, est pleinement int\u00e9gr\u00e9 \u00e0 la rotation, Senny Mayulu pointe de plus en plus le bout de son nez, Ibrahim Mbaye et Yoram Zague ont d\u00e9j\u00e0 pu go\u00fbter au terrain \u00e0 plusieurs reprises. Promesse tenue !<\/p>\n<p><strong>\u2192 12 ao\u00fbt 2023, apr\u00e8s un nul 0-0 pour sa premi\u00e8re contre Lorient o\u00f9 Danilo \u00e9tait titulaire \u00e0 la place de Marquinhos :<\/strong> \u00ab\u00a0C\u2019est quelque chose \u00e0 quoi vous allez devoir vous habituer cette saison : je vais beaucoup changer les positions, changer les titulaires. S\u2019il faut \u00eatre pr\u00e9tendant au titre, il faut 20 joueurs et pas seulement 11.\u00a0\u00bb<\/p>\n<p><strong>Verdict au 30 mai 2025 :<\/strong> Warren Za\u00efre-Emery, encore lui, a \u00e9t\u00e9 plus que test\u00e9 au poste de lat\u00e9ral, Nuno Mendes ou Hakimi \u00e9voluent parfois comme des ailiers, alors qu\u2019Ousmane Demb\u00e9l\u00e9 est devenu n\u00b09. Quant au 11 titulaire, il met plusieurs mois \u00e0 se construire chaque ann\u00e9e.<\/p>\n<blockquote class=\"twitter-tweet\">\n<p lang=\"fr\" dir=\"ltr\">11 &#8211; Luis Enrique a effectu\u00e9 11 changements dans la composition de d\u00e9part du Paris SG par rapport au dernier match, ce qui n&rsquo;\u00e9tait jamais arriv\u00e9 au club de la capitale sous l&rsquo;\u00e8re QSI toutes comp\u00e9titions confondues. Turnover. <a target=\"_blank\" href=\"https:\/\/twitter.com\/hashtag\/PSGCF63?src=hash&amp;ref_src=twsrc%5Etfw\" rel=\"nofollow noopener\">#PSGCF63<\/a> <a target=\"_blank\" href=\"https:\/\/t.co\/hzW5gMoJYh\" rel=\"nofollow\">pic.twitter.com\/hzW5gMoJYh<\/a><\/p>\n<p>\u2014 OptaJean (@OptaJean) <a target=\"_blank\" href=\"https:\/\/twitter.com\/OptaJean\/status\/1776692455611539699?ref_src=twsrc%5Etfw\" rel=\"nofollow noopener\">April 6, 2024<\/a><\/p><\/blockquote>\n<p><strong>\u2192 2 septembre 2023 :<\/strong> \u00ab\u202fC\u2019est clair que je suis satisfait. C\u2019est un mercato exceptionnel. Le pr\u00e9sident et la direction sportive avec Luis Campos ont \u00e9t\u00e9 merveilleux. Ce ne pouvait pas \u00eatre un meilleur mercato. Toutes mes demandes ont \u00e9t\u00e9 satisfaites. C\u2019est un grand plaisir d\u2019avoir deux joueurs de top niveau \u00e0 chaque poste.\u00a0\u00bb<\/p>\n<p><strong>Verdict au 30 mai 2025 :<\/strong> Randal Kolo Muani, Manuel Ugarte, Hugo Ekitike, Cher Ndour, Marco Asensio, Milan \u0160kriniar, Xavi Simons sont partis ou n\u2019ont pratiquement jamais jou\u00e9, Lee Kang-in a disparu de la rotation. Tout le contraire d\u2019Ousmane Demb\u00e9l\u00e9, Bradley Barcola ou Gon\u00e7alo Ramos ou Lucas Hernandez, titulaires ou impliqu\u00e9s dans le collectif.<\/p>\n<p><strong>\u2192 4 septembre, apr\u00e8s <a target=\"_blank\" href=\"https:\/\/www.sofoot.com\/articles\/paris-lamine-lyon\" rel=\"nofollow noopener\">une victoire 4-1 \u00e0 Lyon<\/a> :<\/strong> \u00ab\u202fC\u2019est encore loin de mes exigences personnelles. Je voudrais encore plus de possession, je voudrais qu\u2019on soit encore plus conscients des moments o\u00f9 on doit attaquer dans la profondeur ou pas. Ce que je voudrais, c\u2019est encore plus de calme et de contr\u00f4le afin de choisir le bon moment pour attaquer dans la profondeur.\u202f\u00bb<\/p>\n<p><strong>Verdict au 30 mai 2025 :<\/strong> Paris sait se montrer calme, sait contr\u00f4ler, et d\u00e9vore la profondeur quand il le peut.<\/p>\n<p><strong>\u2192 4 octobre 2023, apr\u00e8s <a target=\"_blank\" href=\"https:\/\/www.sofoot.com\/articles\/le-psg-humilie-a-newcastle\" rel=\"nofollow noopener\">une d\u00e9culott\u00e9e \u00e0 Newcastle (4-1)<\/a> dans un 4-2-4 in\u00e9dit et rat\u00e9 :<\/strong> \u00ab\u202fPourquoi je n\u2019ai pas chang\u00e9 ? Parce que je pensais que c\u2019\u00e9tait le meilleur syst\u00e8me, et je continue de le penser.\u202f\u00bb<\/p>\n<p><strong>Verdict au 30 mai 2025 :<\/strong> Le technicien ne s\u2019est jamais reni\u00e9, tout autant qu\u2019il n\u2019a jamais admis de d\u00e9b\u00e2cle tactique, m\u00eame apr\u00e8s de gros \u00e9checs d\u2019un soir.<\/p>\n<p><strong>\u2192 24 novembre 2023 :<\/strong> \u00ab\u00a0Le championnat fran\u00e7ais, ennuyeux ? Pas du tout pour moi ! C\u2019est un championnat bien meilleur que ce que je pensais. Souvent, on entend des avis sans les v\u00e9rifier.\u00a0\u00bb<\/p>\n<p><strong>Verdict au 30 mai 2025 :<\/strong> Un an et demi plus tard, la Ligue 1 a affich\u00e9 sa meilleure moyenne de buts depuis 46 ans (2,98).<\/p>\n<p><strong>\u2192 25 novembre 2023, apr\u00e8s un match compliqu\u00e9 pour Gianluigi Donnarumma :<\/strong>\u202f\u00ab\u202fQuand les erreurs sont commises par un attaquant ou un milieu, ce n\u2019est pas grave, le probl\u00e8me, c\u2019est quand un gardien en commet une. Les erreurs font partie du football, j\u2019en commets \u00e0 tous les matchs. Sa saison est exceptionnelle, et je suis ravi de son rendement et de son comportement.\u202f\u00bb<\/p>\n<p><strong>Verdict au 30 mai 2025 :<\/strong> Donnarumma n\u2019a jamais \u00e9t\u00e9 aussi bon depuis son arriv\u00e9e dans la capitale et s\u2019est affirm\u00e9 comme l\u2019un des hommes forts de la campagne europ\u00e9enne.<\/p>\n<p><img decoding=\"async\" loading=\"lazy\" class=\"\" src=\"https:\/\/www.europesays.com\/fr\/wp-content\/uploads\/2025\/05\/1748586788_201_grande.jpg\" alt=\"\" width=\"2560\" height=\"1648\"\/><\/p>\n<p><strong>\u2192 16 d\u00e9cembre 2023 :<\/strong> \u00ab\u00a0Le mercato d\u2019hiver est toujours tr\u00e8s compliqu\u00e9, mais nous sommes toujours ouverts \u00e0 am\u00e9liorer notre effectif, il est possible que des joueurs viennent.\u00a0\u00bb<\/p>\n<p><strong>Verdict au 30 mai 2025 :<\/strong> Lucas Beraldo est arriv\u00e9 en janvier et s\u2019est fait balader entre l\u2019axe gauche et le poste de lat\u00e9ral gauche.<\/p>\n<p><strong>\u2192 14 janvier 2024, apr\u00e8s <a target=\"_blank\" href=\"https:\/\/www.sofoot.com\/articles\/paris-recale-lens\" rel=\"nofollow noopener\">une bonne performance de Barcola \u00e0 Lens<\/a> apr\u00e8s un d\u00e9but de saison compliqu\u00e9 :<\/strong> \u00ab\u202f\u202fBradley a \u00e9t\u00e9 superbe aujourd\u2019hui, inarr\u00eatable. Il est pratiquement imparable en un contre un, tr\u00e8s rapide, bon \u00e0 la finition, son travail d\u00e9fensif est bon. C\u2019est pour \u00e7a qu\u2019on l\u2019a sign\u00e9.\u00a0\u00bb<\/p>\n<p><strong>Verdict au 30 mai 2025 :<\/strong> Barcola a encore pass\u00e9 un cap cette saison et est m\u00eame devenu international.<\/p>\n<p><strong>\u2192 25 f\u00e9vrier 2024 :<\/strong> \u00ab\u202fC\u2019est tr\u00e8s simple, t\u00f4t ou tard, quand son d\u00e9part arrivera, on devra s\u2019habituer \u00e0 jouer sans Kylian.\u00a0\u00bb<\/p>\n<p><strong>Verdict au 30 mai 2025 :<\/strong> Mbapp\u00e9 est parti, et \u00e7a ne s\u2019est presque pas senti.<\/p>\n<p><strong>\u2192 29 f\u00e9vrier 2024 :<\/strong> \u00ab\u202fJe sais que si tout se passe bien, et j\u2019en ai la conviction, nous aurons une meilleure \u00e9quipe la saison prochaine, \u00e0 tous points de vue. Au niveau du jeu, offensivement, d\u00e9fensivement, physiquement, tactiquement\u2026 Je n\u2019ai aucun doute l\u00e0-dessus.\u202f\u00bb<\/p>\n<p><strong>Verdict au 30 mai 2025 :<\/strong> Paris est meilleur, \u00e0 tous les points de vue, effectivement. La cote \u00e0 50 est pass\u00e9e, bravo M. Irma !<\/p>\n<p><strong>\u2192 30 mars 2024 :<\/strong> \u00ab\u00a0J\u2019ai toujours l\u2019espoir que Kylian change d\u2019avis. Il n\u2019a rien dit pour le moment, il peut changer d\u2019opinion. Imaginons que nous gagnons les quatre titres cette saison et que Kylian Mbapp\u00e9 fasse son choix au dernier moment\u2026 Que sa place est \u00e0 Paris. Pourquoi pas ? Nous verrons.\u00a0\u00bb<\/p>\n<p><strong>Verdict au 30 mai 2025 :<\/strong> Mbapp\u00e9 n\u2019est pas rest\u00e9. En m\u00eame temps, Paris n\u2019a pas gagn\u00e9 les quatre titres.<\/p>\n<p><img decoding=\"async\" loading=\"lazy\" class=\"\" src=\"https:\/\/www.europesays.com\/fr\/wp-content\/uploads\/2025\/05\/1748586789_464_grande.jpg\" alt=\"\" width=\"2188\" height=\"1459\"\/><\/p>\n<p><strong>\u2192 8 avril 2024 :<\/strong> \u00ab\u00a0J\u2019adore avoir des ressources et pouvoir changer le style de l\u2019\u00e9quipe. Si les gens ne le comprennent pas, tant pis. Tant que mes joueurs et moi-m\u00eame comprenons, c\u2019est suffisant. Je te garantis que l\u2019entra\u00eeneur adverse ne saura pas o\u00f9 les joueurs vont jouer tant qu\u2019il ne les aura pas vus sur le terrain. L\u2019adversaire ne sait pas ce que nous allons faire, mais je t\u2019assure que nous, oui. C\u2019est comme un puzzle. J\u2019enl\u00e8ve les pi\u00e8ces, je les remets, je les enl\u00e8ve et je les remets \u00e0 nouveau.\u00a0\u00bb<\/p>\n<p><strong>Verdict au 30 mai 2025 :<\/strong> Un an plus tard, tous les joueurs savent ce qu\u2019ils doivent faire et Paris est devenu impr\u00e9visible.<\/p>\n<p><strong>\u2192 9 avril 2024, lorsqu\u2019on lui demande qui de Xavi ou lui repr\u00e9sente le plus l\u2019identit\u00e9 du Bar\u00e7a :<\/strong> \u00ab\u202fSans aucun doute moi. Ce n\u2019est pas que mon avis, vous pouvez voir les donn\u00e9es, la possession de ballon, les titres, le jeu de pressing. Moi, je suis celui qui repr\u00e9sente le mieux le Bar\u00e7a.\u00a0\u00bb<\/p>\n<p><strong>Verdict au 30 mai 2025 :<\/strong> Il a \u00e9limin\u00e9 Xavi, et Xavi est au ch\u00f4mage.<\/p>\n<p><strong>\u2192 15 avril 2024, avant <a target=\"_blank\" href=\"https:\/\/www.sofoot.com\/articles\/ligue-des-champions-le-psg-soffre-le-barca-et-le-dernier-carre-avec-un-double-de-kylian-mbappe\" rel=\"nofollow noopener\">le match retour contre Barcelone<\/a> :<\/strong> \u00ab\u00a0Je suis convaincu que l\u2019on va renverser la situation. Le PSG n\u2019a jamais \u00e9t\u00e9 capable de se qualifier apr\u00e8s avoir perdu \u00e0 l\u2019aller, mais demain nous allons le faire.\u00a0\u00bb<\/p>\n<p><strong>Verdict au 30 mai 2025 :<\/strong> Victoire 4-1 \u00e0 Barcelone, nette et sans bavure.<\/p>\n<p><strong>\u2192 23 avril 2024 :<\/strong> \u00ab\u202fIl y a un onze de d\u00e9part meilleur que les autres ? Ah, je ne savais pas. Non, on n\u2019a pas un onze de d\u00e9part type. Quand on a un effectif aussi riche, avec des joueurs si comp\u00e9titifs\u2026 M\u00eame si j\u2019ai deux joueurs en forme, je peux prendre une d\u00e9cision diff\u00e9rente en fonction du profil de l\u2019\u00e9quipe adverse.\u00a0\u00bb<\/p>\n<p><strong>Verdict au 30 mai 2025 :<\/strong> Luis Enrique a trouv\u00e9 un 11 quasiment inamovible, o\u00f9 Dou\u00e9 et Barcola alternent les titularisations en fonction de l\u2019adversaire.<\/p>\n<p><strong>\u2192 6 mai 2024, interrog\u00e9 sur une possible \u00e9limination en demi-finales de C1 :<\/strong> \u00ab\u00a0La vie continue, il y aura du soleil et quand il y a du soleil \u00e0 Paris, c\u2019est toujours merveilleux. En tant que sportif, on applaudira l\u2019adversaire m\u00eame s\u2019il ne le m\u00e9rite pas. On le f\u00e9licitera et le jour suivant, on sera absolument d\u00e9go\u00fbt\u00e9s, mais on aura une fiert\u00e9 en disant : \u201cJe me rel\u00e8ve, on recommencera l\u2019ann\u00e9e prochaine.\u201d\u00a0\u00bb<\/p>\n<p><strong>Verdict au 30 mai 2025 :<\/strong> Paris a recommenc\u00e9 et Paris a fait encore mieux ! Encore un coup de M. Irma !<\/p>\n<p><strong>\u2192 14 mai 2024, apr\u00e8s <a target=\"_blank\" href=\"https:\/\/www.sofoot.com\/articles\/mbappe-un-depart-pas-vraiment-comme-une-legende\" rel=\"nofollow noopener\">une d\u00e9faite au Parc lors de la derni\u00e8re journ\u00e9e \u00e0 domicile<\/a> :<\/strong> \u00ab\u202fJe veux voir mon \u00e9quipe donner le maximum. Ce dont j\u2019ai besoin, c\u2019est de joueurs motiv\u00e9s. Tous n\u2019ont pas cette mentalit\u00e9. Tous les matchs sont importants. L\u2019attitude, l\u2019engagement et le comportement doivent \u00eatre \u00e0 leur maximum, c\u2019est ce qu\u2019on cherche au PSG depuis que je suis ici. Celui qui n\u2019est pas pr\u00e9par\u00e9 \u00e0 \u00e7a, qui n\u2019est l\u00e0 que quand \u00e7a l\u2019int\u00e9resse, celui qui a d\u2019autres priorit\u00e9s li\u00e9es \u00e0 des int\u00e9r\u00eats individuels qui ne sont pas ceux de l\u2019\u00e9quipe, \u00e7a ne m\u2019int\u00e9resse pas. Il ne jouera pas pour le Paris Saint-Germain.\u202f\u00bb<\/p>\n<p><strong>Verdict au 30 mai 2025 :<\/strong> Enrique a su trouver les bons mots pour que son \u00e9quipe ne s\u2019incline pas au Parc \u00e0 la derni\u00e8re journ\u00e9e. Et il s\u2019est m\u00eame repenti d\u2019avoir fait la gueule \u00e0 la remise du troph\u00e9e.<\/p>\n<p><strong>\u2192 15 ao\u00fbt 2024, avant la premi\u00e8re journ\u00e9e de Ligue 1 au Havre :<\/strong> \u00ab\u00a0Si quelqu\u2019un marque 40 buts, on ne lui fermera certainement pas les portes. Mais si je m\u2019appuie sur mon exp\u00e9rience, il vaut mieux avoir quatre joueurs qui marquent 12 buts.\u00a0\u00bb<\/p>\n<p><strong>Verdict au 30 mai 2025 :<\/strong> Ousmane Demb\u00e9l\u00e9 (33 buts toutes comp\u00e9titions confondues), Bradley Barcola (21), Gon\u00e7alo Ramos (18) et D\u00e9sir\u00e9 Dou\u00e9 (13) ont parfaitement r\u00e9pondu aux exigences. Sans oublier Khvicha Kvaratskhelia (6), arriv\u00e9 en cours de saison pour prendre le relais de Randal Kolo Muani (2).<\/p>\n<p><img decoding=\"async\" loading=\"lazy\" class=\"\" src=\"https:\/\/www.europesays.com\/fr\/wp-content\/uploads\/2025\/05\/1748586790_883_grande.jpg\" alt=\"\" width=\"2560\" height=\"1706\"\/><\/p>\n<p><strong>\u2192 31 ao\u00fbt 2024 :<\/strong> \u00ab\u00a0Je crois qu\u2019on a fait un tr\u00e8s bon mercato. On s\u2019est renforc\u00e9s, avec un joueur par ligne. Je suis plus que satisfait. [\u2026] Depuis que je suis arriv\u00e9 au PSG, j\u2019ai eu une influence. On n\u2019a pas pris un seul joueur sans que j\u2019aie donn\u00e9 mon avis. Une autre chose est de savoir si je les ai fait progresser.\u00a0\u00bb<\/p>\n<p><strong>Verdict au 30 mai 2025 :<\/strong> Willian Pacho et Jo\u00e3o Neves s\u2019appr\u00eatent \u00e0 disputer cette finale contre l\u2019Inter en tant que titulaires indiscutables, point d\u2019orgue d\u2019une premi\u00e8re saison magnifique dans l\u2019Hexagone. Apr\u00e8s quelques mois d\u2019adaptation, D\u00e9sir\u00e9 Dou\u00e9 s\u2019est lui aussi totalement mis le public parisien dans la poche depuis le mois de janvier.<\/p>\n<p><strong>\u2192 18 septembre, \u00e0 propos de Nuno Mendes, \u00e0 l\u2019origine <a target=\"_blank\" href=\"https:\/\/www.sofoot.com\/articles\/grace-a-un-but-tardif-de-nuno-mendes-le-psg-simpose-face-a-gerone-en-ligue-des-champions\" rel=\"nofollow noopener\">du but contre G\u00e9rone<\/a> :<\/strong> \u00ab\u00a0Je sais que c\u2019est un joueur d\u2019attaque incroyable, et l\u2019\u00e9quipe a besoin de \u00e7a. Il y aura d\u2019autres moments o\u00f9 je crois que l\u2019\u00e9quilibre est tr\u00e8s important. Dans cette phase de jeu, Nuno est \u00e0 l\u2019arri\u00e8re. Il faut avoir une s\u00e9rie d\u2019\u00e9l\u00e9ments pour qu\u2019il prenne la profondeur.\u00a0\u00bb<\/p>\n<p><strong>Verdict au 30 mai 2025 :<\/strong> Apr\u00e8s un automne \u00e0 ronger son frein, le feu follet portugais s\u2019est vu offrir de plus en plus de libert\u00e9 au fil des mois. Deux masterclasses d\u00e9fensives contre Mohamed Salah, des buts \u00e0 l\u2019aller puis au retour contre Aston Villa et un Bukayo Saka rang\u00e9 dans sa poche : malgr\u00e9 quelques instants de d\u00e9concentration qui co\u00fbtent parfois cher, on appelle \u00e7a un sacr\u00e9 facteur X.<\/p>\n<p><strong>\u2192 26 septembre 2024 :<\/strong> \u00ab\u00a0Je n\u2019ai jamais \u00e9court\u00e9 une conf\u00e9rence de presse, j\u2019aime parler, je dis ce que j\u2019ai \u00e0 dire. C\u2019\u00e9tait une r\u00e9flexion spontan\u00e9e. Mais si tu me dis que je signe un papier et que je ne parle plus et que tu enl\u00e8ves 50% de mon salaire, je signe. Mais je pense que c\u2019est impossible.\u00a0\u00bb<\/p>\n<p><strong>Verdict au 30 mai 2025 :<\/strong> Toujours aucune conf\u00e9rence de presse manqu\u00e9e par un Luis Enrique de plus en plus sourire cette ann\u00e9e, r\u00e9sultats obligent. Et vous appelez \u00e7a un oracle ?<\/p>\n<p><strong>\u2192 30 septembre 2024, apr\u00e8s la mise \u00e0 l\u2019\u00e9cart d\u2019Ousmane Demb\u00e9l\u00e9 \u00e0 Arsenal :<\/strong> \u00ab\u00a0Vous croyez vraiment qu\u2019il est facile de cr\u00e9er une \u00e9quipe ? Qu\u2019on le fait en appuyant sur un bouton ? Non, il y a des circonstances difficiles, des d\u00e9cisions difficiles. Je suis 100% engag\u00e9 dans mes d\u00e9cisions, je suis 100% s\u00fbr de mes d\u00e9cisions et je consid\u00e8re que c\u2019est la meilleure chose pour l\u2019\u00e9quipe, sans aucun doute.\u00a0\u00bb<\/p>\n<p><strong>Verdict au 30 mai 2025 :<\/strong> Il faut vraiment qu\u2019on vous fasse un dessin de la courbe prise par la saison du moustique ces derniers mois ?<\/p>\n<p><strong>\u2192 1er octobre, apr\u00e8s la d\u00e9faite \u00e0 Arsenal et avoir refus\u00e9 d\u2019expliquer sa tactique \u00e0 Canal + :<\/strong> \u00ab\u00a0Je sais exactement o\u00f9 je veux emmener cette \u00e9quipe. Pour conna\u00eetre notre niveau r\u00e9el, il va falloir attendre la fin de la saison.\u00a0\u00bb<\/p>\n<p><strong>Verdict au 30 mai 2025 :<\/strong> Plus que quelques jours \u00e0 patienter pour enfin \u00eatre fix\u00e9s sur ce fameux niveau. Une seule chose est s\u00fbre \u00e0 ce jour : l\u2019optimisme s\u2019est renforc\u00e9 depuis cette triste soir\u00e9e dans les couloirs de l\u2019Emirates.<\/p>\n<p><img decoding=\"async\" loading=\"lazy\" class=\"\" src=\"https:\/\/www.europesays.com\/fr\/wp-content\/uploads\/2025\/05\/1748586792_900_grande.jpg\" alt=\"\" width=\"2040\" height=\"1360\"\/><\/p>\n<p><strong>\u2192 22 octobre 2024, apr\u00e8s <a target=\"_blank\" href=\"https:\/\/www.sofoot.com\/articles\/ligue-des-champions-encore-beaucoup-trop-maladroit-paris-lache-des-points-contre-le-psv\" rel=\"nofollow noopener\">le nul conc\u00e9d\u00e9 face au PSV (1-1)<\/a> :<\/strong> \u00ab\u00a0Le PSG est sans aucun doute l\u2019une des \u00e9quipes qui g\u00e9n\u00e8rent le plus d\u2019occasions en Europe. C\u2019est ce que je valorise au sein de mon \u00e9quipe. Aujourd\u2019hui, \u00e7a n\u2019a pas voulu entrer, mais je n\u2019ai aucun reproche \u00e0 faire. Notre effectif est jeune, mais je signerais pour que mon \u00e9quipe ait les m\u00eames occasions contre l\u2019Atl\u00e9tico ou Marseille.\u00a0\u00bb<\/p>\n<p><strong>7 novembre 2024, apr\u00e8s <a target=\"_blank\" href=\"https:\/\/www.sofoot.com\/articles\/ligue-des-champions-paris-surpris-par-latletico-de-madrid-au-parc\" rel=\"nofollow noopener\">la d\u00e9faite contre l\u2019Atl\u00e9tico de Madrid (1-2)<\/a> :<\/strong> \u00ab\u00a0Je pense que personne qui a vu le match ne peut dire que le r\u00e9sultat est juste. \u00c0 partir de demain, nous allons penser \u00e0 ce que nous pouvons am\u00e9liorer. Pas aujourd\u2019hui, parce que c\u2019est un jour de merde. Je le r\u00e9p\u00e8te, j\u2019ai une foi in\u00e9branlable en mes joueurs.\u00a0\u00bb<\/p>\n<p><strong>Verdict au 30 mai 2025 :<\/strong> Des soucis d\u2019efficacit\u00e9 qui ne sont d\u00e9sormais plus qu\u2019un vieux souvenir, m\u00eame s\u2019ils sont pass\u00e9s faire un petit coucou d\u00e9but mars, lors du huiti\u00e8me de finale aller contre Liverpool.<\/p>\n<p><strong>\u2192 11 janvier 2025 :<\/strong> \u00ab\u00a0Il y a six matchs en janvier. Si on ne gagne pas contre Espaly, on est \u00e9limin\u00e9s de la Coupe de France. Si on ne gagne pas trois ou quatre points en Ligue des champions, on est \u00e9limin\u00e9s. Si on perd trois matchs en championnat, on n\u2019est plus premiers. Moi, je pense toujours l\u2019inverse. Pourquoi devrais-je \u00eatre n\u00e9gatif ? C\u2019est mieux d\u2019affronter les choses avec une vision positive.\u00a0\u00bb<\/p>\n<p><strong>Verdict au 30 mai 2025 :<\/strong> Deux victoires en Ligue 1, un nul, Espaly, Manchester City et Stuttgart pass\u00e9s \u00e0 la moulinette et le coup d\u2019envoi de trois mois o\u00f9 le club de la capitale aura tout simplement \u00e9t\u00e9 irr\u00e9sistible.<\/p>\n<blockquote class=\"twitter-tweet\">\n<p lang=\"fr\" dir=\"ltr\">36.9% &#8211; Manchester City n\u2019affiche que 36.9% de possession ce soir, soit la 2e plus faible possession pour une \u00e9quipe dirig\u00e9e par Pep Guardiola en Ligue des Champions derri\u00e8re celle avec City d\u00e9j\u00e0 contre le Barcelone de\u2026 Luis Enrique en novembre 2016 (34.7%). Nemesis. <a target=\"_blank\" href=\"https:\/\/t.co\/azTfvuq7Fm\" rel=\"nofollow\">pic.twitter.com\/azTfvuq7Fm<\/a><\/p>\n<p>\u2014 OptaJean (@OptaJean) <a target=\"_blank\" href=\"https:\/\/twitter.com\/OptaJean\/status\/1882194475520577782?ref_src=twsrc%5Etfw\" rel=\"nofollow noopener\">January 22, 2025<\/a><\/p><\/blockquote>\n<p><strong>\u2192 6 f\u00e9vrier 2025 :<\/strong> \u00ab\u00a0J\u2019ai \u00e9t\u00e9 tr\u00e8s courageux la saison derni\u00e8re quand je vous ai dit qu\u2019on aurait une meilleure \u00e9quipe en attaque et en d\u00e9fense. Je continue de penser que nous sommes meilleurs, les chiffres sont l\u00e0 pour le dire.\u00a0\u00bb<\/p>\n<p><b>14 f\u00e9vrier 2025, \u00e0 propos d\u2019Ousmane Demb\u00e9l\u00e9 :<\/b> \u00ab\u00a0La meilleure chose que j\u2019ai faite, c\u2019est de ne pas l\u2019avoir fait jouer \u00e0 Londres, o\u00f9 j\u2019ai \u00e9t\u00e9 tr\u00e8s critiqu\u00e9. C\u2019est ma meilleure d\u00e9cision de l\u2019ann\u00e9e. Le reste, c\u2019est lui qui l\u2019a fait tout seul. En revanche, l\u2019\u00e9v\u00e9nement londonien a \u00e9t\u00e9 tr\u00e8s important.\u00a0\u00bb<\/p>\n<p><b>Verdict au 30 mai 2025 :<\/b> Le bonhomme se permet m\u00eame de nous faire remarquer ses dons de vision. On ne peut que s\u2019incliner.<\/p>\n<p><b><strong>\u2192 <\/strong>11 mars 2025, au soir de la victoire folle \u00e0 Liverpool :<\/b> \u00ab\u00a0Tout ce qui peut arriver de positif autour de l\u2019\u00e9quipe me para\u00eet merveilleux. On ne changera pas notre mentalit\u00e9, nos intentions. Notre objectif est d\u2019\u00eatre en position de gagner cette comp\u00e9tition. On sait combien il est difficile de la gagner, mais c\u2019est \u00e9vident que \u00e7a nous renforce.\u00a0\u00bb<\/p>\n<p><b>Verdict au 30 mai 2025 :<\/b> Ne jamais se renier. Jamais, vous entendez ?<\/p>\n<p><b><strong>\u2192 <\/strong>9 mai 2025, apr\u00e8s la qualification en finale de Ligue des champions :<\/b> \u00ab\u00a0On est tous pr\u00eats pour marquer l\u2019histoire. S\u2019il y a une \u00e9quipe qui m\u00e9rite de gagner la C1, c\u2019est bien le PSG.\u00a0\u00bb<\/p>\n<p><b>21 mai 2025 :<\/b> \u00ab\u00a0Ce sera l\u2019une des meilleures finales de Ligue des champions de ces derni\u00e8res ann\u00e9es.\u00a0\u00bb<\/p>\n<p><b>Verdict au 30 mai 2025 :<\/b> Wait and see\u2026<\/p>\n<p>\t\t\t\t\t\t\t\t\t\t<a class=\"lien-connexe\" href=\"https:\/\/www.sofoot.com\/articles\/que-sont-devenus-les-joueurs-du-psg-finalistes-de-la-ligue-des-champions-en-2020\" rel=\"nofollow noopener\" target=\"_blank\">Copains d\u2019avant\u202f: PSG 2020 <\/a>\t\t\t\t\t<script async src=\"https:\/\/platform.twitter.com\/widgets.js\" charset=\"utf-8\"><\/script><\/p>\n","protected":false},"excerpt":{"rendered":"\u2192 5 juillet 2023, lors de sa conf\u00e9rence de presse de pr\u00e9sentation : \u00ab\u202fL\u2019identit\u00e9 offensive, c\u2019est non n\u00e9gociable.&hellip;\n","protected":false},"author":2,"featured_media":138622,"comment_status":"","ping_status":"","sticky":false,"template":"","format":"standard","meta":{"footnotes":""},"categories":[1410],"tags":[47,61,69,65,64,63,1011,27,68,66,62,70,67,60],"class_list":{"0":"post-138621","1":"post","2":"type-post","3":"status-publish","4":"format-standard","5":"has-post-thumbnail","7":"category-football","8":"tag-actualite","9":"tag-actus-football","10":"tag-bundesliga","11":"tag-championnats-europeens","12":"tag-equipe-de-france","13":"tag-football","14":"tag-fr","15":"tag-france","16":"tag-ligua","17":"tag-ligue-1","18":"tag-news-foot","19":"tag-premier-league","20":"tag-serie-a","21":"tag-sports"},"share_on_mastodon":{"url":"https:\/\/pubeurope.com\/@fr\/114595391456547257","error":""},"_links":{"self":[{"href":"https:\/\/www.europesays.com\/fr\/wp-json\/wp\/v2\/posts\/138621","targetHints":{"allow":["GET"]}}],"collection":[{"href":"https:\/\/www.europesays.com\/fr\/wp-json\/wp\/v2\/posts"}],"about":[{"href":"https:\/\/www.europesays.com\/fr\/wp-json\/wp\/v2\/types\/post"}],"author":[{"embeddable":true,"href":"https:\/\/www.europesays.com\/fr\/wp-json\/wp\/v2\/users\/2"}],"replies":[{"embeddable":true,"href":"https:\/\/www.europesays.com\/fr\/wp-json\/wp\/v2\/comments?post=138621"}],"version-history":[{"count":0,"href":"https:\/\/www.europesays.com\/fr\/wp-json\/wp\/v2\/posts\/138621\/revisions"}],"wp:featuredmedia":[{"embeddable":true,"href":"https:\/\/www.europesays.com\/fr\/wp-json\/wp\/v2\/media\/138622"}],"wp:attachment":[{"href":"https:\/\/www.europesays.com\/fr\/wp-json\/wp\/v2\/media?parent=138621"}],"wp:term":[{"taxonomy":"category","embeddable":true,"href":"https:\/\/www.europesays.com\/fr\/wp-json\/wp\/v2\/categories?post=138621"},{"taxonomy":"post_tag","embeddable":true,"href":"https:\/\/www.europesays.com\/fr\/wp-json\/wp\/v2\/tags?post=138621"}],"curies":[{"name":"wp","href":"https:\/\/api.w.org\/{rel}","templated":true}]}}