{"id":138624,"date":"2025-05-30T06:36:15","date_gmt":"2025-05-30T06:36:15","guid":{"rendered":"https:\/\/www.europesays.com\/fr\/138624\/"},"modified":"2025-05-30T06:36:15","modified_gmt":"2025-05-30T06:36:15","slug":"saint-julien-chapteuil-a-la-tasse-au-plafond-livres-et-lecteurs-prennent-le-temps-de-vivre","status":"publish","type":"post","link":"https:\/\/www.europesays.com\/fr\/138624\/","title":{"rendered":"Saint-Julien-Chapteuil. \u00c0 la Tasse au plafond, livres et lecteurs prennent le temps de vivre"},"content":{"rendered":"<p>Le nom sur la vitrine intrigue. La Tasse au plafond. Cela fait-il r\u00e9f\u00e9rence \u00e0 Lewis Caroll et son Alice au Pays des merveilles \u00a0? \u00ab\u00a0Vous n\u2019\u00eates pas la premi\u00e8re \u00e0 me le dire mais pas du tout\u00a0\u00bb, sourit Marie S\u00e9guier la propri\u00e9taire des lieux. \u00ab\u00a0C\u2019est beaucoup plus basique que cela. Je sais que cela n\u2019existe nulle part, donc il n\u2019y a pas de risque que dans quelque temps on me demande de changer le nom et puis j\u2019ai pu dessiner le logo dont j\u2019avais envie.\u00a0\u00bb<\/p>\n<p>Son commerce, elle l\u2019a pens\u00e9, r\u00e9fl\u00e9chi et port\u00e9. Mais avant de s\u2019installer au c\u0153ur du Meygal, Marie S\u00e9guier a eu plus d\u2019une vie, \u00ab\u00a0mais on revient toujours \u00e0 ses premiers amours\u00a0\u00bb.<\/p>\n<p>Une installation m\u00fbrement&#8230;                <\/p>\n","protected":false},"excerpt":{"rendered":"Le nom sur la vitrine intrigue. La Tasse au plafond. Cela fait-il r\u00e9f\u00e9rence \u00e0 Lewis Caroll et son&hellip;\n","protected":false},"author":2,"featured_media":138625,"comment_status":"","ping_status":"","sticky":false,"template":"","format":"standard","meta":{"footnotes":""},"categories":[1357],"tags":[1379,4406,1687,58,33,10446,59,1011,27,4002,1380,26505,26506],"class_list":{"0":"post-138624","1":"post","2":"type-post","3":"status-publish","4":"format-standard","5":"has-post-thumbnail","7":"category-livres","8":"tag-books","9":"tag-commerce-et-services","10":"tag-culture-loisirs","11":"tag-divertissement","12":"tag-economie","13":"tag-edition-haute-loire","14":"tag-entertainment","15":"tag-fr","16":"tag-france","17":"tag-haute-loire","18":"tag-livres","19":"tag-saint-julien-chapteuil","20":"tag-saint-julien-chapteuil-bassin"},"share_on_mastodon":{"url":"https:\/\/pubeurope.com\/@fr\/114595403390986857","error":""},"_links":{"self":[{"href":"https:\/\/www.europesays.com\/fr\/wp-json\/wp\/v2\/posts\/138624","targetHints":{"allow":["GET"]}}],"collection":[{"href":"https:\/\/www.europesays.com\/fr\/wp-json\/wp\/v2\/posts"}],"about":[{"href":"https:\/\/www.europesays.com\/fr\/wp-json\/wp\/v2\/types\/post"}],"author":[{"embeddable":true,"href":"https:\/\/www.europesays.com\/fr\/wp-json\/wp\/v2\/users\/2"}],"replies":[{"embeddable":true,"href":"https:\/\/www.europesays.com\/fr\/wp-json\/wp\/v2\/comments?post=138624"}],"version-history":[{"count":0,"href":"https:\/\/www.europesays.com\/fr\/wp-json\/wp\/v2\/posts\/138624\/revisions"}],"wp:featuredmedia":[{"embeddable":true,"href":"https:\/\/www.europesays.com\/fr\/wp-json\/wp\/v2\/media\/138625"}],"wp:attachment":[{"href":"https:\/\/www.europesays.com\/fr\/wp-json\/wp\/v2\/media?parent=138624"}],"wp:term":[{"taxonomy":"category","embeddable":true,"href":"https:\/\/www.europesays.com\/fr\/wp-json\/wp\/v2\/categories?post=138624"},{"taxonomy":"post_tag","embeddable":true,"href":"https:\/\/www.europesays.com\/fr\/wp-json\/wp\/v2\/tags?post=138624"}],"curies":[{"name":"wp","href":"https:\/\/api.w.org\/{rel}","templated":true}]}}