{"id":138626,"date":"2025-05-30T06:37:09","date_gmt":"2025-05-30T06:37:09","guid":{"rendered":"https:\/\/www.europesays.com\/fr\/138626\/"},"modified":"2025-05-30T06:37:09","modified_gmt":"2025-05-30T06:37:09","slug":"les-feux-de-lamour-resume-de-lepisode-du-29-mai-2025-tf1-resume-et-reactions","status":"publish","type":"post","link":"https:\/\/www.europesays.com\/fr\/138626\/","title":{"rendered":"Les Feux de l&rsquo;Amour: R\u00e9sum\u00e9 de l&rsquo;\u00e9pisode du 29 mai 2025 (Tf1) | R\u00e9sum\u00e9 et r\u00e9actions"},"content":{"rendered":"<p><a href=\"https:\/\/www.soap-passion.com\/les-feux-de-l-amour\/personnage\/2-nikki.html\" target=\"_blank\" rel=\"noopener\">Nikki<\/a> et <a href=\"https:\/\/www.soap-passion.com\/les-feux-de-l-amour\/personnage\/66-phyllis.html\" target=\"_blank\" rel=\"noopener\">Phyllis<\/a> sont avec <a href=\"https:\/\/www.soap-passion.com\/les-feux-de-l-amour\/personnage\/31-ashley.html\" target=\"_blank\" rel=\"noopener\">Ashley<\/a> \u00e0 la R\u00e9sidence Abbott. Celle-ci annonce qu&rsquo;\u00eatre amie avec <a href=\"https:\/\/www.soap-passion.com\/les-feux-de-l-amour\/personnage\/869-tucker.html\" target=\"_blank\" rel=\"noopener\">Tucker<\/a> \u00e9tait une bonne id\u00e9e. Il lui a dit que <a href=\"https:\/\/www.soap-passion.com\/les-feux-de-l-amour\/personnage\/55-diane.html\" target=\"_blank\" rel=\"noopener\">Diane<\/a> avait des activit\u00e9s ill\u00e9gales \u00e0 Los Angeles, avec Jeremy <a href=\"https:\/\/www.soap-passion.com\/les-feux-de-l-amour\/personnage\/1984-stark.html\" target=\"_blank\" rel=\"noopener\">Stark<\/a>, un escroc actuellement dans une prison f\u00e9d\u00e9rale qui devrait \u00eatre lib\u00e9r\u00e9 tr\u00e8s prochainement.<\/p>\n<p>Dans le hall de Jabot, <a href=\"https:\/\/www.soap-passion.com\/les-feux-de-l-amour\/personnage\/55-diane.html\" target=\"_blank\" rel=\"noopener\">Diane<\/a> lit un article du Chronicle sur cette lib\u00e9ration quand <a href=\"https:\/\/www.soap-passion.com\/les-feux-de-l-amour\/personnage\/155-kyle.html\" target=\"_blank\" rel=\"noopener\">Kyle<\/a> arrive. Elle semble pr\u00e9occup\u00e9e\u2026 <a href=\"https:\/\/www.soap-passion.com\/les-feux-de-l-amour\/personnage\/55-diane.html\" target=\"_blank\" rel=\"noopener\">Diane<\/a> voudrait lui parler en priv\u00e9.<\/p>\n<p><a href=\"https:\/\/www.soap-passion.com\/les-feux-de-l-amour\/personnage\/562-summer.html\" target=\"_blank\" rel=\"noopener\">Summer<\/a> entre au Society et salue <a href=\"https:\/\/www.soap-passion.com\/les-feux-de-l-amour\/personnage\/33-jack.html\" target=\"_blank\" rel=\"noopener\">Jack<\/a>. Il lui propose de d\u00e9jeuner ensemble, ce qu&rsquo;elle accepte. Il la f\u00e9licite pour son travail chez Marchetti et est ravi que <a href=\"https:\/\/www.soap-passion.com\/les-feux-de-l-amour\/personnage\/155-kyle.html\" target=\"_blank\" rel=\"noopener\">Kyle<\/a> et elle forment une \u00e9quipe parfaite. <a href=\"https:\/\/www.soap-passion.com\/les-feux-de-l-amour\/personnage\/562-summer.html\" target=\"_blank\" rel=\"noopener\">Summer<\/a> note qu&rsquo;il y a peu de sujets sur lesquels ils ne sont pas d&rsquo;accord. <a href=\"https:\/\/www.soap-passion.com\/les-feux-de-l-amour\/personnage\/33-jack.html\" target=\"_blank\" rel=\"noopener\">Jack<\/a> se doute que <a href=\"https:\/\/www.soap-passion.com\/les-feux-de-l-amour\/personnage\/55-diane.html\" target=\"_blank\" rel=\"noopener\">Diane<\/a> est l&rsquo;un d&rsquo;entre eux. <a href=\"https:\/\/www.soap-passion.com\/les-feux-de-l-amour\/personnage\/562-summer.html\" target=\"_blank\" rel=\"noopener\">Summer<\/a> demande \u00e0 &#8230;<\/p>\n<p>    R\u00e9serv\u00e9 aux abonn\u00e9s !<br \/>\n    &#8230; Il vous reste 93% de ce texte \u00e0 lire.<br \/>\n    <br \/>Soutenez Soap-Passion,  <a href=\"https:\/\/www.soap-passion.com\/login\" target=\"_blank\" rel=\"noopener\">abonnez-vous<\/a> pour lire la suite !<\/p>\n<p class=\"text-center fst-italic m-5 pb-5\">Ne ratez pas le prochain \u00e9pisode des Feux de l&rsquo;Amour en France, diffus\u00e9 sur la cha\u00eene TF1 \u00e0 11:00<\/p>\n<p>\u00a9 Soap-Passion.com &#8211; Reproduction compl\u00e8te ou partielle interdite <\/p>\n","protected":false},"excerpt":{"rendered":"Nikki et Phyllis sont avec Ashley \u00e0 la R\u00e9sidence Abbott. Celle-ci annonce qu&rsquo;\u00eatre amie avec Tucker \u00e9tait une&hellip;\n","protected":false},"author":2,"featured_media":138627,"comment_status":"","ping_status":"","sticky":false,"template":"","format":"standard","meta":{"footnotes":""},"categories":[1356],"tags":[58,59,1011,27,1375,252,1364],"class_list":{"0":"post-138626","1":"post","2":"type-post","3":"status-publish","4":"format-standard","5":"has-post-thumbnail","7":"category-television","8":"tag-divertissement","9":"tag-entertainment","10":"tag-fr","11":"tag-france","12":"tag-les-feux-de-l","13":"tag-television","14":"tag-tv"},"share_on_mastodon":{"url":"https:\/\/pubeurope.com\/@fr\/114595407082797878","error":""},"_links":{"self":[{"href":"https:\/\/www.europesays.com\/fr\/wp-json\/wp\/v2\/posts\/138626","targetHints":{"allow":["GET"]}}],"collection":[{"href":"https:\/\/www.europesays.com\/fr\/wp-json\/wp\/v2\/posts"}],"about":[{"href":"https:\/\/www.europesays.com\/fr\/wp-json\/wp\/v2\/types\/post"}],"author":[{"embeddable":true,"href":"https:\/\/www.europesays.com\/fr\/wp-json\/wp\/v2\/users\/2"}],"replies":[{"embeddable":true,"href":"https:\/\/www.europesays.com\/fr\/wp-json\/wp\/v2\/comments?post=138626"}],"version-history":[{"count":0,"href":"https:\/\/www.europesays.com\/fr\/wp-json\/wp\/v2\/posts\/138626\/revisions"}],"wp:featuredmedia":[{"embeddable":true,"href":"https:\/\/www.europesays.com\/fr\/wp-json\/wp\/v2\/media\/138627"}],"wp:attachment":[{"href":"https:\/\/www.europesays.com\/fr\/wp-json\/wp\/v2\/media?parent=138626"}],"wp:term":[{"taxonomy":"category","embeddable":true,"href":"https:\/\/www.europesays.com\/fr\/wp-json\/wp\/v2\/categories?post=138626"},{"taxonomy":"post_tag","embeddable":true,"href":"https:\/\/www.europesays.com\/fr\/wp-json\/wp\/v2\/tags?post=138626"}],"curies":[{"name":"wp","href":"https:\/\/api.w.org\/{rel}","templated":true}]}}