{"id":138634,"date":"2025-05-30T06:42:10","date_gmt":"2025-05-30T06:42:10","guid":{"rendered":"https:\/\/www.europesays.com\/fr\/138634\/"},"modified":"2025-05-30T06:42:10","modified_gmt":"2025-05-30T06:42:10","slug":"anne-sophie-lapix-regale-les-telespectateurs-de-france-2-avec-un-jt-de-20h-en-chanson","status":"publish","type":"post","link":"https:\/\/www.europesays.com\/fr\/138634\/","title":{"rendered":"Anne-Sophie Lapix r\u00e9gale les t\u00e9l\u00e9spectateurs de France 2 avec un JT de 20h en chanson"},"content":{"rendered":"<p>        <img decoding=\"async\" loading=\"lazy\" src=\"https:\/\/www.europesays.com\/fr\/wp-content\/uploads\/2025\/05\/894e36f_sirius-fs-upload-1-6il4aanhupro-1748558950138-capture-da-a-cran-2025-05-30-004859.png\"  width=\"728\" height=\"410\" alt=\"Anne-Sophie Lapix a r\u00e9gal\u00e9 les t\u00e9l\u00e9spectateurs de France 2\u00a0avec un JT de 20h en chanson, ce jeudi 29\u00a0mai.\"\/>  <\/p>\n<p>France 2<\/p>\n<p>Anne-Sophie Lapix a r\u00e9gal\u00e9 les t\u00e9l\u00e9spectateurs de France 2\u00a0avec un JT de 20h en chanson, ce jeudi 29\u00a0mai.<\/p>\n<p class=\"asset asset-text\">T\u00c9L\u00c9VISION &#8211; Apr\u00e8s cette prestation, certains la verraient bien chez Nagui, dans N\u2019oubliez pas les paroles. La pr\u00e9sentatrice<a href=\"https:\/\/www.huffingtonpost.fr\/divertissement\/article\/anne-sophie-lapix-n-a-pas-pu-retenir-son-fou-rire-sur-france-2-en-faisant-cette-transition-au-jt_242201.html\" target=\"_blank\" rel=\"noopener\"> Anne-Sophie Lapix<\/a>, dont le d\u00e9part du JT de 20\u00a0h de France 2\u00a0a \u00e9t\u00e9 officialis\u00e9 mercredi par <a href=\"https:\/\/www.huffingtonpost.fr\/medias\/article\/delphine-ernotte-reconduite-a-la-tete-de-france-televisions-pour-cinq-ans_250028.html\" target=\"_blank\" rel=\"noopener\">France T\u00e9l\u00e9visions<\/a> pour la mi-juillet, a offert ce jeudi 29\u00a0mai un moment d\u2019anthologie aux t\u00e9l\u00e9spectateurs.<\/p>\n<p class=\"asset asset-text\">Celle qui est en charge de la pr\u00e9sentation du journal du soir de la Deux depuis 2017\u00a0a lanc\u00e9 une grande partie de ses sujets en poussant la chansonnette, piochant dans le riche r\u00e9pertoire de la chanson fran\u00e7aise.<\/p>\n<p class=\"asset asset-text\">Anne-Sophie Lapix a notamment interpr\u00e9t\u00e9 un extrait de la chanson de l\u2019ours Balou dans Le Livre de la jungle, dessin anim\u00e9 incontournable des studios Disney. Et aussi quelques notes de La Java\u00a0de Michel Sardou, La Grenade\u00a0de Clara Luciani, ou encore J\u2019me voyais d\u00e9j\u00e0\u00a0de Charles Aznavour. Et c\u2019\u00e9tait tout \u00e0 fait juste\u00a0!<\/p>\n<p> La lecture de ce contenu est susceptible d\u2019entra\u00eener un d\u00e9p\u00f4t de cookies de la part de l\u2019op\u00e9rateur tiers qui l\u2019h\u00e9berge. Compte-tenu des choix que vous avez exprim\u00e9s en mati\u00e8re de d\u00e9p\u00f4t de cookies, nous avons bloqu\u00e9 l\u2019affichage de ce contenu. Si vous souhaitez y acc\u00e9der, vous devez accepter la cat\u00e9gorie de cookies \u201cContenus tiers\u201d en cliquant sur le bouton ci-dessous. <\/p>\n<p> Lire la Vid\u00e9o        <\/p>\n<p class=\"asset asset-text\">Sa bonne humeur a \u00e9t\u00e9 contagieuse, comme l\u2019attestent les nombreux commentaires enchant\u00e9s sur les r\u00e9seaux sociaux. Les utilisateurs de X (ex-Twitter) ont soulign\u00e9 un moment \u00ab\u00a0qui fait du bien\u00a0\u00bb, dans une actualit\u00e9 lourde, notamment avec la guerre en Ukraine et celle \u00e0 Gaza.<\/p>\n<p> La lecture de ce contenu est susceptible d\u2019entra\u00eener un d\u00e9p\u00f4t de cookies de la part de l\u2019op\u00e9rateur tiers qui l\u2019h\u00e9berge. Compte-tenu des choix que vous avez exprim\u00e9s en mati\u00e8re de d\u00e9p\u00f4t de cookies, nous avons bloqu\u00e9 l\u2019affichage de ce contenu. Si vous souhaitez y acc\u00e9der, vous devez accepter la cat\u00e9gorie de cookies \u201cContenus tiers\u201d en cliquant sur le bouton ci-dessous. <\/p>\n<p> Lire la Vid\u00e9o        <\/p>\n<p class=\"asset asset-text\">Alors que la journaliste a termin\u00e9 son journal par la chanson Voil\u00e0 c\u2019est fini de Jean-Louis Aubert, certains internautes ont aussi not\u00e9 de \u00ab\u00a0l\u2019autod\u00e9rision\u00a0\u00bb de la part de celle qui va quitter tr\u00e8s prochainement la pr\u00e9sentation.<\/p>\n<p class=\"asset asset-text\">\u00c0 l\u2019initiative de ce d\u00e9part, la direction du groupe public qui \u00ab\u00a0souhaite pouvoir compter \u00e0 la rentr\u00e9e sur le talent d\u2019Anne-Sophie\u00a0Lapix\u00a0et travaille avec elle sur de nouveaux projets au sein de France T\u00e9l\u00e9visions\u00a0\u00bb, a-t-elle expliqu\u00e9 mardi. Le nom de la personne qui lui succ\u00e9dera n\u2019a pas encore \u00e9t\u00e9 d\u00e9voil\u00e9. On esp\u00e8re que le ou la prochaine t\u00eate d\u2019affiche de la Deux poss\u00e9dera le m\u00eame don pour le chant\u00a0!<\/p>\n","protected":false},"excerpt":{"rendered":"France 2 Anne-Sophie Lapix a r\u00e9gal\u00e9 les t\u00e9l\u00e9spectateurs de France 2\u00a0avec un JT de 20h en chanson, ce&hellip;\n","protected":false},"author":2,"featured_media":138635,"comment_status":"","ping_status":"","sticky":false,"template":"","format":"standard","meta":{"footnotes":""},"categories":[8],"tags":[21313,251,58,59,1011,27,2400,594,26507,500,252],"class_list":{"0":"post-138634","1":"post","2":"type-post","3":"status-publish","4":"format-standard","5":"has-post-thumbnail","7":"category-divertissement","8":"tag-anne-sophie-lapix","9":"tag-culture","10":"tag-divertissement","11":"tag-entertainment","12":"tag-fr","13":"tag-france","14":"tag-france-televisions","15":"tag-france-2","16":"tag-jt-france-2","17":"tag-medias","18":"tag-television"},"share_on_mastodon":{"url":"https:\/\/pubeurope.com\/@fr\/114595426869195845","error":""},"_links":{"self":[{"href":"https:\/\/www.europesays.com\/fr\/wp-json\/wp\/v2\/posts\/138634","targetHints":{"allow":["GET"]}}],"collection":[{"href":"https:\/\/www.europesays.com\/fr\/wp-json\/wp\/v2\/posts"}],"about":[{"href":"https:\/\/www.europesays.com\/fr\/wp-json\/wp\/v2\/types\/post"}],"author":[{"embeddable":true,"href":"https:\/\/www.europesays.com\/fr\/wp-json\/wp\/v2\/users\/2"}],"replies":[{"embeddable":true,"href":"https:\/\/www.europesays.com\/fr\/wp-json\/wp\/v2\/comments?post=138634"}],"version-history":[{"count":0,"href":"https:\/\/www.europesays.com\/fr\/wp-json\/wp\/v2\/posts\/138634\/revisions"}],"wp:featuredmedia":[{"embeddable":true,"href":"https:\/\/www.europesays.com\/fr\/wp-json\/wp\/v2\/media\/138635"}],"wp:attachment":[{"href":"https:\/\/www.europesays.com\/fr\/wp-json\/wp\/v2\/media?parent=138634"}],"wp:term":[{"taxonomy":"category","embeddable":true,"href":"https:\/\/www.europesays.com\/fr\/wp-json\/wp\/v2\/categories?post=138634"},{"taxonomy":"post_tag","embeddable":true,"href":"https:\/\/www.europesays.com\/fr\/wp-json\/wp\/v2\/tags?post=138634"}],"curies":[{"name":"wp","href":"https:\/\/api.w.org\/{rel}","templated":true}]}}