{"id":138640,"date":"2025-05-30T06:45:09","date_gmt":"2025-05-30T06:45:09","guid":{"rendered":"https:\/\/www.europesays.com\/fr\/138640\/"},"modified":"2025-05-30T06:45:09","modified_gmt":"2025-05-30T06:45:09","slug":"la-veuve-de-shinzo-abe-rencontre-poutine-apres-trump","status":"publish","type":"post","link":"https:\/\/www.europesays.com\/fr\/138640\/","title":{"rendered":"la veuve de Shinzo Abe rencontre Poutine apr\u00e8s Trump"},"content":{"rendered":"<p class=\"fig-paragraph\">Akie Abe s\u2019est rendue \u00e0 Moscou. Le pr\u00e9sident russe\u00a0<a href=\"http:\/\/www.lefigaro.fr\/international\/vladimir-poutine-menace-d-etrangler-les-entreprises-occidentales-qui-restent-en-russie-20250526\" target=\"_blank\" data-fig-type=\"NewsFlash\" rel=\"noopener\" data-gtm-custom-categorie=\"navigation\" data-gtm-custom-action=\"crossclick\" data-gtm-custom-label=\"Contextuel\" data-gtm-event=\"customEventSPE\" data-fig-domain=\"LEFIGARO\">Vladimir Poutine<\/a>\u00a0a re\u00e7u ce vendredi la veuve de l&rsquo;ancien premier ministre japonais assassin\u00e9, Shinzo Abe, a annonc\u00e9 jeudi le Kremlin, cinq mois apr\u00e8s une rencontre similaire avec Donald Trump \u00e0 Mar-a-Lago. Tokyo, dont les relations avec Moscou sont tendues, a d\u00e9clar\u00e9 vendredi ne pas avoir \u00e9t\u00e9 inform\u00e9 de cette visite de Mme Abe, qui s&rsquo;est rendue en Russie \u00e0 titre priv\u00e9, sans mandat officiel.<\/p>\n<p class=\"fig-paragraph\">Vladimir Poutine a affirm\u00e9 que conclure \u00abun trait\u00e9 de paix entre nos nations\u00bb avait \u00e9t\u00e9 le \u00abr\u00eave\u00bb de<a href=\"http:\/\/www.lefigaro.fr\/international\/japon-le-suspect-de-l-assassinat-de-shinzo-abe-inculpe-20230113\" target=\"_blank\" data-fig-type=\"NewsFlash\" rel=\"noopener\" data-gtm-custom-categorie=\"navigation\" data-gtm-custom-action=\"crossclick\" data-gtm-custom-label=\"Contextuel\" data-gtm-event=\"customEventSPE\" data-fig-domain=\"LEFIGARO\">\u00a0Shinzo Abe<\/a>, selon un communiqu\u00e9 publi\u00e9 en anglais jeudi par le Kremlin. \u00abLa situation actuelle est diff\u00e9rente (&#8230;) nous n&rsquo;aborderons pas cet aspect aujourd&rsquo;hui\u00bb, a ajout\u00e9 le pr\u00e9sident russe, offrant des fleurs \u00e0 Akie Abe et lui mettant \u00e0 sa disposition sa limousine pr\u00e9sidentielle pour se rendre \u00e0 un ballet au th\u00e9\u00e2tre Bolcho\u00ef, selon les m\u00e9dias russes.<\/p>\n<p class=\"fig-paragraph\">Si Vladimir Poutine s&rsquo;\u00e9tait rendu en 2016 dans le d\u00e9partement de Yamaguchi, d&rsquo;o\u00f9 est originaire Shinzo Abe, les relations entre le Japon et la Russie se sont nettement d\u00e9grad\u00e9es depuis l&rsquo;invasion de l&rsquo;Ukraine en 2022. Akie Abe, qui avait \u00e9galement rencontr\u00e9 le premier ministre indien Narendra Modi en septembre, a rappel\u00e9 que son mari avait rencontr\u00e9 Poutine pas moins de 27 fois.<\/p>\n<p class=\"fig-paragraph\">Akie Abe \u00e9tait devenue une figure publique au fil des mandats de son \u00e9poux comme chef du gouvernement, de 2006 \u00e0 2007 puis de 2012 \u00e0 2020. Premier ministre japonais le plus longtemps en poste, son mari s&rsquo;\u00e9tait impos\u00e9 comme l&rsquo;un des visages les plus embl\u00e9matiques de la sc\u00e8ne politique nippone, notamment gr\u00e2ce \u00e0 ses alliances internationales.<\/p>\n<p class=\"fig-paragraph\">Au moment de\u00a0<a href=\"http:\/\/www.lefigaro.fr\/international\/assassinat-de-shinzo-abe-que-sait-on-de-l-homme-qui-a-tire-sur-l-ancien-premier-ministre-japonais-20220709\" target=\"_blank\" data-fig-type=\"Article\" rel=\"noopener\" data-gtm-custom-categorie=\"navigation\" data-gtm-custom-action=\"crossclick\" data-gtm-custom-label=\"Contextuel\" data-gtm-event=\"customEventSPE\" data-fig-domain=\"LEFIGARO\">son assassinat le 8 juillet 2022,<\/a>\u00a0en pleine r\u00e9union \u00e9lectorale, le pr\u00e9sident russe avait adress\u00e9 ses condol\u00e9ances \u00e0 la m\u00e8re et \u00e0 la veuve d&rsquo;Abe, \u00e9voquant \u00abde beaux souvenirs de cet homme remarquable\u00bb. Shinzo Abe entretenait \u00e9galement des liens \u00e9troits avec Donald Trump lors du premier mandat de ce dernier. Et mi-d\u00e9cembre, Donald Trump, nouvellement \u00e9lu, avait invit\u00e9 Mme Abe lors d&rsquo;un d\u00eener priv\u00e9 avec Melania Trump dans leur r\u00e9sidence en Floride.<\/p>\n","protected":false},"excerpt":{"rendered":"Akie Abe s\u2019est rendue \u00e0 Moscou. Le pr\u00e9sident russe\u00a0Vladimir Poutine\u00a0a re\u00e7u ce vendredi la veuve de l&rsquo;ancien premier&hellip;\n","protected":false},"author":2,"featured_media":138641,"comment_status":"","ping_status":"","sticky":false,"template":"","format":"standard","meta":{"footnotes":""},"categories":[5],"tags":[1111,47,11,1109,1112,118,1108,107,1106,1107,1011,27,1110,1114,14,2070,12,1113,316,26508,135,28],"class_list":{"0":"post-138640","1":"post","2":"type-post","3":"status-publish","4":"format-standard","5":"has-post-thumbnail","7":"category-international","8":"tag-actu","9":"tag-actualite","10":"tag-actualites","11":"tag-breves","12":"tag-depeches","13":"tag-faits-divers","14":"tag-fil","15":"tag-fil-info","16":"tag-flash","17":"tag-flash-actu","18":"tag-fr","19":"tag-france","20":"tag-informations","21":"tag-infos","22":"tag-international","23":"tag-japon","24":"tag-news","25":"tag-nouvelles","26":"tag-politique","27":"tag-shinzo-abe","28":"tag-vladimir-poutine","29":"tag-world"},"share_on_mastodon":{"url":"https:\/\/pubeurope.com\/@fr\/114595438501094749","error":""},"_links":{"self":[{"href":"https:\/\/www.europesays.com\/fr\/wp-json\/wp\/v2\/posts\/138640","targetHints":{"allow":["GET"]}}],"collection":[{"href":"https:\/\/www.europesays.com\/fr\/wp-json\/wp\/v2\/posts"}],"about":[{"href":"https:\/\/www.europesays.com\/fr\/wp-json\/wp\/v2\/types\/post"}],"author":[{"embeddable":true,"href":"https:\/\/www.europesays.com\/fr\/wp-json\/wp\/v2\/users\/2"}],"replies":[{"embeddable":true,"href":"https:\/\/www.europesays.com\/fr\/wp-json\/wp\/v2\/comments?post=138640"}],"version-history":[{"count":0,"href":"https:\/\/www.europesays.com\/fr\/wp-json\/wp\/v2\/posts\/138640\/revisions"}],"wp:featuredmedia":[{"embeddable":true,"href":"https:\/\/www.europesays.com\/fr\/wp-json\/wp\/v2\/media\/138641"}],"wp:attachment":[{"href":"https:\/\/www.europesays.com\/fr\/wp-json\/wp\/v2\/media?parent=138640"}],"wp:term":[{"taxonomy":"category","embeddable":true,"href":"https:\/\/www.europesays.com\/fr\/wp-json\/wp\/v2\/categories?post=138640"},{"taxonomy":"post_tag","embeddable":true,"href":"https:\/\/www.europesays.com\/fr\/wp-json\/wp\/v2\/tags?post=138640"}],"curies":[{"name":"wp","href":"https:\/\/api.w.org\/{rel}","templated":true}]}}