{"id":138645,"date":"2025-05-30T06:48:11","date_gmt":"2025-05-30T06:48:11","guid":{"rendered":"https:\/\/www.europesays.com\/fr\/138645\/"},"modified":"2025-05-30T06:48:11","modified_gmt":"2025-05-30T06:48:11","slug":"firminy-dans-les-jardins-familiaux-on-vient-jardiner-mais-aussi-se-reposer","status":"publish","type":"post","link":"https:\/\/www.europesays.com\/fr\/138645\/","title":{"rendered":"Firminy. Dans les jardins familiaux, on vient jardiner mais aussi se reposer"},"content":{"rendered":"<p>Depuis mi-avril, les jardiniers ont commenc\u00e9 \u00e0 tourner la terre, enlever les mauvaises herbes et \u00e0 planter leurs l\u00e9gumes, salades, poivrons, carottes, haricots et autres. C\u2019est une p\u00e9riode de grande activit\u00e9 sur les parcelles.<\/p>\n<p>\u00ab\u00a0Cette ann\u00e9e, on a eu de la pluie et des orages, raconte une jardini\u00e8re, mais c\u00f4t\u00e9 saints de glace, on n\u2019a rien eu. Certaines ann\u00e9es \u00e7a se passe moins bien mais on \u00e9vite de planter avant qu\u2019ils soient pass\u00e9s. \u00bb<\/p>\n<p>\u00ab\u00a0Parfois, je viens pour ne rien faire\u00a0\u00bb<\/p>\n<p>En revanche, les jardiniers ont \u00e0 faire face aux limaces et escargots, \u00ab\u00a0c\u2019est une invasion, il y en a de partout et on a m\u00eame quelques grenouilles\u00a0\u00bb. Le temps humide a au moins un avantage, il est inutile d\u2019arroser.<\/p>\n<p>Mais le jardinage, pour tous ceux qui ont lou\u00e9 une parcelle,&#8230;<\/p>\n","protected":false},"excerpt":{"rendered":"Depuis mi-avril, les jardiniers ont commenc\u00e9 \u00e0 tourner la terre, enlever les mauvaises herbes et \u00e0 planter leurs&hellip;\n","protected":false},"author":2,"featured_media":138646,"comment_status":"","ping_status":"","sticky":false,"template":"","format":"standard","meta":{"footnotes":""},"categories":[9653],"tags":[1111,11,2430,7539,436,1777,674,10282,10283,1011,27,12,25,4001],"class_list":{"0":"post-138645","1":"post","2":"type-post","3":"status-publish","4":"format-standard","5":"has-post-thumbnail","7":"category-saint-etienne","8":"tag-actu","9":"tag-actualites","10":"tag-auvergne-rhone-alpes","11":"tag-edition-loire-sud","12":"tag-environnement","13":"tag-eu","14":"tag-europe","15":"tag-firminy","16":"tag-firminy-ville","17":"tag-fr","18":"tag-france","19":"tag-news","20":"tag-republique-francaise","21":"tag-saint-etienne"},"share_on_mastodon":{"url":"https:\/\/pubeurope.com\/@fr\/114595450288920769","error":""},"_links":{"self":[{"href":"https:\/\/www.europesays.com\/fr\/wp-json\/wp\/v2\/posts\/138645","targetHints":{"allow":["GET"]}}],"collection":[{"href":"https:\/\/www.europesays.com\/fr\/wp-json\/wp\/v2\/posts"}],"about":[{"href":"https:\/\/www.europesays.com\/fr\/wp-json\/wp\/v2\/types\/post"}],"author":[{"embeddable":true,"href":"https:\/\/www.europesays.com\/fr\/wp-json\/wp\/v2\/users\/2"}],"replies":[{"embeddable":true,"href":"https:\/\/www.europesays.com\/fr\/wp-json\/wp\/v2\/comments?post=138645"}],"version-history":[{"count":0,"href":"https:\/\/www.europesays.com\/fr\/wp-json\/wp\/v2\/posts\/138645\/revisions"}],"wp:featuredmedia":[{"embeddable":true,"href":"https:\/\/www.europesays.com\/fr\/wp-json\/wp\/v2\/media\/138646"}],"wp:attachment":[{"href":"https:\/\/www.europesays.com\/fr\/wp-json\/wp\/v2\/media?parent=138645"}],"wp:term":[{"taxonomy":"category","embeddable":true,"href":"https:\/\/www.europesays.com\/fr\/wp-json\/wp\/v2\/categories?post=138645"},{"taxonomy":"post_tag","embeddable":true,"href":"https:\/\/www.europesays.com\/fr\/wp-json\/wp\/v2\/tags?post=138645"}],"curies":[{"name":"wp","href":"https:\/\/api.w.org\/{rel}","templated":true}]}}