{"id":138647,"date":"2025-05-30T06:49:27","date_gmt":"2025-05-30T06:49:27","guid":{"rendered":"https:\/\/www.europesays.com\/fr\/138647\/"},"modified":"2025-05-30T06:49:27","modified_gmt":"2025-05-30T06:49:27","slug":"football-owusu-bladi-cisse-aiki-quel-est-le-bilan-des-joueurs-pretes-par-lasse","status":"publish","type":"post","link":"https:\/\/www.europesays.com\/fr\/138647\/","title":{"rendered":"Football. Owusu, Bladi, Ciss\u00e9, Aiki\u2026\u00a0Quel est le bilan des joueurs pr\u00eat\u00e9s par l\u2019ASSE\u202f?"},"content":{"rendered":"<p>L\u2019ASSE esp\u00e9rait s\u00fbrement mieux. En trouvant une porte de sortie pour cinq joueurs de son effectif (six avec Mahmoud Bentayg, <a href=\"https:\/\/www.leprogres.fr\/sport\/2025\/03\/12\/bentayg-quitte-definitivement-l-asse\" target=\"_blank\" rel=\"noopener\">qui a officiellement sign\u00e9 \u00e0 Zamalek entre-temps<\/a>), le club st\u00e9phanois esp\u00e9rait voir ses jeunes pousses faire leurs armes ailleurs et s\u2019\u00e9duquer \u00e0 l\u2019exigence du haut niveau ailleurs.<\/p>\n<p>Une saison plus tard, le bilan est contrast\u00e9.<\/p>\n<p>Owusu et Bladi, titulaires indiscutables en N1<\/p>\n<p>Partis en National 1, Beres Owusu (21 ans) et Darling Bladi (20 ans) se sont \u00e9panouis du c\u00f4t\u00e9 de QRM (11e, 40 pts) et de Bourg-P\u00e9ronnas (5e, 46 pts). Titulaire \u00e0 Monaco lors du lever de rideau de la Ligue 1 avec l\u2019ASSE, le&#8230;<\/p>\n","protected":false},"excerpt":{"rendered":"L\u2019ASSE esp\u00e9rait s\u00fbrement mieux. En trouvant une porte de sortie pour cinq joueurs de son effectif (six avec&hellip;\n","protected":false},"author":2,"featured_media":138648,"comment_status":"","ping_status":"","sticky":false,"template":"","format":"standard","meta":{"footnotes":""},"categories":[9653],"tags":[1111,11,4000,2430,7539,1777,674,63,1011,27,3367,12,25,4001,7538,517],"class_list":{"0":"post-138647","1":"post","2":"type-post","3":"status-publish","4":"format-standard","5":"has-post-thumbnail","7":"category-saint-etienne","8":"tag-actu","9":"tag-actualites","10":"tag-asse-as-saint-etienne-football","11":"tag-auvergne-rhone-alpes","12":"tag-edition-loire-sud","13":"tag-eu","14":"tag-europe","15":"tag-football","16":"tag-fr","17":"tag-france","18":"tag-loire","19":"tag-news","20":"tag-republique-francaise","21":"tag-saint-etienne","22":"tag-saint-etienne-ville","23":"tag-sport"},"share_on_mastodon":{"url":"https:\/\/pubeurope.com\/@fr\/114595454206951398","error":""},"_links":{"self":[{"href":"https:\/\/www.europesays.com\/fr\/wp-json\/wp\/v2\/posts\/138647","targetHints":{"allow":["GET"]}}],"collection":[{"href":"https:\/\/www.europesays.com\/fr\/wp-json\/wp\/v2\/posts"}],"about":[{"href":"https:\/\/www.europesays.com\/fr\/wp-json\/wp\/v2\/types\/post"}],"author":[{"embeddable":true,"href":"https:\/\/www.europesays.com\/fr\/wp-json\/wp\/v2\/users\/2"}],"replies":[{"embeddable":true,"href":"https:\/\/www.europesays.com\/fr\/wp-json\/wp\/v2\/comments?post=138647"}],"version-history":[{"count":0,"href":"https:\/\/www.europesays.com\/fr\/wp-json\/wp\/v2\/posts\/138647\/revisions"}],"wp:featuredmedia":[{"embeddable":true,"href":"https:\/\/www.europesays.com\/fr\/wp-json\/wp\/v2\/media\/138648"}],"wp:attachment":[{"href":"https:\/\/www.europesays.com\/fr\/wp-json\/wp\/v2\/media?parent=138647"}],"wp:term":[{"taxonomy":"category","embeddable":true,"href":"https:\/\/www.europesays.com\/fr\/wp-json\/wp\/v2\/categories?post=138647"},{"taxonomy":"post_tag","embeddable":true,"href":"https:\/\/www.europesays.com\/fr\/wp-json\/wp\/v2\/tags?post=138647"}],"curies":[{"name":"wp","href":"https:\/\/api.w.org\/{rel}","templated":true}]}}