{"id":138653,"date":"2025-05-30T06:53:09","date_gmt":"2025-05-30T06:53:09","guid":{"rendered":"https:\/\/www.europesays.com\/fr\/138653\/"},"modified":"2025-05-30T06:53:09","modified_gmt":"2025-05-30T06:53:09","slug":"a-toulon-les-minots-dans-les-pas-de-leurs-aines-en-salle-du-conseil","status":"publish","type":"post","link":"https:\/\/www.europesays.com\/fr\/138653\/","title":{"rendered":"\u00c0 Toulon, les minots dans les pas de leurs a\u00een\u00e9s en salle du conseil"},"content":{"rendered":"\n<p>Les petits d\u00e9l\u00e9gu\u00e9s des centres de loisirs de la ville ont livr\u00e9 avec fiert\u00e9 mercredi apr\u00e8s-midi en salle du conseil municipal le fruit de la r\u00e9flexion collective men\u00e9e avec leurs camardes depuis leur \u00e9lection en septembre dernier dans le dispositif Paroles d\u2019enfants, port\u00e9 par la Ville depuis 2013.<\/p>\n<p>Ils ont en effet travaill\u00e9 sur un projet p\u00e9dagogique commun baptis\u00e9 \u00ab\u00a0BZZZ\u00a0\u00bb qui vise \u00e0 la sensibilisation \u00e0 la protection des insectes pollinisateurs.<\/p>\n<p>\u00ab\u00a0On a commenc\u00e9 par faire des empreintes en argile avec des mod\u00e8les\u00a0\u00bb, explique avec application Chlo\u00e9 du centre de loisirs de la Florane. \u00ab\u00a0Avec des fiches aussi\u00a0\u00bb, ajoute-t-elle en faisant lecture de celle consacr\u00e9e \u00e0 la mouche. Et un quiz, \u00e9galement.<\/p>\n<p>Et de poursuivre : \u00ab\u00a0On a tous r\u00e9fl\u00e9chi ensemble parce qu\u2019on s\u2019est sentis tous concern\u00e9s.\u00a0\u00bb<\/p>\n<p>\u00ab\u00a0Je voulais vous remercier pour votre participation \u00e0 ce dispositif Parole d\u2019Enfants.\u00a0\u00bb<\/p>\n<p>\u00ab\u00a0Quel que soit votre \u00e2ge, vous avez toujours quelque chose \u00e0 nous apprendre. Parce que vous \u00eates des citoyens et votre parole compte au m\u00eame titre que les adultes\u00a0\u00bb, leur a expliqu\u00e9 la maire de Toulon Jos\u00e9e Massi (SE).<\/p>\n<p>Apr\u00e8s les avoir remerci\u00e9s pour leur enthousiasme, leur cr\u00e9ativit\u00e9 et leur sinc\u00e9rit\u00e9, la 1\u00e8re\u00a0magistrate les a encourag\u00e9s \u00e0 continuer \u00e0 s\u2019exprimer, \u00e0 ne pas avoir peur de parler.<\/p>\n<p>Et de conclure\u00a0: \u00ab\u00a0Dites ce que vous pensez, imaginez. La ville de Toulon est tr\u00e8s fi\u00e8re de vous.\u00a0\u00bb<\/p>\n<p>Les minots sont repartis tout ragaillardis par l\u2019\u00e9coute attentive de leurs a\u00een\u00e9s, contents d\u2019avoir r\u00e9ussi \u00e0 mener \u00e0 bien collectivement un projet. Bravo, les petits\u00a0!<\/p>\n","protected":false},"excerpt":{"rendered":"Les petits d\u00e9l\u00e9gu\u00e9s des centres de loisirs de la ville ont livr\u00e9 avec fiert\u00e9 mercredi apr\u00e8s-midi en salle&hellip;\n","protected":false},"author":2,"featured_media":138654,"comment_status":"","ping_status":"","sticky":false,"template":"","format":"standard","meta":{"footnotes":""},"categories":[9619],"tags":[1111,11,1777,674,1011,27,12,4916,882,25,2310],"class_list":{"0":"post-138653","1":"post","2":"type-post","3":"status-publish","4":"format-standard","5":"has-post-thumbnail","7":"category-toulon","8":"tag-actu","9":"tag-actualites","10":"tag-eu","11":"tag-europe","12":"tag-fr","13":"tag-france","14":"tag-news","15":"tag-projets","16":"tag-provence-alpes-cote-dazur","17":"tag-republique-francaise","18":"tag-toulon"},"share_on_mastodon":{"url":"https:\/\/pubeurope.com\/@fr\/114595469958867447","error":""},"_links":{"self":[{"href":"https:\/\/www.europesays.com\/fr\/wp-json\/wp\/v2\/posts\/138653","targetHints":{"allow":["GET"]}}],"collection":[{"href":"https:\/\/www.europesays.com\/fr\/wp-json\/wp\/v2\/posts"}],"about":[{"href":"https:\/\/www.europesays.com\/fr\/wp-json\/wp\/v2\/types\/post"}],"author":[{"embeddable":true,"href":"https:\/\/www.europesays.com\/fr\/wp-json\/wp\/v2\/users\/2"}],"replies":[{"embeddable":true,"href":"https:\/\/www.europesays.com\/fr\/wp-json\/wp\/v2\/comments?post=138653"}],"version-history":[{"count":0,"href":"https:\/\/www.europesays.com\/fr\/wp-json\/wp\/v2\/posts\/138653\/revisions"}],"wp:featuredmedia":[{"embeddable":true,"href":"https:\/\/www.europesays.com\/fr\/wp-json\/wp\/v2\/media\/138654"}],"wp:attachment":[{"href":"https:\/\/www.europesays.com\/fr\/wp-json\/wp\/v2\/media?parent=138653"}],"wp:term":[{"taxonomy":"category","embeddable":true,"href":"https:\/\/www.europesays.com\/fr\/wp-json\/wp\/v2\/categories?post=138653"},{"taxonomy":"post_tag","embeddable":true,"href":"https:\/\/www.europesays.com\/fr\/wp-json\/wp\/v2\/tags?post=138653"}],"curies":[{"name":"wp","href":"https:\/\/api.w.org\/{rel}","templated":true}]}}