{"id":138663,"date":"2025-05-30T07:02:13","date_gmt":"2025-05-30T07:02:13","guid":{"rendered":"https:\/\/www.europesays.com\/fr\/138663\/"},"modified":"2025-05-30T07:02:13","modified_gmt":"2025-05-30T07:02:13","slug":"au-sud-de-rennes-deux-hommes-blesses-dans-un-accident-de-la-route","status":"publish","type":"post","link":"https:\/\/www.europesays.com\/fr\/138663\/","title":{"rendered":"Au sud de Rennes, deux hommes bless\u00e9s dans un accident de la route"},"content":{"rendered":"<p>Ce jeudi 29 mai, peu apr\u00e8s 21 h, les sapeurs-pompiers sont intervenus \u00e0 Janz\u00e9, au sud de Rennes, au niveau du lieu-dit La Griette, pour un accident de la circulation. Un seul v\u00e9hicule \u00e9tait impliqu\u00e9. Suite \u00e0 cette sortie de route, deux personnes ont \u00e9t\u00e9 bless\u00e9es, deux hommes \u00e2g\u00e9s de 35 et 30 ans, tous deux en urgence absolue. L\u2019un d\u2019entre eux a d\u00fb \u00eatre d\u00e9sincarc\u00e9r\u00e9. Ils ont \u00e9t\u00e9 transport\u00e9s \u00e0 l\u2019h\u00f4pital \u00e0 Rennes.<\/p>\n","protected":false},"excerpt":{"rendered":"Ce jeudi 29 mai, peu apr\u00e8s 21 h, les sapeurs-pompiers sont intervenus \u00e0 Janz\u00e9, au sud de Rennes,&hellip;\n","protected":false},"author":2,"featured_media":138664,"comment_status":"","ping_status":"","sticky":false,"template":"","format":"standard","meta":{"footnotes":""},"categories":[2821],"tags":[3085,1111,11,829,765,1777,674,1011,27,12,584,25],"class_list":{"0":"post-138663","1":"post","2":"type-post","3":"status-publish","4":"format-standard","5":"has-post-thumbnail","7":"category-rennes","8":"tag-accidents","9":"tag-actu","10":"tag-actualites","11":"tag-bretagne","12":"tag-en-continu","13":"tag-eu","14":"tag-europe","15":"tag-fr","16":"tag-france","17":"tag-news","18":"tag-rennes","19":"tag-republique-francaise"},"share_on_mastodon":{"url":"https:\/\/pubeurope.com\/@fr\/114595505352514864","error":""},"_links":{"self":[{"href":"https:\/\/www.europesays.com\/fr\/wp-json\/wp\/v2\/posts\/138663","targetHints":{"allow":["GET"]}}],"collection":[{"href":"https:\/\/www.europesays.com\/fr\/wp-json\/wp\/v2\/posts"}],"about":[{"href":"https:\/\/www.europesays.com\/fr\/wp-json\/wp\/v2\/types\/post"}],"author":[{"embeddable":true,"href":"https:\/\/www.europesays.com\/fr\/wp-json\/wp\/v2\/users\/2"}],"replies":[{"embeddable":true,"href":"https:\/\/www.europesays.com\/fr\/wp-json\/wp\/v2\/comments?post=138663"}],"version-history":[{"count":0,"href":"https:\/\/www.europesays.com\/fr\/wp-json\/wp\/v2\/posts\/138663\/revisions"}],"wp:featuredmedia":[{"embeddable":true,"href":"https:\/\/www.europesays.com\/fr\/wp-json\/wp\/v2\/media\/138664"}],"wp:attachment":[{"href":"https:\/\/www.europesays.com\/fr\/wp-json\/wp\/v2\/media?parent=138663"}],"wp:term":[{"taxonomy":"category","embeddable":true,"href":"https:\/\/www.europesays.com\/fr\/wp-json\/wp\/v2\/categories?post=138663"},{"taxonomy":"post_tag","embeddable":true,"href":"https:\/\/www.europesays.com\/fr\/wp-json\/wp\/v2\/tags?post=138663"}],"curies":[{"name":"wp","href":"https:\/\/api.w.org\/{rel}","templated":true}]}}