{"id":138671,"date":"2025-05-30T07:06:11","date_gmt":"2025-05-30T07:06:11","guid":{"rendered":"https:\/\/www.europesays.com\/fr\/138671\/"},"modified":"2025-05-30T07:06:11","modified_gmt":"2025-05-30T07:06:11","slug":"avant-le-grand-changement-au-parking-du-levant-on-est-alle-prendre-le-pouls-du-commerce-a-saint-laurent-du-var","status":"publish","type":"post","link":"https:\/\/www.europesays.com\/fr\/138671\/","title":{"rendered":"Avant le grand changement au parking du Levant, on est all\u00e9 prendre le pouls du commerce \u00e0 Saint-Laurent-du-Var"},"content":{"rendered":"<p>\u00ab\u00a0On ressent une nette baisse de passage dans le centre-ville. C\u2019est peut-\u00eatre d\u00fb aux changements de flux de circulation \u00e0 cause des travaux de l\u2019avenue G\u00e9n\u00e9ral-de-Gaulle et du square B\u00e8nes\u00a0\u00bb, soul\u00e8ve Richard, directeur g\u00e9n\u00e9ral du caf\u00e9 Le Cappuccino. \u00ab\u00a0Nos clients se plaignent du stationnement et des embouteillages \u00e0 Saint-Laurent-du-Var\u00a0\u00bb, abonde Sabrina, cog\u00e9rante de la boulangerie bio La Briquetterie.<\/p>\n<p>\u00ab\u00a0Le sujet du stationnement reste sensible mais des mesures concr\u00e8tes sont en cours de mise en \u0153uvre en lien \u00e9troit avec la mairie: une surveillance accrue du stationnement en centre-ville; le passage du parking du Levant en zone bleue avec quatre heures gratuites; l\u2019am\u00e9nagement du parking du square B\u00e8nes o\u00f9 on esp\u00e8re qu\u2019il y aura 30 minutes gratuites\u00a0\u00bb, \u00e9gr\u00e8ne S\u00e9bastien Roux, pr\u00e9sident de l\u2019association des commer\u00e7ants du centre-ville.<\/p>\n<p>Signe visible de cette difficult\u00e9 du commerce en centre-ville, une petite dizaine de magasins ont baiss\u00e9 le rideau autour de l\u2019avenue du G\u00e9n\u00e9ral-Leclerc. \u00ab\u00a0Le centre-ville est loin d\u2019\u00eatre \u00e0 l\u2019abandon, nuance S\u00e9bastien Roux. Ceux qui se lib\u00e8rent trouvent tr\u00e8s vite preneur. Nous avons une forte demande.\u00a0\u00bb<\/p>\n<blockquote>\n<p><strong>\u00ab\u00a0Il faudrait apaiser le centre-ville\u00a0\u00bb<\/strong><\/p>\n<\/blockquote>\n<p>L\u2019association des commer\u00e7ants du centre-ville \u00ab\u00a0multiplie les initiatives pour renforcer l\u2019attractivit\u00e9 du quartier\u00a0\u00bb, avance son pr\u00e9sident. Et de poursuivre: \u00ab\u00a0Braderie en juin, f\u00eate de la musique, f\u00eate des m\u00e8res et des p\u00e8res, festivit\u00e9s de No\u00ebl, etc.\u00a0\u00bb<\/p>\n<p>Quand on pose la question aux commer\u00e7ants sur ce qu\u2019il faudrait pour dynamiser le commerce, les id\u00e9es fusent: \u00ab\u00a0Il faudrait apaiser le centre-ville avec une vraie pr\u00e9sence polici\u00e8re. On a des familles avec des gamins qui ne viennent plus car c\u2019est trop dangereux. <strong>Les scooters et les trottinettes roulent sur les trottoirs<\/strong>\u00ab\u00a0, s\u2019exclame le directeur g\u00e9n\u00e9ral du Cappuccino. M\u00eame constat pour Pascale et Patrick, cog\u00e9rants de la brasserie Le Marius: \u00ab\u00a0Il faudrait que ce soit plus vivable. Pourquoi ne pas passer en zone 30?\u00a0\u00bb<\/p>\n<p>\u00ab\u00a0Il faudrait faire davantage de communication\u00a0\u00bb sugg\u00e8re Eugenia, g\u00e9rante de l\u2019\u00e9picerie fine grecque Filema. \u00ab\u00a0La Ville pourrait r\u00e9aliser des affichages pour sensibiliser la population au commerce de proximit\u00e9\u00a0\u00bb, rench\u00e9rit la cog\u00e9rante de La Briquetterie.<\/p>\n<p><strong>\u00ab\u00a0Pourquoi la Ville ne cr\u00e9erait pas un vrai march\u00e9 couvert?\u00a0\u00bb<\/strong><\/p>\n<p>D\u2019autres commer\u00e7ants, comme le responsable du Marius, s\u2019interroge: \u00ab\u00a0Pourquoi la Ville ne cr\u00e9erait pas un vrai march\u00e9 couvert? \u00c7a dynamiserait tout le commerce de centre-ville.\u00a0\u00bb<\/p>\n<p>\u00ab\u00a0Il faudrait que p\u00e9riodiquement on n\u2019h\u00e9site pas \u00e0 bloquer l\u2019avenue G\u00e9n\u00e9ral-Leclerc pour faire des animations\u00a0\u00bb, lance le directeur g\u00e9n\u00e9ral du Cappuccino. \u00ab\u00a0Un grand march\u00e9 dans la rue et l\u2019\u00e9t\u00e9 un march\u00e9 du soir avec des animations pour les enfants\u00a0\u00bb, compl\u00e8te la cog\u00e9rante du Marius.<\/p>\n<p>Le pr\u00e9sident de l\u2019association des commer\u00e7ants du centre-ville \u00ab\u00a0reste bien entendu ouvert \u00e0 toute id\u00e9e nouvelle\u00a0\u00bb. S\u00e9bastien Roux souligne que \u00ab\u00a0des r\u00e9unions ont lieu tous les deux mois. Elles r\u00e9unissent commer\u00e7ants et \u00e9lus et permettent de suivre l\u2019\u00e9volution des d\u00e9cisions et d\u2019ajuster les actions\u00a0\u00bb.<\/p>\n<p>1. Contact\u00e9e, la mairie n\u2019a pas souhait\u00e9 r\u00e9pondre \u00e0 nos questions.<\/p>\n","protected":false},"excerpt":{"rendered":"\u00ab\u00a0On ressent une nette baisse de passage dans le centre-ville. C\u2019est peut-\u00eatre d\u00fb aux changements de flux de&hellip;\n","protected":false},"author":2,"featured_media":138672,"comment_status":"","ping_status":"","sticky":false,"template":"","format":"standard","meta":{"footnotes":""},"categories":[2819],"tags":[1111,11,215,33,1777,674,1011,27,12,2401,882,25],"class_list":{"0":"post-138671","1":"post","2":"type-post","3":"status-publish","4":"format-standard","5":"has-post-thumbnail","7":"category-nice","8":"tag-actu","9":"tag-actualites","10":"tag-commerce","11":"tag-economie","12":"tag-eu","13":"tag-europe","14":"tag-fr","15":"tag-france","16":"tag-news","17":"tag-nice","18":"tag-provence-alpes-cote-dazur","19":"tag-republique-francaise"},"share_on_mastodon":{"url":"https:\/\/pubeurope.com\/@fr\/114595521055484080","error":""},"_links":{"self":[{"href":"https:\/\/www.europesays.com\/fr\/wp-json\/wp\/v2\/posts\/138671","targetHints":{"allow":["GET"]}}],"collection":[{"href":"https:\/\/www.europesays.com\/fr\/wp-json\/wp\/v2\/posts"}],"about":[{"href":"https:\/\/www.europesays.com\/fr\/wp-json\/wp\/v2\/types\/post"}],"author":[{"embeddable":true,"href":"https:\/\/www.europesays.com\/fr\/wp-json\/wp\/v2\/users\/2"}],"replies":[{"embeddable":true,"href":"https:\/\/www.europesays.com\/fr\/wp-json\/wp\/v2\/comments?post=138671"}],"version-history":[{"count":0,"href":"https:\/\/www.europesays.com\/fr\/wp-json\/wp\/v2\/posts\/138671\/revisions"}],"wp:featuredmedia":[{"embeddable":true,"href":"https:\/\/www.europesays.com\/fr\/wp-json\/wp\/v2\/media\/138672"}],"wp:attachment":[{"href":"https:\/\/www.europesays.com\/fr\/wp-json\/wp\/v2\/media?parent=138671"}],"wp:term":[{"taxonomy":"category","embeddable":true,"href":"https:\/\/www.europesays.com\/fr\/wp-json\/wp\/v2\/categories?post=138671"},{"taxonomy":"post_tag","embeddable":true,"href":"https:\/\/www.europesays.com\/fr\/wp-json\/wp\/v2\/tags?post=138671"}],"curies":[{"name":"wp","href":"https:\/\/api.w.org\/{rel}","templated":true}]}}