{"id":138675,"date":"2025-05-30T07:08:09","date_gmt":"2025-05-30T07:08:09","guid":{"rendered":"https:\/\/www.europesays.com\/fr\/138675\/"},"modified":"2025-05-30T07:08:09","modified_gmt":"2025-05-30T07:08:09","slug":"le-ras-le-bol-des-habitants-face-aux-rodeos-sauvages-pres-de-nantes","status":"publish","type":"post","link":"https:\/\/www.europesays.com\/fr\/138675\/","title":{"rendered":"le ras-le-bol des habitants face aux rod\u00e9os sauvages, pr\u00e8s de Nantes"},"content":{"rendered":"<p>La commune de Frossay fait face depuis quelques semaines \u00e0 une aggravation des cavalcades motoris\u00e9es. Les riverains d\u00e9plorent la banalisation d\u2019un ph\u00e9nom\u00e8ne, que rien ne semble enrayer.<\/p>\n<p class=\"fig-paragraph\">Des nuisances du quotidien, sans solution manifeste. Voil\u00e0 quelques ann\u00e9es que les habitants de Frossay (Loire-Atlantique) prennent leur mal en patience. La modeste commune rurale de 3200 habitants, entre\u00a0<a href=\"https:\/\/www.lefigaro.fr\/nantes\" target=\"_blank\" data-fig-type=\"Section\" rel=\"noopener\" data-gtm-custom-categorie=\"navigation\" data-gtm-custom-action=\"crossclick\" data-gtm-custom-label=\"Contextuel\" data-gtm-event=\"customEventSPE\" data-fig-domain=\"LEFIGARO\">Nantes<\/a>\u00a0et Saint-Nazaire, est le th\u00e9\u00e2tre r\u00e9gulier de\u00a0<a href=\"http:\/\/www.lefigaro.fr\/actualite-france\/les-policiers-vivent-depuis-trop-longtemps-sous-des-injonctions-contradictoires-l-etat-impuissant-face-au-fleau-des-rodeos-sauvages-20250513\" target=\"_blank\" data-fig-type=\"Article\" rel=\"noopener\" data-gtm-custom-categorie=\"navigation\" data-gtm-custom-action=\"crossclick\" data-gtm-custom-label=\"Contextuel\" data-gtm-event=\"customEventSPE\" data-fig-domain=\"LEFIGARO\">rod\u00e9os sauvages<\/a>, des attroupements de scooters et de motos rugissants \u00e0 toute allure, parfois devant un public d\u2019aficionados. Le ph\u00e9nom\u00e8ne s\u2019accro\u00eet \u00e0 la fin du printemps, avec le retour des beaux jours. \u00c9puis\u00e9s par ce tapage dangereux que les autorit\u00e9s peinent \u00e0 endiguer, les riverains sonnent l\u2019alerte.<\/p>\n<p class=\"fig-paragraph\">Sur les r\u00e9seaux sociaux de la mairie, plusieurs habitants de la commune expriment leur ras-le-bol de la situation. En avril, des d\u00e9gradations volontaires ont \u00e9t\u00e9 constat\u00e9es sur une aire de jeu pour enfants, dans un parc r\u00e9guli\u00e8rement envahi par des jeunes en scooters, \u00e0 l\u2019origine des rod\u00e9os et auteurs pr\u00e9sum\u00e9s de diverses incivilit\u00e9s sur le site. \u00abIls sont narquois, arrogants, provocateurs. Beaucoup circulent avec des cercueils \u00e0 moteurs. Vraiment compliqu\u00e9 de comprendre que les parents les laissent sur les routes avec des scooters dans cet \u00e9tat\u00bb, note une internaute sur Facebook. Une autre mentionne \u00ables enfants qui font du scooter en faisant des roues devant chez nous, \u00e0 5h du matin\u00bb.<\/p>\n<p>De nouveaux contr\u00f4les \u00e0 venir<\/p>\n<p class=\"fig-paragraph\">Plusieurs plaintes ont \u00e9t\u00e9 d\u00e9pos\u00e9es depuis le d\u00e9but du ph\u00e9nom\u00e8ne \u00e0 Frossay, en 2020. Le ph\u00e9nom\u00e8ne ne s\u2019est cependant pas dissip\u00e9, si bien qu\u2019une partie des habitants demandent d\u00e9sormais l\u2019installation de cam\u00e9ras sur la commune. \u00abOn n\u2019en peut plus, on craque, t\u00e9moigne une famille frossetaine au quotidien\u00a0<a href=\"https:\/\/www.ouest-france.fr\/pays-de-la-loire\/frossay-44320\/on-nen-peut-plus-on-craque-des-rodeos-pourrissent-la-vie-de-ces-habitants-du-pays-de-retz-2e667354-3af9-11f0-88b0-943c4d024772\" target=\"_blank\" rel=\"noopener\" data-gtm-custom-categorie=\"navigation\" data-gtm-custom-action=\"crossclick\" data-gtm-custom-label=\"Contextuel\" data-gtm-event=\"customEventSPE\">Ouest France<\/a> . La semaine derni\u00e8re, mon \u00e9pouse a fini en larmes et son m\u00e9decin l\u2019a arr\u00eat\u00e9e. Nos enfants sont insult\u00e9s, nous aussi. On ne supporte plus le moindre bruit. C\u2019est infernal\u00bb.<\/p>\n<p class=\"fig-body-link\">\n            \u00c0 lire aussi<br \/>\n        <a class=\"fig-body-link__link\" href=\"http:\/\/www.lefigaro.fr\/nantes\/cryptomonnaies-une-nouvelle-tentative-d-enlevement-dejouee-pres-de-nantes-20250527\" target=\"_blank\" data-fig-type=\"NewsFlash\" rel=\"noopener\" data-gtm-custom-categorie=\"navigation\" data-gtm-custom-action=\"crossclick\" data-gtm-custom-label=\"Contextuel\" data-gtm-event=\"customEventSPE\" data-fig-domain=\"LEFIGARO\">Cryptomonnaies\u00a0: une nouvelle tentative d\u2019enl\u00e8vement d\u00e9jou\u00e9e pr\u00e8s de Nantes<br \/>\n    <\/a>\n<\/p>\n<p class=\"fig-paragraph\">Jointe par Le Figaro, la gendarmerie confirme une aggravation \u00abdepuis quelques semaines\u00bb des nuisances. \u00abDerri\u00e8re ces rod\u00e9os se cachent des jeunes qu\u2019on conna\u00eet bien, des fauteurs de troubles locaux, occasionnellement contr\u00f4l\u00e9s en possession de petites quantit\u00e9s de stup\u00e9fiants\u00bb, d\u00e9crit la compagnie de gendarmerie de Pornic, en charge du secteur. Les autorit\u00e9s ne ch\u00f4ment pas. Une immobilisation administrative a \u00e9t\u00e9 prononc\u00e9e contre un deux-roues vendredi dernier.<\/p>\n<p class=\"fig-paragraph\">La mairie de Frossay n\u2019a pas donn\u00e9 suite aux sollicitations du Figaro. Interpell\u00e9 sur ce dossier par nos confr\u00e8res de Ouest France, le maire Sylvain Scherer d\u00e9plore une g\u00e9n\u00e9ralisation du ph\u00e9nom\u00e8ne des rod\u00e9os sauvages qui d\u00e9passe largement la seule commune de Frossay. L\u2019\u00e9dile regrette \u00e9galement l\u2019attitude r\u00e9cidiviste des quelques jeunes motards interpell\u00e9s, \u00abplus b\u00eates que m\u00e9chants\u00bb, qui \u00abfont les cons parce qu\u2019ils ne savent pas quoi faire d\u2019autre\u00bb. D\u2019apr\u00e8s la compagnie de gendarmerie de Pornic, une intensification des contr\u00f4les sera men\u00e9e les prochains jours, en lien avec la police intercommunale.<\/p>\n","protected":false},"excerpt":{"rendered":"La commune de Frossay fait face depuis quelques semaines \u00e0 une aggravation des cavalcades motoris\u00e9es. Les riverains d\u00e9plorent&hellip;\n","protected":false},"author":2,"featured_media":138676,"comment_status":"","ping_status":"","sticky":false,"template":"","format":"standard","meta":{"footnotes":""},"categories":[2818],"tags":[1111,11,1777,674,462,1011,27,2640,2642,766,2638,2643,2637,2639,2646,2645,2641,2635,2644,2647,12,2636,25,15695],"class_list":{"0":"post-138675","1":"post","2":"type-post","3":"status-publish","4":"format-standard","5":"has-post-thumbnail","7":"category-nantes","8":"tag-actu","9":"tag-actualites","10":"tag-eu","11":"tag-europe","12":"tag-fc-nantes","13":"tag-fr","14":"tag-france","15":"tag-hauts-paves-saint-felix","16":"tag-ile-de-nantes","17":"tag-nantes","18":"tag-nantes-bellevue-chantenay-sainte-anne","19":"tag-nantes-breil-barberie","20":"tag-nantes-centre-ville","21":"tag-nantes-dervallieres-zola","22":"tag-nantes-doulon-bottiere","23":"tag-nantes-erdre","24":"tag-nantes-malakoff-saint-donatien","25":"tag-nantes-metropole","26":"tag-nantes-nord","27":"tag-nantes-sud","28":"tag-news","29":"tag-pays-de-la-loire","30":"tag-republique-francaise","31":"tag-rodeo-sauvage"},"share_on_mastodon":{"url":"https:\/\/pubeurope.com\/@fr\/114595528904517978","error":""},"_links":{"self":[{"href":"https:\/\/www.europesays.com\/fr\/wp-json\/wp\/v2\/posts\/138675","targetHints":{"allow":["GET"]}}],"collection":[{"href":"https:\/\/www.europesays.com\/fr\/wp-json\/wp\/v2\/posts"}],"about":[{"href":"https:\/\/www.europesays.com\/fr\/wp-json\/wp\/v2\/types\/post"}],"author":[{"embeddable":true,"href":"https:\/\/www.europesays.com\/fr\/wp-json\/wp\/v2\/users\/2"}],"replies":[{"embeddable":true,"href":"https:\/\/www.europesays.com\/fr\/wp-json\/wp\/v2\/comments?post=138675"}],"version-history":[{"count":0,"href":"https:\/\/www.europesays.com\/fr\/wp-json\/wp\/v2\/posts\/138675\/revisions"}],"wp:featuredmedia":[{"embeddable":true,"href":"https:\/\/www.europesays.com\/fr\/wp-json\/wp\/v2\/media\/138676"}],"wp:attachment":[{"href":"https:\/\/www.europesays.com\/fr\/wp-json\/wp\/v2\/media?parent=138675"}],"wp:term":[{"taxonomy":"category","embeddable":true,"href":"https:\/\/www.europesays.com\/fr\/wp-json\/wp\/v2\/categories?post=138675"},{"taxonomy":"post_tag","embeddable":true,"href":"https:\/\/www.europesays.com\/fr\/wp-json\/wp\/v2\/tags?post=138675"}],"curies":[{"name":"wp","href":"https:\/\/api.w.org\/{rel}","templated":true}]}}