{"id":138687,"date":"2025-05-30T07:14:11","date_gmt":"2025-05-30T07:14:11","guid":{"rendered":"https:\/\/www.europesays.com\/fr\/138687\/"},"modified":"2025-05-30T07:14:11","modified_gmt":"2025-05-30T07:14:11","slug":"roubaix-a-velo-%f0%9f%9a%b2-roubaixxl","status":"publish","type":"post","link":"https:\/\/www.europesays.com\/fr\/138687\/","title":{"rendered":"Roubaix \u00e0 v\u00e9lo \ud83d\udeb2 &#8211; ROUBAIXXL"},"content":{"rendered":"<p>Le d\u00e9veloppement du v\u00e9lo \u00e0 Roubaix s\u2019impose comme une \u00e9vidence.<\/p>\n<p>Une \u00e9vidence historique : depuis 1896, le Paris-Roubaix fait rayonner notre ville dans le monde. La bicyclette est dans notre ADN, intimement associ\u00e9e \u00e0 l\u2019image de notre ville jusqu\u2019au Japon, en Australie, ou aux \u00c9tats- Unis.<\/p>\n<p>Une \u00e9vidence g\u00e9ographique et topographique : situ\u00e9e \u00e0 quelques kilom\u00e8tres de la Belgique, notre ville est suffisamment plate pour permettre \u00e0 chacun de la parcourir \u00e0 v\u00e9lo sans faire trop d\u2019efforts. Le v\u00e9lo \u00e0 Roubaix se pratique quasiment toute l\u2019ann\u00e9e (\u00e0 condition d\u2019\u00eatre bien \u00e9quip\u00e9 pour les quelques jours de pluie) !<\/p>\n<p>Une \u00e9vidence \u00e9conomique : se d\u00e9placer \u00e0 v\u00e9lo co\u00fbte 10 fois moins cher que se d\u00e9placer en voiture. Dans une ville comme Roubaix o\u00f9 les fins de mois sont souvent difficiles, proposer une alternative \u00e0 v\u00e9lo constitue un v\u00e9ritable levier d\u2019\u00e9conomies pour les familles.<\/p>\n<p>Une \u00e9vidence sanitaire : le v\u00e9lo ne pollue pas et permet \u00e0 chaque cycliste de pratiquer un exercice physique. Il est prouv\u00e9 que se d\u00e9placer 30mn \u00e0 pied ou 20mn \u00e0 v\u00e9lo chaque jour permet de diminuer d\u2019environ 10 % le risque de maladie cardiovasculaire et de 30 % le risque de diab\u00e8te de type 2.<\/p>\n<p>Enfin, le v\u00e9lo permet de ralentir la ville, de retrouver de la convivialit\u00e9, de r\u00e9duire la place de la voiture pour planter des arbres et cr\u00e9er des espaces de verdure.<\/p>\n<p>C\u2019est pour toutes ces raisons que depuis de nombreuses ann\u00e9es, nous acc\u00e9l\u00e9rons la cr\u00e9ation de nouvelles infrastructures et renfor\u00e7ons la dynamique pour le d\u00e9veloppement du v\u00e9lo \u00e0 Roubaix !<\/p>\n<p>Un dernier argument pour la route ? En faisant du v\u00e9lo on se shoote \u00e9galement \u00e0 la dopamine, l\u2019hormone du plaisir, qui rend \u00e9nergique et de bonne humeur.<\/p>\n<p><strong>P\u00e9dalez, vous serez en meilleur sant\u00e9, vous ferez des \u00e9conomies et vous serez plus heureux !<\/strong><\/p>\n","protected":false},"excerpt":{"rendered":"Le d\u00e9veloppement du v\u00e9lo \u00e0 Roubaix s\u2019impose comme une \u00e9vidence. Une \u00e9vidence historique : depuis 1896, le Paris-Roubaix&hellip;\n","protected":false},"author":2,"featured_media":138688,"comment_status":"","ping_status":"","sticky":false,"template":"","format":"standard","meta":{"footnotes":""},"categories":[2815],"tags":[1111,11,4485,1777,674,1011,27,811,1307,6314,12,25,208],"class_list":{"0":"post-138687","1":"post","2":"type-post","3":"status-publish","4":"format-standard","5":"has-post-thumbnail","7":"category-lille","8":"tag-actu","9":"tag-actualites","10":"tag-dossier","11":"tag-eu","12":"tag-europe","13":"tag-fr","14":"tag-france","15":"tag-hauts-de-france","16":"tag-lille","17":"tag-mobilites-douces","18":"tag-news","19":"tag-republique-francaise","20":"tag-velo"},"share_on_mastodon":{"url":"https:\/\/pubeurope.com\/@fr\/114595552613735676","error":""},"_links":{"self":[{"href":"https:\/\/www.europesays.com\/fr\/wp-json\/wp\/v2\/posts\/138687","targetHints":{"allow":["GET"]}}],"collection":[{"href":"https:\/\/www.europesays.com\/fr\/wp-json\/wp\/v2\/posts"}],"about":[{"href":"https:\/\/www.europesays.com\/fr\/wp-json\/wp\/v2\/types\/post"}],"author":[{"embeddable":true,"href":"https:\/\/www.europesays.com\/fr\/wp-json\/wp\/v2\/users\/2"}],"replies":[{"embeddable":true,"href":"https:\/\/www.europesays.com\/fr\/wp-json\/wp\/v2\/comments?post=138687"}],"version-history":[{"count":0,"href":"https:\/\/www.europesays.com\/fr\/wp-json\/wp\/v2\/posts\/138687\/revisions"}],"wp:featuredmedia":[{"embeddable":true,"href":"https:\/\/www.europesays.com\/fr\/wp-json\/wp\/v2\/media\/138688"}],"wp:attachment":[{"href":"https:\/\/www.europesays.com\/fr\/wp-json\/wp\/v2\/media?parent=138687"}],"wp:term":[{"taxonomy":"category","embeddable":true,"href":"https:\/\/www.europesays.com\/fr\/wp-json\/wp\/v2\/categories?post=138687"},{"taxonomy":"post_tag","embeddable":true,"href":"https:\/\/www.europesays.com\/fr\/wp-json\/wp\/v2\/tags?post=138687"}],"curies":[{"name":"wp","href":"https:\/\/api.w.org\/{rel}","templated":true}]}}