{"id":138689,"date":"2025-05-30T07:15:25","date_gmt":"2025-05-30T07:15:25","guid":{"rendered":"https:\/\/www.europesays.com\/fr\/138689\/"},"modified":"2025-05-30T07:15:25","modified_gmt":"2025-05-30T07:15:25","slug":"comptes-remplis-assurance-vie-deux-infirmieres-condamnees-pour-avoir-detourne-805-959-euros-a-la-cpam","status":"publish","type":"post","link":"https:\/\/www.europesays.com\/fr\/138689\/","title":{"rendered":"Comptes remplis, assurance vie\u2026 Deux infirmi\u00e8res condamn\u00e9es pour avoir d\u00e9tourn\u00e9 805.959 euros \u00e0 la CPAM"},"content":{"rendered":"<p>Entre\u00a02018 et\u00a02021, deux infirmi\u00e8res nordistes ont men\u00e9 grand train sur le dos des caisses d\u2019<a href=\"https:\/\/www.20minutes.fr\/dossier\/assurance_maladie\" class=\"color-ultramarine c-link\" target=\"_blank\" rel=\"noopener\">Assurance maladie<\/a> de <a href=\"https:\/\/www.20minutes.fr\/lille\/\" class=\"color-ultramarine c-link\" target=\"_blank\" rel=\"noopener\">Lille<\/a>-Douai et de Roubaix-Tourcoing. Une <a href=\"https:\/\/www.20minutes.fr\/dossier\/escroquerie\" class=\"color-ultramarine c-link\" target=\"_blank\" rel=\"noopener\">escroquerie <\/a>bien ficel\u00e9e, dont le pr\u00e9judice se chiffrait \u00e0 plusieurs centaines de milliers d\u2019euros, mais qui s\u2019est mal termin\u00e9e pour les praticiennes, condamn\u00e9es \u00e0 de la prison ferme par le tribunal judiciaire de Lille.<\/p>\n<p>En trois ans, les deux infirmi\u00e8res ont ind\u00fbment encaiss\u00e9 805.959 euros, vers\u00e9s par les CPAM sur factures. Sauf que ces factures, \u00e0 y regarder de plus pr\u00e8s, \u00e9taient fausses. Selon le parquet de Lille, les pr\u00e9venues facturaient des \u00ab\u00a0soins infirmiers en inad\u00e9quation avec les actes rembours\u00e9s aux assur\u00e9s\u00a0\u00bb, mais aussi \u00ab\u00a0des soins non remboursables\u00a0\u00bb et des soins imaginaires.<\/p>\n<p>Objets de luxe, assurances vie et comptes garnis<\/p>\n<p>De l\u2019argent d\u00e9pens\u00e9 pour se faire plaisir, notamment dans \u00ab\u00a0de nombreux objets de marques de luxe\u00a0\u00bb d\u2019une valeur de 59.000 euros. Mais les infirmi\u00e8res \u00e9taient aussi pr\u00e9voyantes et avaient coffr\u00e9 plus de 30.000 euros en assurances vie. Un peu plus de 170.000 euros avaient par ailleurs \u00e9t\u00e9 \u00e9parpill\u00e9s sur plusieurs comptes bancaires. Le tout a \u00e9t\u00e9 saisi pour rembourser une partie du pr\u00e9judice.<\/p>\n<\/p>\n<p>De l\u2019escroquerie pure et simple, donc. Dans son d\u00e9lib\u00e9r\u00e9, le tribunal a reconnu coupables les deux infirmi\u00e8res et leur a inflig\u00e9 une tr\u00e8s lourde condamnation. La premi\u00e8re a pris trois ans de prison, dont 18 mois avec sursis, avec mandat de d\u00e9p\u00f4t. Cela assorti d\u2019une amende de 50.000 euros dont la moiti\u00e9 avec sursis.<\/p>\n<p><a href=\"https:\/\/www.20minutes.fr\/dossier\/escroquerie\" class=\"c-link c-btn c-btn--primary\" target=\"_blank\" rel=\"noopener\">Notre dossier sur les escroqueries<\/a><\/p>\n<p>Sa complice a \u00e9t\u00e9 condamn\u00e9e \u00e0 quatre ans de prison, dont deux ans avec sursis, avec mandat de d\u00e9p\u00f4t \u00e0 effet diff\u00e9r\u00e9 avec ex\u00e9cution provisoire. Le tribunal a aussi prononc\u00e9 contre les deux pr\u00e9venues l\u2019interdiction d\u00e9finitive d\u2019exercer leur profession et, on ne sait jamais, une peine de cinq ann\u00e9es d\u2019in\u00e9ligibilit\u00e9.<\/p>\n","protected":false},"excerpt":{"rendered":"Entre\u00a02018 et\u00a02021, deux infirmi\u00e8res nordistes ont men\u00e9 grand train sur le dos des caisses d\u2019Assurance maladie de Lille-Douai&hellip;\n","protected":false},"author":2,"featured_media":138690,"comment_status":"","ping_status":"","sticky":false,"template":"","format":"standard","meta":{"footnotes":""},"categories":[2815],"tags":[1111,47,11,732,13431,3513,1777,674,1011,27,1006,811,5112,303,1307,12,1308,1309,25],"class_list":{"0":"post-138689","1":"post","2":"type-post","3":"status-publish","4":"format-standard","5":"has-post-thumbnail","7":"category-lille","8":"tag-actu","9":"tag-actualite","10":"tag-actualites","11":"tag-assurance-maladie","12":"tag-cpam","13":"tag-escroquerie","14":"tag-eu","15":"tag-europe","16":"tag-fr","17":"tag-france","18":"tag-fraude","19":"tag-hauts-de-france","20":"tag-infirmiere","21":"tag-justice","22":"tag-lille","23":"tag-news","24":"tag-nord","25":"tag-nord-pas-de-calais","26":"tag-republique-francaise"},"share_on_mastodon":{"url":"https:\/\/pubeurope.com\/@fr\/114595556435979506","error":""},"_links":{"self":[{"href":"https:\/\/www.europesays.com\/fr\/wp-json\/wp\/v2\/posts\/138689","targetHints":{"allow":["GET"]}}],"collection":[{"href":"https:\/\/www.europesays.com\/fr\/wp-json\/wp\/v2\/posts"}],"about":[{"href":"https:\/\/www.europesays.com\/fr\/wp-json\/wp\/v2\/types\/post"}],"author":[{"embeddable":true,"href":"https:\/\/www.europesays.com\/fr\/wp-json\/wp\/v2\/users\/2"}],"replies":[{"embeddable":true,"href":"https:\/\/www.europesays.com\/fr\/wp-json\/wp\/v2\/comments?post=138689"}],"version-history":[{"count":0,"href":"https:\/\/www.europesays.com\/fr\/wp-json\/wp\/v2\/posts\/138689\/revisions"}],"wp:featuredmedia":[{"embeddable":true,"href":"https:\/\/www.europesays.com\/fr\/wp-json\/wp\/v2\/media\/138690"}],"wp:attachment":[{"href":"https:\/\/www.europesays.com\/fr\/wp-json\/wp\/v2\/media?parent=138689"}],"wp:term":[{"taxonomy":"category","embeddable":true,"href":"https:\/\/www.europesays.com\/fr\/wp-json\/wp\/v2\/categories?post=138689"},{"taxonomy":"post_tag","embeddable":true,"href":"https:\/\/www.europesays.com\/fr\/wp-json\/wp\/v2\/tags?post=138689"}],"curies":[{"name":"wp","href":"https:\/\/api.w.org\/{rel}","templated":true}]}}