{"id":138695,"date":"2025-05-30T07:18:09","date_gmt":"2025-05-30T07:18:09","guid":{"rendered":"https:\/\/www.europesays.com\/fr\/138695\/"},"modified":"2025-05-30T07:18:09","modified_gmt":"2025-05-30T07:18:09","slug":"le-succes-de-la-methode-celine-roy-en-juin-chez-lyon-femmes","status":"publish","type":"post","link":"https:\/\/www.europesays.com\/fr\/138695\/","title":{"rendered":"Le succ\u00e8s de la m\u00e9thode C\u00e9line Roy en juin chez Lyon Femmes"},"content":{"rendered":"<p itemprop=\"description\"><strong>Notre suppl\u00e9ment de juin \u00e0 retrouver dans le magazine <a href=\"https:\/\/www.lyonmag.com\/\" target=\"_blank\" rel=\"noopener\">LyonMag<\/a> sort dans les kiosques ce vendredi.<\/strong><\/p>\n<p>Ancienne danseuse professionnelle, <strong>C\u00e9line Roy<\/strong> ne cesse aujourd\u2019hui de faire parler d\u2019elle avec la m\u00e9thode portant son nom. Cette derni\u00e8re, d\u00e9di\u00e9e aux femmes de plus de 45 ans, permet de faire face aux bouleversements hormonaux apr\u00e8s la m\u00e9nopause. Suivie par plusieurs centaines de milliers de personnes sur les r\u00e9seaux sociaux, la Lyonnaise continue aujourd\u2019hui de d\u00e9velopper cette m\u00e9thode. Rencontre avec une passionn\u00e9e du corps humain.<\/p>\n<p>Au sommaire \u00e9galement de votre suppl\u00e9ment Lyon Femmes de juin :<\/p>\n<p>Bien-\u00eatre : une <strong>tatoueuse lyonnaise<\/strong> au service des corps ab\u00eem\u00e9s par le cancer du sein<\/p>\n<p>Notre shopping : les <strong>chaussures<\/strong> \u00e0 adopter pour pr\u00e9parer l\u2019\u00e9t\u00e9<\/p>\n<p>Le look du mois : les tenues ensoleill\u00e9es d\u2019<strong>April &amp; C<\/strong><\/p>\n<p>La recette du mois : jardin comestible en tartelette par la cheffe <strong>Marion Gaignard<\/strong><\/p>\n<p>On a test\u00e9 : une s\u00e9ance d\u2019<strong>Hyrox<\/strong>, la discipline \u00e0 la mode dans les salles de sport<\/p>\n<p>Notre num\u00e9ro est \u00e9galement disponible \u00e0 la vente en ligne, sur le site de notre partenaire\u00a0<a href=\"https:\/\/www.viapresse.com\/abonnement-magazine-lyonmag.html#last_issues_info\" target=\"_blank\" rel=\"noopener\">Via Presse<\/a><\/p>\n<p style=\"text-align:center\"><img loading=\"lazy\" decoding=\"async\" alt=\"\" height=\"656\" src=\"https:\/\/www.europesays.com\/fr\/wp-content\/uploads\/2025\/05\/une-lf-juin.png\" width=\"502\"\/><\/p>\n","protected":false},"excerpt":{"rendered":"Notre suppl\u00e9ment de juin \u00e0 retrouver dans le magazine LyonMag sort dans les kiosques ce vendredi. Ancienne danseuse&hellip;\n","protected":false},"author":2,"featured_media":138696,"comment_status":"","ping_status":"","sticky":false,"template":"","format":"standard","meta":{"footnotes":""},"categories":[1889],"tags":[1111,11,2813,2190,2430,1109,251,1112,2811,1777,674,118,1294,4651,1011,27,1922,1110,1114,2428,4903,4902,12,241,316,25,2812,517,800],"class_list":{"0":"post-138695","1":"post","2":"type-post","3":"status-publish","4":"format-standard","5":"has-post-thumbnail","7":"category-lyon","8":"tag-actu","9":"tag-actualites","10":"tag-article","11":"tag-asvel","12":"tag-auvergne-rhone-alpes","13":"tag-breves","14":"tag-culture","15":"tag-depeches","16":"tag-economique","17":"tag-eu","18":"tag-europe","19":"tag-faits-divers","20":"tag-femme","21":"tag-femmes","22":"tag-fr","23":"tag-france","24":"tag-info","25":"tag-informations","26":"tag-infos","27":"tag-lyon","28":"tag-lyonfemme","29":"tag-lyonfemmes","30":"tag-news","31":"tag-ol","32":"tag-politique","33":"tag-republique-francaise","34":"tag-sociale","35":"tag-sport","36":"tag-transports"},"share_on_mastodon":{"url":"https:\/\/pubeurope.com\/@fr\/114595568395880132","error":""},"_links":{"self":[{"href":"https:\/\/www.europesays.com\/fr\/wp-json\/wp\/v2\/posts\/138695","targetHints":{"allow":["GET"]}}],"collection":[{"href":"https:\/\/www.europesays.com\/fr\/wp-json\/wp\/v2\/posts"}],"about":[{"href":"https:\/\/www.europesays.com\/fr\/wp-json\/wp\/v2\/types\/post"}],"author":[{"embeddable":true,"href":"https:\/\/www.europesays.com\/fr\/wp-json\/wp\/v2\/users\/2"}],"replies":[{"embeddable":true,"href":"https:\/\/www.europesays.com\/fr\/wp-json\/wp\/v2\/comments?post=138695"}],"version-history":[{"count":0,"href":"https:\/\/www.europesays.com\/fr\/wp-json\/wp\/v2\/posts\/138695\/revisions"}],"wp:featuredmedia":[{"embeddable":true,"href":"https:\/\/www.europesays.com\/fr\/wp-json\/wp\/v2\/media\/138696"}],"wp:attachment":[{"href":"https:\/\/www.europesays.com\/fr\/wp-json\/wp\/v2\/media?parent=138695"}],"wp:term":[{"taxonomy":"category","embeddable":true,"href":"https:\/\/www.europesays.com\/fr\/wp-json\/wp\/v2\/categories?post=138695"},{"taxonomy":"post_tag","embeddable":true,"href":"https:\/\/www.europesays.com\/fr\/wp-json\/wp\/v2\/tags?post=138695"}],"curies":[{"name":"wp","href":"https:\/\/api.w.org\/{rel}","templated":true}]}}