{"id":138707,"date":"2025-05-30T07:29:08","date_gmt":"2025-05-30T07:29:08","guid":{"rendered":"https:\/\/www.europesays.com\/fr\/138707\/"},"modified":"2025-05-30T07:29:08","modified_gmt":"2025-05-30T07:29:08","slug":"dans-son-jardin-dans-le-cotentin-jacques-cultive-des-palmiers-venus-du-monde-entier","status":"publish","type":"post","link":"https:\/\/www.europesays.com\/fr\/138707\/","title":{"rendered":"Dans son jardin dans le Cotentin, Jacques cultive des palmiers venus du monde entier"},"content":{"rendered":"<p>            Par<br \/>\n        <strong><br \/>\n            <a href=\"https:\/\/actu.fr\/auteur\/redaction-pressemanche\" title=\"Consulter tous les articles de R\u00e9daction La Presse de la Manche\" target=\"_blank\" rel=\"noopener\">R\u00e9daction La Presse de la Manche<\/a><br \/>\n        <\/strong><\/p>\n<p>        Publi\u00e9 le<\/p>\n<p>            30 mai 2025 \u00e0 8h43        <\/p>\n<p>S\u2019il a longtemps tenu une papeterie dans le Marais, \u00e0 <a href=\"https:\/\/actu.fr\/ile-de-france\/paris_75056\" target=\"_blank\" rel=\"noopener\">Paris<\/a>, <b>Jacques Dayssiols<\/b> a \u00e9galement<b> beaucoup voyag\u00e9 \u00e0 travers le monde<\/b>. \u00ab\u2009J\u2019ai constitu\u00e9 un <b>important stock de graines de palmiers<\/b> au fur et \u00e0 mesure des ann\u00e9es. Lorsque j\u2019ai pris ma <a href=\"https:\/\/actu.fr\/tag\/retraite\" target=\"_blank\" rel=\"noopener\">retraite<\/a>, j\u2019ai cherch\u00e9 un lieu avec un <b>climat <\/b>qui me convienne, autant qu\u2019\u00e0 mes graines. Et c\u2019est ici, \u00e0 <a href=\"https:\/\/actu.fr\/normandie\/gatteville-le-phare_50196\" target=\"_blank\" rel=\"noopener\">Gatteville<\/a>, que j\u2019ai eu un coup de c\u0153ur.\u2009\u00bb<\/p>\n<p class=\" wall-content\">La <b>passion <\/b>de Jacques, ce sont ces <b>ar\u00e9cac\u00e9es<\/b>, commun\u00e9ment appel\u00e9es palmiers. \u00ab\u2009D\u2019un point de vue botanique, ce ne sont pas des arbres, mais des herbes g\u00e9antes, parmi les plus anciennes depuis 80\u00a0millions d\u2019ann\u00e9es. Cette famille de plantes est aussi l\u2019une des plus diversifi\u00e9es. Elle compte<b> plus de 2\u2009500 esp\u00e8ces<\/b>. On oublie souvent, par exemple, que le rotin provient d\u2019un palmier dont les lianes peuvent atteindre 200\u00a0m de long.\u2009\u00bb<\/p>\n<p>Une centaine de palmiers<\/p>\n<p class=\" wall-content\">Dans son<b> jardin de 2\u2009000\u00a0m2<\/b>, Jacques Dayssiols a rassembl\u00e9<b> une centaine de palmiers d\u2019une trentaine d\u2019esp\u00e8ces<\/b>, dont plusieurs palmiers sombrero du <b>Mexique <\/b>et palmiers dattiers du <b>Chili<\/b>.<\/p>\n<blockquote class=\"ac-article-quote wall-content\">\n<p>J\u2019exp\u00e9rimente. Je plante pour voir si la plante s\u2019acclimate. Mon taux de r\u00e9ussite s\u2019\u00e9l\u00e8ve \u00e0 peu pr\u00e8s \u00e0 75\u2009%. Mais on n\u2019a jamais fini d\u2019apprendre. On se cultive en cultivant. Et, surtout, on plante pour les g\u00e9n\u00e9rations futures.<\/p>\n<p>Jacques Dayssiols<\/p><\/blockquote>\n<p class=\" wall-content\">Jacques Dayssiols a d\u2019ailleurs rejoint l\u2019<a href=\"https:\/\/www.fousdepalmiers.fr\/html\/forum\/\" target=\"_blank\" rel=\"noopener\">association Fous de Palmiers<\/a>. Depuis sa cr\u00e9ation, en 1989, elle \u00e9tablit un lien entre les amateurs de palmiers, pour qu\u2019ils puissent partager leurs connaissances, leurs exp\u00e9riences de cultures, leurs graines, leurs plants et leurs adresses de p\u00e9pini\u00e8res.<\/p>\n<p class=\" wall-content\">\u00ab\u2009Nous sommes200 membres, ajoute l\u2019amoureux des palmiers. Un groupe vient d\u2019ailleurs me rendre visite pour le week-end de l\u2019Ascension. Ils visiteront mon jardin, bien s\u00fbr, mais nous nous rendrons \u00e9galement au jardin de <a href=\"https:\/\/actu.fr\/normandie\/vauville_50623\" target=\"_blank\" rel=\"noopener\">Vauville<\/a> et dans plusieurs parcs disposant de palmiers rares.\u2009\u00bb<\/p>\n<p>Vid\u00e9os : en ce moment sur Actu<\/p>\n<p class=\" wall-content\"><b>De notre correspondant Fr\u00e9d\u00e9ric SENGES<\/b><\/p>\n<p class=\" wall-content\">Suivez toute l\u2019actualit\u00e9 de vos villes et m\u00e9dias favoris en vous inscrivant \u00e0 <a href=\"https:\/\/moncompte.actu.fr\" title=\"D\u00e9couvez Mon Actu\" rel=\"nofollow noopener\" data-trk=\"{&quot;cta&quot;:{&quot;action&quot;:&quot;https:\\\/\\\/moncompte.actu.fr&quot;,&quot;category&quot;:&quot;mon compte&quot;,&quot;from&quot;:&quot;article footer&quot;,&quot;name&quot;:&quot;Mon actu&quot;,&quot;type&quot;:&quot;cta&quot;}}\" target=\"_blank\">Mon Actu<\/a>.<\/p>\n","protected":false},"excerpt":{"rendered":"Par R\u00e9daction La Presse de la Manche Publi\u00e9 le 30 mai 2025 \u00e0 8h43 S\u2019il a longtemps tenu&hellip;\n","protected":false},"author":2,"featured_media":138708,"comment_status":"","ping_status":"","sticky":false,"template":"","format":"standard","meta":{"footnotes":""},"categories":[1888],"tags":[11,3168,1777,674,1011,27,2575,1652,12,626,25],"class_list":{"0":"post-138707","1":"post","2":"type-post","3":"status-publish","4":"format-standard","5":"has-post-thumbnail","7":"category-paris","8":"tag-actualites","9":"tag-cotentin","10":"tag-eu","11":"tag-europe","12":"tag-fr","13":"tag-france","14":"tag-jardinage","15":"tag-loisirs-culture","16":"tag-news","17":"tag-paris","18":"tag-republique-francaise"},"share_on_mastodon":{"url":"https:\/\/pubeurope.com\/@fr\/114595611605079426","error":""},"_links":{"self":[{"href":"https:\/\/www.europesays.com\/fr\/wp-json\/wp\/v2\/posts\/138707","targetHints":{"allow":["GET"]}}],"collection":[{"href":"https:\/\/www.europesays.com\/fr\/wp-json\/wp\/v2\/posts"}],"about":[{"href":"https:\/\/www.europesays.com\/fr\/wp-json\/wp\/v2\/types\/post"}],"author":[{"embeddable":true,"href":"https:\/\/www.europesays.com\/fr\/wp-json\/wp\/v2\/users\/2"}],"replies":[{"embeddable":true,"href":"https:\/\/www.europesays.com\/fr\/wp-json\/wp\/v2\/comments?post=138707"}],"version-history":[{"count":0,"href":"https:\/\/www.europesays.com\/fr\/wp-json\/wp\/v2\/posts\/138707\/revisions"}],"wp:featuredmedia":[{"embeddable":true,"href":"https:\/\/www.europesays.com\/fr\/wp-json\/wp\/v2\/media\/138708"}],"wp:attachment":[{"href":"https:\/\/www.europesays.com\/fr\/wp-json\/wp\/v2\/media?parent=138707"}],"wp:term":[{"taxonomy":"category","embeddable":true,"href":"https:\/\/www.europesays.com\/fr\/wp-json\/wp\/v2\/categories?post=138707"},{"taxonomy":"post_tag","embeddable":true,"href":"https:\/\/www.europesays.com\/fr\/wp-json\/wp\/v2\/tags?post=138707"}],"curies":[{"name":"wp","href":"https:\/\/api.w.org\/{rel}","templated":true}]}}