{"id":138711,"date":"2025-05-30T07:31:13","date_gmt":"2025-05-30T07:31:13","guid":{"rendered":"https:\/\/www.europesays.com\/fr\/138711\/"},"modified":"2025-05-30T07:31:13","modified_gmt":"2025-05-30T07:31:13","slug":"reconnaissance-de-la-palestine-droits-de-douane-de-trump-pourparlers-ukraine-russie-lactu-de-ce-vendredi-30-mai-matin-liberation","status":"publish","type":"post","link":"https:\/\/www.europesays.com\/fr\/138711\/","title":{"rendered":"Reconnaissance de la Palestine, droits de douane de Trump, pourparlers Ukraine-Russie\u2026 L\u2019actu de ce vendredi 30\u00a0mai matin \u2013 Lib\u00e9ration"},"content":{"rendered":"<p class=\"sc-ksZaOG ehjQrN text-element\">Chaque matin, la r\u00e9daction de Lib\u00e9 s\u00e9lectionne les actualit\u00e9s incontournables en France, dans le reste du monde et celles \u00e0 suivre au cours de la journ\u00e9e.<\/p>\n<p class=\"sc-ksZaOG ehjQrN text-element\">Une cour d\u2019appel a accord\u00e9 jeudi soir en urgence<a href=\"https:\/\/www.liberation.fr\/international\/amerique\/droits-de-douane-les-surtaxes-de-donald-trump-bloquees-par-un-tribunal-americain-20250529_YY6S62LV75D4LOQAD57QERNUU4\/\" target=\"_blank\" rel=\"noreferrer nofollow noopener\" title=\"https:\/\/www.liberation.fr\/international\/amerique\/droits-de-douane-les-surtaxes-de-donald-trump-bloquees-par-un-tribunal-americain-20250529_YY6S62LV75D4LOQAD57QERNUU4\/\"> le maintien des droits de douane voulus par le pr\u00e9sident Donald Trump<\/a>, le temps de se prononcer sur le fond. La veille, des juges avaient estim\u00e9 qu\u2019il revenait au Congr\u00e8s de fixer la politique commerciale du pays, et non au Pr\u00e9sident, qui avait \u00aboutrepass\u00e9\u00bb ses pr\u00e9rogatives. Ce dernier a conspu\u00e9 une d\u00e9cision \u00abhorrible\u00bb et \u00abtellement politique\u00bb de \u00abjuges gauchistes\u00bb.<\/p>\n<p class=\"sc-ksZaOG ehjQrN text-element\">Emmanuel Macron a d\u00e9clar\u00e9 ce vendredi matin que la reconnaissance d\u2019un Etat palestinien n\u2019\u00e9tait <a href=\"https:\/\/www.liberation.fr\/politique\/la-reconnaissance-de-la-palestine-est-un-devoir-moral-et-une-exigence-politique-selon-emmanuel-macron-20250530_2DO5UXG7NBEBTP2L5FSP3FPIDU\/\" target=\"_blank\" rel=\"noreferrer nofollow noopener\" title=\"https:\/\/www.liberation.fr\/politique\/la-reconnaissance-de-la-palestine-est-un-devoir-moral-et-une-exigence-politique-selon-emmanuel-macron-20250530_2DO5UXG7NBEBTP2L5FSP3FPIDU\/\">\u00abpas simplement un devoir moral, mais une exigence politique\u00bb<\/a>. Le Pr\u00e9sident fran\u00e7ais a \u00e9num\u00e9r\u00e9 plusieurs conditions pour franchir le pas, avant une conf\u00e9rence \u00e0 l\u2019ONU mi-juin sur le sujet, copr\u00e9sid\u00e9e par la France. Il a dans le m\u00eame temps menac\u00e9 Isra\u00ebl d\u2019un \u00abdurcissement de la position collective\u00bb de l\u2019Europe en l\u2019absence d\u2019am\u00e9lioration de la situation sanitaire \u00e0 Gaza.<\/p>\n<p class=\"sc-ksZaOG ehjQrN text-element\">Apr\u00e8s la proposition en ce sens de Moscou la veille, Kyiv s\u2019est dite \u00abpr\u00eate\u00bb jeudi soir \u00e0 participer \u00e0 une deuxi\u00e8me s\u00e9ance de pourparlers <a href=\"https:\/\/www.liberation.fr\/international\/europe\/moscou-propose-une-deuxieme-seance-de-pourparlers-avec-lukraine-le-2-juin-a-istanbul-20250528_VWDY7XMMERF25NDUSIZONZGVQI\/\" target=\"_blank\" rel=\"noreferrer nofollow noopener\" title=\"https:\/\/www.liberation.fr\/international\/europe\/moscou-propose-une-deuxieme-seance-de-pourparlers-avec-lukraine-le-2-juin-a-istanbul-20250528_VWDY7XMMERF25NDUSIZONZGVQI\/\">\u00e0 Istanbul lundi prochain<\/a>. Mais au pr\u00e9alable, l\u2019Ukraine demande la transission d\u2019un document d\u00e9taillant les conditions de Poutine pour une paix durable. Selon Kyiv, la partie russe a re\u00e7u un texte d\u00e9taillant la position ukrainienne.<\/p>\n<p class=\"sc-ksZaOG ehjQrN text-element\"><b>La note de la France selon S&amp;P vers une d\u00e9gradation ?<\/b><\/p>\n<p class=\"sc-ksZaOG ehjQrN text-element\">L\u2019agence de notation am\u00e9ricaine Standard &amp; Poor\u2019s r\u00e9\u00e9value ce vendredi soir la note souveraine de la France. Fin f\u00e9vrier, <a href=\"https:\/\/www.liberation.fr\/economie\/standard-poors-maintient-la-note-de-aa-mais-menace-de-degrader-la-france-au-vu-de-ses-finances-publiques-20250301_SEXF2ZE3SZDWFKYF2MRVQSWK74\/#:~:text=La%20note%20de%20la%20dette%20fran%C3%A7aise%20est%20class%C3%A9e%20par%20l,avec%20une%20perspective%20%C2%ABn%C3%A9gative%C2%BB.\" target=\"_blank\" rel=\"noreferrer nofollow noopener\" title=\"https:\/\/www.liberation.fr\/economie\/standard-poors-maintient-la-note-de-aa-mais-menace-de-degrader-la-france-au-vu-de-ses-finances-publiques-20250301_SEXF2ZE3SZDWFKYF2MRVQSWK74\/#:~:text=La%20note%20de%20la%20dette%20fran%C3%A7aise%20est%20class%C3%A9e%20par%20l,avec%20une%20perspective%20%C2%ABn%C3%A9gative%C2%BB.\">elle avait maintenu sa note AA- <\/a>(\u00abbonne qualit\u00e9\u00bb de cr\u00e9dit, ndlr) et tablait sur une perspective n\u00e9gative &#8211; cela signifie qu\u2019une d\u00e9gradation est possible sans am\u00e9lioration notable.<\/p>\n<p class=\"sc-ksZaOG ehjQrN text-element\"><b>\u00c7a joue \u00e0 Roland Garros<\/b><\/p>\n<p class=\"sc-ksZaOG ehjQrN text-element\">Le Fran\u00e7ais Quentin Halys affronte en d\u00e9but d\u2019apr\u00e8s-midi le Danois Holger Rune ce vendredi, pour le troisi\u00e8me tour de Roland Garros. La veille, <a href=\"https:\/\/www.liberation.fr\/sports\/tennis\/roland-garros-2025-richard-gasquet-fait-ses-adieux-au-tennis-apres-sa-defaite-contre-jannik-sinner-20250529_6WCTTGVAQZHARCOC2K32XZ7UJQ\/\" target=\"_blank\" rel=\"noreferrer nofollow noopener\" title=\"https:\/\/www.liberation.fr\/sports\/tennis\/roland-garros-2025-richard-gasquet-fait-ses-adieux-au-tennis-apres-sa-defaite-contre-jannik-sinner-20250529_6WCTTGVAQZHARCOC2K32XZ7UJQ\/\">Richard Gasquet a v\u00e9cu le tout dernier match de sa carri\u00e8re<\/a>, battu en trois sets par le num\u00e9ro 1 mondial Jannik Sinner. Le court Philippe-Chatrier lui a rendu hommage.<\/p>\n","protected":false},"excerpt":{"rendered":"Chaque matin, la r\u00e9daction de Lib\u00e9 s\u00e9lectionne les actualit\u00e9s incontournables en France, dans le reste du monde et&hellip;\n","protected":false},"author":2,"featured_media":138712,"comment_status":"","ping_status":"","sticky":false,"template":"","format":"standard","meta":{"footnotes":""},"categories":[1591],"tags":[11,75,1887,12,3518,4702,1885,1886,132,297],"class_list":{"0":"post-138711","1":"post","2":"type-post","3":"status-publish","4":"format-standard","5":"has-post-thumbnail","7":"category-russie","8":"tag-actualites","9":"tag-donald-trump","10":"tag-federation-de-russie","11":"tag-news","12":"tag-palestine","13":"tag-recap-actu","14":"tag-russia","15":"tag-russian-federation","16":"tag-russie","17":"tag-ukraine-la-crise"},"share_on_mastodon":{"url":"https:\/\/pubeurope.com\/@fr\/114595619466914610","error":""},"_links":{"self":[{"href":"https:\/\/www.europesays.com\/fr\/wp-json\/wp\/v2\/posts\/138711","targetHints":{"allow":["GET"]}}],"collection":[{"href":"https:\/\/www.europesays.com\/fr\/wp-json\/wp\/v2\/posts"}],"about":[{"href":"https:\/\/www.europesays.com\/fr\/wp-json\/wp\/v2\/types\/post"}],"author":[{"embeddable":true,"href":"https:\/\/www.europesays.com\/fr\/wp-json\/wp\/v2\/users\/2"}],"replies":[{"embeddable":true,"href":"https:\/\/www.europesays.com\/fr\/wp-json\/wp\/v2\/comments?post=138711"}],"version-history":[{"count":0,"href":"https:\/\/www.europesays.com\/fr\/wp-json\/wp\/v2\/posts\/138711\/revisions"}],"wp:featuredmedia":[{"embeddable":true,"href":"https:\/\/www.europesays.com\/fr\/wp-json\/wp\/v2\/media\/138712"}],"wp:attachment":[{"href":"https:\/\/www.europesays.com\/fr\/wp-json\/wp\/v2\/media?parent=138711"}],"wp:term":[{"taxonomy":"category","embeddable":true,"href":"https:\/\/www.europesays.com\/fr\/wp-json\/wp\/v2\/categories?post=138711"},{"taxonomy":"post_tag","embeddable":true,"href":"https:\/\/www.europesays.com\/fr\/wp-json\/wp\/v2\/tags?post=138711"}],"curies":[{"name":"wp","href":"https:\/\/api.w.org\/{rel}","templated":true}]}}