{"id":138715,"date":"2025-05-30T07:33:09","date_gmt":"2025-05-30T07:33:09","guid":{"rendered":"https:\/\/www.europesays.com\/fr\/138715\/"},"modified":"2025-05-30T07:33:09","modified_gmt":"2025-05-30T07:33:09","slug":"la-france-contre-les-etats-unis-lafrique-du-sud-et-la-nouvelle-caledonie-au-mondial-u20","status":"publish","type":"post","link":"https:\/\/www.europesays.com\/fr\/138715\/","title":{"rendered":"la France contre les \u00c9tats-Unis, l&rsquo;Afrique du Sud et la Nouvelle-Cal\u00e9donie au Mondial U20"},"content":{"rendered":"<p>Les Bleuets participeront pour la neuvi\u00e8me fois \u00e0 la Coupe du monde U20, o\u00f9 ils ont \u00e9t\u00e9 titr\u00e9s en 2013.<\/p>\n<p class=\"fig-paragraph\">Le tirage au sort de la Coupe du monde de football U20, qui se disputera au Chili en septembre, a offert \u00e0 l&rsquo;\u00e9quipe de France de\u00a0<a href=\"http:\/\/www.lefigaro.fr\/sports\/football\/foot-les-bleuets-de-diomede-remportent-le-tournoi-maurice-revello-pour-la-premiere-fois-depuis-7-ans-20220612\" data-fig-type=\"NewsFlash\" data-gtm-custom-categorie=\"navigation\" data-gtm-custom-action=\"crossclick\" data-gtm-custom-label=\"Contextuel\" data-gtm-event=\"customEventSPE\" data-fig-domain=\"LEFIGARO\" target=\"_blank\" rel=\"noopener\">Bernard Diom\u00e8de<\/a>\u00a0des confrontations face aux \u00c9tats-Unis, \u00e0 l&rsquo;Afrique du Sud et \u00e0 la Nouvelle-Cal\u00e9donie, qui participe pour la premi\u00e8re fois au tournoi.<\/p>\n<p class=\"fig-paragraph\">Pays h\u00f4te, le Chili disputera le match d&rsquo;ouverture le 27 septembre contre la Nouvelle-Z\u00e9lande, dans un groupe A qui comprendra \u00e9galement le Japon et l&rsquo;Egypte, selon le tirage au sort effectu\u00e9 jeudi \u00e0 Santiago. L&rsquo;Argentine, pays le plus titr\u00e9 (6), d\u00e9butera contre Cuba puis jouera contre l&rsquo;Italie et l&rsquo;Australie dans le groupe D.<\/p>\n<p class=\"fig-paragraph\">Le groupe C s&rsquo;annonce le plus relev\u00e9, avec le Br\u00e9sil, cinq fois champion du monde, l&rsquo;Espagne, championne en 1999, le Mexique et le Maroc. Dans le groupe B, s&rsquo;affronteront la Cor\u00e9e du Sud, l&rsquo;Ukraine, le Paraguay et le Panama. Le groupe F mettra aux prises la Colombie, l&rsquo;Arabie saoudite, la Norv\u00e8ge et le Nigeria.<\/p>\n<p class=\"fig-paragraph\">\u00c0 noter que le champion en titre, l&rsquo;Uruguay, ne s&rsquo;est pas qualifi\u00e9. La finale se jouera le 19 octobre au Stade National de Santiago. La France, plac\u00e9e dans le chapeau 2, participera pour la neuvi\u00e8me fois \u00e0 la Coupe du monde U20 et a \u00e9t\u00e9 titr\u00e9e en 2013.<\/p>\n<p class=\"fig-paragraph\"><strong>La composition des groupes\u00a0:<\/strong><\/p>\n<p class=\"fig-paragraph\">Groupe A &#8211; Chili, Nouvelle-Z\u00e9lande, Japon, Egypte<\/p>\n<p class=\"fig-paragraph\">Groupe B &#8211; Cor\u00e9e du Sud, Ukraine, Paraguay, Panama<\/p>\n<p class=\"fig-paragraph\">Groupe C &#8211; Br\u00e9sil, Mexique, Maroc, Espagne<\/p>\n<p class=\"fig-paragraph\">Groupe D &#8211; Italie, Australie, Cuba, Argentine<\/p>\n<p class=\"fig-paragraph\">Groupe E &#8211; \u00c9tats-Unis, Nouvelle-Cal\u00e9donie, France, Afrique du Sud<\/p>\n<p class=\"fig-paragraph\">Groupe F &#8211; Colombie, Arabie saoudite, Norv\u00e8ge, Nigeria<\/p>\n","protected":false},"excerpt":{"rendered":"Les Bleuets participeront pour la neuvi\u00e8me fois \u00e0 la Coupe du monde U20, o\u00f9 ils ont \u00e9t\u00e9 titr\u00e9s&hellip;\n","protected":false},"author":2,"featured_media":138716,"comment_status":"","ping_status":"","sticky":false,"template":"","format":"standard","meta":{"footnotes":""},"categories":[1589],"tags":[11,454,69,448,83,451,64,6713,73,1866,450,449,452,453,66,446,447,12,70,455,1864,1865,1863,308],"class_list":{"0":"post-138715","1":"post","2":"type-post","3":"status-publish","4":"format-standard","5":"has-post-thumbnail","7":"category-etats-unis","8":"tag-actualites","9":"tag-ballon-dor","10":"tag-bundesliga","11":"tag-champions-league","12":"tag-coupe-de-france","13":"tag-coupe-du-monde","14":"tag-equipe-de-france","15":"tag-equipe-de-france-de-football","16":"tag-etats-unis","17":"tag-etats-unis-damerique","18":"tag-euro","19":"tag-europa-league","20":"tag-italie","21":"tag-liga","22":"tag-ligue-1","23":"tag-ligue-2","24":"tag-ligue-des-champions","25":"tag-news","26":"tag-premier-league","27":"tag-uefa","28":"tag-united-states","29":"tag-united-states-of-america","30":"tag-us","31":"tag-usa"},"share_on_mastodon":{"url":"https:\/\/pubeurope.com\/@fr\/114595627357691862","error":""},"_links":{"self":[{"href":"https:\/\/www.europesays.com\/fr\/wp-json\/wp\/v2\/posts\/138715","targetHints":{"allow":["GET"]}}],"collection":[{"href":"https:\/\/www.europesays.com\/fr\/wp-json\/wp\/v2\/posts"}],"about":[{"href":"https:\/\/www.europesays.com\/fr\/wp-json\/wp\/v2\/types\/post"}],"author":[{"embeddable":true,"href":"https:\/\/www.europesays.com\/fr\/wp-json\/wp\/v2\/users\/2"}],"replies":[{"embeddable":true,"href":"https:\/\/www.europesays.com\/fr\/wp-json\/wp\/v2\/comments?post=138715"}],"version-history":[{"count":0,"href":"https:\/\/www.europesays.com\/fr\/wp-json\/wp\/v2\/posts\/138715\/revisions"}],"wp:featuredmedia":[{"embeddable":true,"href":"https:\/\/www.europesays.com\/fr\/wp-json\/wp\/v2\/media\/138716"}],"wp:attachment":[{"href":"https:\/\/www.europesays.com\/fr\/wp-json\/wp\/v2\/media?parent=138715"}],"wp:term":[{"taxonomy":"category","embeddable":true,"href":"https:\/\/www.europesays.com\/fr\/wp-json\/wp\/v2\/categories?post=138715"},{"taxonomy":"post_tag","embeddable":true,"href":"https:\/\/www.europesays.com\/fr\/wp-json\/wp\/v2\/tags?post=138715"}],"curies":[{"name":"wp","href":"https:\/\/api.w.org\/{rel}","templated":true}]}}