{"id":138727,"date":"2025-05-30T07:39:14","date_gmt":"2025-05-30T07:39:14","guid":{"rendered":"https:\/\/www.europesays.com\/fr\/138727\/"},"modified":"2025-05-30T07:39:14","modified_gmt":"2025-05-30T07:39:14","slug":"donald-trump-va-tenir-une-conference-de-presse-avec-elon-musk-quil-juge-formidable-malgre-son-depart-du-doge","status":"publish","type":"post","link":"https:\/\/www.europesays.com\/fr\/138727\/","title":{"rendered":"Donald Trump va tenir une conf\u00e9rence de presse avec Elon Musk, qu\u2019il juge \u00abformidable\u00bb malgr\u00e9 son d\u00e9part du Doge"},"content":{"rendered":"<p>Le milliardaire, qui a quitt\u00e9 l\u2019administration Trump cette semaine, va retrouver le pr\u00e9sident am\u00e9ricain ce vendredi le temps d\u2019une conf\u00e9rence de presse, apr\u00e8s un passage plus que mitig\u00e9 \u00e0 la t\u00eate du \u00abd\u00e9partement de l\u2019efficacit\u00e9 gouvernementale\u00bb.<\/p>\n<p class=\"fig-paragraph\">Aucune rancune au moment de se dire au revoir\u00a0? Alors qu\u2019Elon Musk a affirm\u00e9\u00a0<a href=\"http:\/\/www.lefigaro.fr\/international\/elon-musk-confirme-son-depart-du-gouvernement-trump-20250529\" target=\"_blank\" data-fig-type=\"NewsFlash\" rel=\"noopener nofollow\" data-gtm-custom-categorie=\"navigation\" data-gtm-custom-action=\"crossclick\" data-gtm-custom-label=\"Contextuel\" data-gtm-event=\"customEventSPE\" data-fig-domain=\"LEFIGARO\">\u00eatre \u00abd\u00e9\u00e7u\u00bb par un projet de loi du pr\u00e9sident am\u00e9ricain Donald Trump<\/a>, les deux hommes tiendront ensemble une conf\u00e9rence de presse ce vendredi 30 mai, \u00e0 partir de 19h30 (heure fran\u00e7aise, 13h30 \u00e0 Washington). Le milliardaire\u00a0<a href=\"http:\/\/www.lefigaro.fr\/economie\/fragilise-par-son-action-a-la-tete-du-doge-elon-musk-prend-ses-distances-avec-l-administration-trump-20250529\" target=\"_blank\" data-fig-type=\"Article\" rel=\"noopener nofollow\" data-gtm-custom-categorie=\"navigation\" data-gtm-custom-action=\"crossclick\" data-gtm-custom-label=\"Contextuel\" data-gtm-event=\"customEventSPE\" data-fig-domain=\"LEFIGARO\">a annonc\u00e9 son d\u00e9part cette semaine de l\u2019administration Trump<\/a>, et en particulier du Doge, o\u00f9 il a supervis\u00e9 des coupes drastiques dans les d\u00e9penses publiques.<\/p>\n<p class=\"fig-paragraph\">\u00abJe donne une conf\u00e9rence de presse demain \u00e0 13H30 (17H30 GMT) avec Elon Musk, dans le Bureau ovale. Ce sera son dernier jour, mais pas vraiment, car il sera toujours avec nous, pour nous aider jusqu&rsquo;au bout. Elon est formidable!\u00bb, a annonc\u00e9 le pr\u00e9sident am\u00e9ricain sur son r\u00e9seau Truth Social tard ce jeudi.<\/p>\n<p class=\"fig-paragraph\">Le patron de Space X a en effet d\u00e9cid\u00e9 de quitter la t\u00eate du \u00abd\u00e9partement de l\u2019efficacit\u00e9 gouvernementale\u00bb\u00a0<a href=\"http:\/\/www.lefigaro.fr\/vox\/societe\/une-faction-pro-poutine-a-pris-pied-a-la-maison-blanche-20250305\" target=\"_blank\" data-fig-type=\"Article\" rel=\"noopener nofollow\" data-gtm-custom-categorie=\"navigation\" data-gtm-custom-action=\"crossclick\" data-gtm-custom-label=\"Contextuel\" data-gtm-event=\"customEventSPE\" data-fig-domain=\"LEFIGARO\">o\u00f9 Donald Trump l\u2019avait nomm\u00e9 en janvier dernier<\/a>. L\u2019objectif, pour Elon Musk, \u00e9tait assez simple\u00a0: r\u00e9aliser des coupes budg\u00e9taires et amputer le budget de l\u2019administration f\u00e9d\u00e9rale de plusieurs centaines de milliards de dollars. Mais cinq mois apr\u00e8s son arriv\u00e9e \u00e0 Washington, son bilan est plus que mitig\u00e9\u00a0: \u00abseulement\u00bb 160 milliards de coupes budg\u00e9taires, une image ab\u00eem\u00e9e et\u00a0<a href=\"http:\/\/www.lefigaro.fr\/societes\/tesla-spacex-xai-apres-l-aventure-politique-avec-trump-elon-musk-face-a-de-nouveaux-defis-dans-ses-entreprises-20250528\" target=\"_blank\" data-fig-type=\"Article\" rel=\"noopener nofollow\" data-gtm-custom-categorie=\"navigation\" data-gtm-custom-action=\"crossclick\" data-gtm-custom-label=\"Contextuel\" data-gtm-event=\"customEventSPE\" data-fig-domain=\"LEFIGARO\">le cours de ses soci\u00e9t\u00e9s en Bourse, comme Tesla, a d\u00e9gringol\u00e9.<\/a><\/p>\n<p class=\"fig-body-link\">\n            \u00c0 lire aussi<br \/>\n        <a class=\"fig-body-link__link fig-premium-mark\" href=\"http:\/\/www.lefigaro.fr\/vox\/economie\/l-editorial-de-jacques-olivier-martin-un-musk-peut-en-cacher-un-autre-20250529\" target=\"_blank\" data-fig-type=\"Article\" rel=\"noopener nofollow\" data-gtm-custom-categorie=\"navigation\" data-gtm-custom-action=\"crossclick\" data-gtm-custom-label=\"Contextuel\" data-gtm-event=\"customEventSPE\" data-fig-domain=\"LEFIGARO\">L\u2019\u00e9ditorial de Jacques-Olivier Martin\u00a0: \u00ab\u00a0Un Musk peut en cacher un autre\u00a0\u00bb<br \/>\n    <\/a>\n<\/p>\n<p>Qu\u2019adviendra-t-il du Doge?<\/p>\n<p class=\"fig-paragraph\">\u00abJe pense que ces 130 jours pass\u00e9s au gouvernement sont les plus noirs de sa vie professionnelle\u00bb,\u00a0<a href=\"http:\/\/www.lefigaro.fr\/international\/la-folie-des-grandeurs-l-a-emporte-sur-le-genie-createur-elon-musk-quitte-la-maison-blanche-vaccine-contre-la-politique-20250529\" target=\"_blank\" data-fig-type=\"Article\" rel=\"noopener nofollow\" data-gtm-custom-categorie=\"navigation\" data-gtm-custom-action=\"crossclick\" data-gtm-custom-label=\"Contextuel\" data-gtm-event=\"customEventSPE\" data-fig-domain=\"LEFIGARO\">r\u00e9sume dans un entretien accord\u00e9 au Figaro<\/a>, Luc Mary, auteur de la biographie fran\u00e7aise d\u2019Elon Musk. \u00abL\u2019ambition, la folie des grandeurs l\u2019a emport\u00e9 sur le g\u00e9nie cr\u00e9ateur. Il a cherch\u00e9 \u00e0 \u00e9largir le champ des possibilit\u00e9s en s\u2019engageant en politique, mais c\u2019\u00e9tait une erreur, ce n\u2019est pas dans son ADN\u00bb, tranche-t-il.<\/p>\n<p class=\"fig-paragraph\">Sans Elon Musk, qu\u2019adviendra-t-il du Doge? Aupr\u00e8s de l\u2019agence de presse Reuters, l\u2019ing\u00e9nieur Sahil Lavingia, ancien membre de cette \u00e9quipe qui a pass\u00e9 presque deux mois aux c\u00f4t\u00e9s du milliardaire, affirme que le d\u00e9partement \u00abrisque de dispara\u00eetre\u00bb.<\/p>\n<p class=\"fig-paragraph\">Le Doge \u00abva juste mourir en pleurant\u00bb, lance-t-il, expliquant qu\u2019il s\u2019attend \u00e0 ce que les employ\u00e9s du d\u00e9partement \u00abcessent simplement de se pr\u00e9senter au travail\u00bb.<\/p>\n<p class=\"fig-paragraph\">De son c\u00f4t\u00e9, le secr\u00e9taire au Tr\u00e9sor Scott Bessent assure que le d\u00e9partement continuera \u00e0 fonctionner, malgr\u00e9 l\u2019absence d\u2019Elon Musk. \u00abLe Doge ne va pas s\u2019arr\u00eater avec Elon Musk\u00bb, a-t-il dit sur Fox News. Les \u00e9quipes qui travaillaient avec le milliardaire vont continuer \u00ab\u00e0 d\u00e9busquer les gaspillages, les fraudes et les abus\u00bb, a-t-il promis.<\/p>\n","protected":false},"excerpt":{"rendered":"Le milliardaire, qui a quitt\u00e9 l\u2019administration Trump cette semaine, va retrouver le pr\u00e9sident am\u00e9ricain ce vendredi le temps&hellip;\n","protected":false},"author":2,"featured_media":138728,"comment_status":"","ping_status":"","sticky":false,"template":"","format":"standard","meta":{"footnotes":""},"categories":[2],"tags":[259,11,260,75,46,73,1011,27,14,261,12,262,25],"class_list":{"0":"post-138727","1":"post","2":"type-post","3":"status-publish","4":"format-standard","5":"has-post-thumbnail","7":"category-actualites","8":"tag-actualite-internationale","9":"tag-actualites","10":"tag-affaires-etrangeres","11":"tag-donald-trump","12":"tag-elon-musk","13":"tag-etats-unis","14":"tag-fr","15":"tag-france","16":"tag-international","17":"tag-ministere-des-affaires-etrangeres","18":"tag-news","19":"tag-politique-etrangere","20":"tag-republique-francaise"},"share_on_mastodon":{"url":"https:\/\/pubeurope.com\/@fr\/114595650861641230","error":""},"_links":{"self":[{"href":"https:\/\/www.europesays.com\/fr\/wp-json\/wp\/v2\/posts\/138727","targetHints":{"allow":["GET"]}}],"collection":[{"href":"https:\/\/www.europesays.com\/fr\/wp-json\/wp\/v2\/posts"}],"about":[{"href":"https:\/\/www.europesays.com\/fr\/wp-json\/wp\/v2\/types\/post"}],"author":[{"embeddable":true,"href":"https:\/\/www.europesays.com\/fr\/wp-json\/wp\/v2\/users\/2"}],"replies":[{"embeddable":true,"href":"https:\/\/www.europesays.com\/fr\/wp-json\/wp\/v2\/comments?post=138727"}],"version-history":[{"count":0,"href":"https:\/\/www.europesays.com\/fr\/wp-json\/wp\/v2\/posts\/138727\/revisions"}],"wp:featuredmedia":[{"embeddable":true,"href":"https:\/\/www.europesays.com\/fr\/wp-json\/wp\/v2\/media\/138728"}],"wp:attachment":[{"href":"https:\/\/www.europesays.com\/fr\/wp-json\/wp\/v2\/media?parent=138727"}],"wp:term":[{"taxonomy":"category","embeddable":true,"href":"https:\/\/www.europesays.com\/fr\/wp-json\/wp\/v2\/categories?post=138727"},{"taxonomy":"post_tag","embeddable":true,"href":"https:\/\/www.europesays.com\/fr\/wp-json\/wp\/v2\/tags?post=138727"}],"curies":[{"name":"wp","href":"https:\/\/api.w.org\/{rel}","templated":true}]}}