{"id":138733,"date":"2025-05-30T07:44:11","date_gmt":"2025-05-30T07:44:11","guid":{"rendered":"https:\/\/www.europesays.com\/fr\/138733\/"},"modified":"2025-05-30T07:44:11","modified_gmt":"2025-05-30T07:44:11","slug":"jacquemot-rejoint-boisson-pour-un-3e-tour-inattendu","status":"publish","type":"post","link":"https:\/\/www.europesays.com\/fr\/138733\/","title":{"rendered":"Jacquemot rejoint Boisson pour un 3e tour inattendu"},"content":{"rendered":"<p>La championne du monde juniors 2020 sera au rendez-vous d\u2019un 3e tour 100% fran\u00e7ais.<\/p>\n<p class=\"fig-paragraph\">Dans le paysage d\u2019un tennis fran\u00e7ais qui ne savait pas \u00e0 quoi se raccrocher pour trouver un motif d\u2019espoir,\u00a0<a href=\"http:\/\/www.lefigaro.fr\/sports\/tennis\/roland-garros\/roland-garros-j-ai-arrete-de-me-mettre-la-pression-avec-le-temps-qui-passe-affirme-elsa-jacquemot-20250527\" data-fig-type=\"NewsFlash\" data-gtm-custom-categorie=\"navigation\" data-gtm-custom-action=\"crossclick\" data-gtm-custom-label=\"Contextuel\" data-gtm-event=\"customEventSPE\" data-fig-domain=\"LEFIGARO\" target=\"_blank\" rel=\"noopener\">Elsa Jacquemot<\/a>\u00a0qui a \u00e9limin\u00e9 6-2, 6-7 (4\/7), 6-1 l\u2019Am\u00e9ricaine Alycia Parks (52e mondiale) pour rejoindre\u00a0<a href=\"http:\/\/www.lefigaro.fr\/sports\/tennis\/roland-garros\/roland-garros-lois-boisson-une-invitee-qui-decoiffe-20250529\" data-fig-type=\"NewsFlash\" data-gtm-custom-categorie=\"navigation\" data-gtm-custom-action=\"crossclick\" data-gtm-custom-label=\"Contextuel\" data-gtm-event=\"customEventSPE\" data-fig-domain=\"LEFIGARO\" target=\"_blank\" rel=\"noopener\">Lois Boisson<\/a>\u00a0(qui a \u00e9cart\u00e9 l\u2019Ukrainienne Anhelina Kalinina) au 3e tour est un bonheur inattendu.<\/p>\n<p class=\"fig-paragraph\">La Fran\u00e7aise a livr\u00e9 un match solide, a dig\u00e9r\u00e9 les 3 balles de match \u00e9cart\u00e9es par l\u2019Am\u00e9ricaine, avant de basculer avec d\u00e9termination dans un 3e set survol\u00e9. Elsa Jacquemot (22 ans, 138e mondiale) a d\u00e9j\u00e0 connu les honneurs \u00e0 Roland-Garros. En 2020, elle avait d\u00e9croch\u00e9 le titre juniors. Avant de terminer l\u2019ann\u00e9e avec le titre de championne du monde de la cat\u00e9gorie.<\/p>\n<p class=\"fig-paragraph\">Sur la route de Roland-Garros, elle n\u2019\u00e9tait pas sortie des qualifications \u00e0 Strasbourg. Avant au 1er tour, de dominer la Grecque Maria Sakkari (ancienne n\u00b03 mondiale, demi-finaliste \u00e0 Roland-Garros en 2021). Et de parvenir \u00e0 encha\u00eener. Pour se poser face \u00e0 Lois Boisson sur la route d\u2019un premier 8e de finale \u00e0 Roland-Garros. Une agr\u00e9able surprise au regard des r\u00e9sultats r\u00e9cents des Fran\u00e7aises.<\/p>\n","protected":false},"excerpt":{"rendered":"La championne du monde juniors 2020 sera au rendez-vous d\u2019un 3e tour 100% fran\u00e7ais. Dans le paysage d\u2019un&hellip;\n","protected":false},"author":2,"featured_media":138734,"comment_status":"","ping_status":"","sticky":false,"template":"","format":"standard","meta":{"footnotes":""},"categories":[1415],"tags":[4169,105,2199,1011,27,24473,1960,24472,4171,60,1467,4170],"class_list":{"0":"post-138733","1":"post","2":"type-post","3":"status-publish","4":"format-standard","5":"has-post-thumbnail","7":"category-tennis","8":"tag-atp","9":"tag-djokovic","10":"tag-federer","11":"tag-fr","12":"tag-france","13":"tag-internationaux-de-france","14":"tag-nadal","15":"tag-rg","16":"tag-roland-garros","17":"tag-sports","18":"tag-tennis","19":"tag-wta"},"share_on_mastodon":{"url":"https:\/\/pubeurope.com\/@fr\/114595670419193193","error":""},"_links":{"self":[{"href":"https:\/\/www.europesays.com\/fr\/wp-json\/wp\/v2\/posts\/138733","targetHints":{"allow":["GET"]}}],"collection":[{"href":"https:\/\/www.europesays.com\/fr\/wp-json\/wp\/v2\/posts"}],"about":[{"href":"https:\/\/www.europesays.com\/fr\/wp-json\/wp\/v2\/types\/post"}],"author":[{"embeddable":true,"href":"https:\/\/www.europesays.com\/fr\/wp-json\/wp\/v2\/users\/2"}],"replies":[{"embeddable":true,"href":"https:\/\/www.europesays.com\/fr\/wp-json\/wp\/v2\/comments?post=138733"}],"version-history":[{"count":0,"href":"https:\/\/www.europesays.com\/fr\/wp-json\/wp\/v2\/posts\/138733\/revisions"}],"wp:featuredmedia":[{"embeddable":true,"href":"https:\/\/www.europesays.com\/fr\/wp-json\/wp\/v2\/media\/138734"}],"wp:attachment":[{"href":"https:\/\/www.europesays.com\/fr\/wp-json\/wp\/v2\/media?parent=138733"}],"wp:term":[{"taxonomy":"category","embeddable":true,"href":"https:\/\/www.europesays.com\/fr\/wp-json\/wp\/v2\/categories?post=138733"},{"taxonomy":"post_tag","embeddable":true,"href":"https:\/\/www.europesays.com\/fr\/wp-json\/wp\/v2\/tags?post=138733"}],"curies":[{"name":"wp","href":"https:\/\/api.w.org\/{rel}","templated":true}]}}