{"id":138757,"date":"2025-05-30T07:58:08","date_gmt":"2025-05-30T07:58:08","guid":{"rendered":"https:\/\/www.europesays.com\/fr\/138757\/"},"modified":"2025-05-30T07:58:08","modified_gmt":"2025-05-30T07:58:08","slug":"alain-delon-nouveau-rebondissement-et-pas-des-moindres-concernant-lheritage","status":"publish","type":"post","link":"https:\/\/www.europesays.com\/fr\/138757\/","title":{"rendered":"Alain Delon : nouveau rebondissement et pas des moindres concernant l\u2019h\u00e9ritage"},"content":{"rendered":"<p>      R\u00e9sum\u00e9<\/p>\n<p>Un h\u00e9ritage contest\u00e9 relance les tensions autour d&rsquo;Alain Delon, avec la possible exigence d&rsquo;un test g\u00e9n\u00e9tique qui pourrait bouleverser la situation familiale.<\/p>\n<p>        Sommaire<\/p>\n<p>Le monde du cin\u00e9ma pleure encore <strong>la disparition d&rsquo;<a href=\"https:\/\/www.public.fr\/tag\/alain-delon\" rel=\"nofollow noopener\" target=\"_blank\">Alain Delon<\/a><\/strong>, survenue le 18 ao\u00fbt 2024. Pr\u00e8s d&rsquo;un an apr\u00e8s la mort de la l\u00e9gende du septi\u00e8me art, son nom continue de r\u00e9sonner avec force.<\/p>\n<p>Le 22 mai dernier, un ouvrage consacr\u00e9 aux \u00ab\u00a0derniers jours du Samoura\u00ef\u00a0\u00bb est d&rsquo;ailleurs paru aux \u00e9ditions Robert Laffont. <\/p>\n<p>Alain Delon : un test ADN bient\u00f4t r\u00e9alis\u00e9 ? <\/p>\n<p>M\u00eame si les tensions au sein de la fratrie Delon \u00e9taient d\u00e9j\u00e0 visibles avant la sortie du livre de Fran\u00e7ois Vignolle et Laurence Piau, celui-ci soul\u00e8ve un nouveau sujet sensible : l<strong>a possible revendication d&rsquo;une part d&rsquo;<a href=\"https:\/\/www.public.fr\/heritage-dalain-delon-sa-demeure-a-douchy-un-cadeau-empoisonne-trop-couteux-ses-enfants-nauront-pas-les-moyens\" rel=\"nofollow noopener\" target=\"_blank\">h\u00e9ritage<\/a> par les enfants d&rsquo;Ari Boulogne.<\/strong><\/p>\n<p>Mort en 2023, ce dernier s&rsquo;est toujours consid\u00e9r\u00e9 comme le fils non reconnu d&rsquo;Alain Delon. Si aucune preuve officielle n&rsquo;a jamais confirm\u00e9 ce lien, ses enfants, eux, entendent aujourd&rsquo;hui se battre pour obtenir ce qu&rsquo;ils estiment leur revenir.<\/p>\n<p>Et pour faire valoir leurs droits, ils seraient pr\u00eats \u00e0 <strong>demander\u00a0un test g\u00e9n\u00e9tique<\/strong>, rapporte Closer. Une d\u00e9cision qui pourrait tout bouleverser&#8230;<\/p>\n<p>Laurence Piau : \u00ab\u00a0\u00c7a peut changer quelque chose\u00a0\u00bb<\/p>\n<p>\u00ab\u00a0<strong>Alors oui, \u00e7a peut changer quelque chose si un lien de filiation est \u00e9tabli. Ari Boulogne avait introduit\u00a0une demande de recherche en paternit\u00e9\u00a0qui n&rsquo;a pas abouti pour des raisons de droit<\/strong>\u00ab\u00a0, a r\u00e9cemment confi\u00e9 Laurence Piau sur les ondes de <a href=\"https:\/\/x.com\/franceinter\" target=\"_blank\" rel=\"noreferrer noopener nofollow\">France Inter<\/a>. <\/p>\n<p>Elle estime cependant qu&rsquo;un souci pourrait compliquer l&rsquo;audience du 11 juin \u00e0 Poitiers. L&rsquo;origine allemande de la m\u00e8re d&rsquo;Ari Boulogne et la nationalit\u00e9 suisse de l&rsquo;un de ses enfants pourraient soulever des questions juridiques.<\/p>\n<p>\u00ab\u00a0Et l\u00e0, \u00e7a diff\u00e8re compl\u00e8tement. Donc, le 11 juin, on va savoir quel droit s&rsquo;applique. Les enfants d&rsquo;Ari Boulogne sont bien d\u00e9termin\u00e9s, semble-t-il, \u00e0\u00a0poursuivre le combat de leur p\u00e8re.\u00a0Ils ont deux strat\u00e9gies diff\u00e9rentes, parce que ce sont deux avocats diff\u00e9rents\u00a0\u00bb, a-t-elle pr\u00e9cis\u00e9. <\/p>\n<p>Et de conclure : \u00ab\u00a0<strong>En fonction de quel droit s&rsquo;applique, ce qui est s\u00fbr, c&rsquo;est que de toute fa\u00e7on (&#8230;) on ne peut plus exhumer un corps, sauf autorisation express, que potentiellement, ils ne sauront jamais refuser. Tout d\u00e9pend, s&rsquo;il y a un test g\u00e9n\u00e9tique et si les enfants acceptent, \u00e7a peut \u00eatre la solution<\/strong>\u00ab\u00a0. Affaire \u00e0 suivre donc&#8230; <\/p>\n<p>      Mentionn\u00e9s dans cet article<\/p>\n<p>\u00c0 lire aussi<\/p>\n","protected":false},"excerpt":{"rendered":"R\u00e9sum\u00e9 Un h\u00e9ritage contest\u00e9 relance les tensions autour d&rsquo;Alain Delon, avec la possible exigence d&rsquo;un test g\u00e9n\u00e9tique qui&hellip;\n","protected":false},"author":2,"featured_media":138758,"comment_status":"","ping_status":"","sticky":false,"template":"","format":"standard","meta":{"footnotes":""},"categories":[8],"tags":[5960,58,59,1011,27,11632],"class_list":{"0":"post-138757","1":"post","2":"type-post","3":"status-publish","4":"format-standard","5":"has-post-thumbnail","7":"category-divertissement","8":"tag-alain-delon","9":"tag-divertissement","10":"tag-entertainment","11":"tag-fr","12":"tag-france","13":"tag-heritage"},"share_on_mastodon":{"url":"https:\/\/pubeurope.com\/@fr\/114595725595862963","error":""},"_links":{"self":[{"href":"https:\/\/www.europesays.com\/fr\/wp-json\/wp\/v2\/posts\/138757","targetHints":{"allow":["GET"]}}],"collection":[{"href":"https:\/\/www.europesays.com\/fr\/wp-json\/wp\/v2\/posts"}],"about":[{"href":"https:\/\/www.europesays.com\/fr\/wp-json\/wp\/v2\/types\/post"}],"author":[{"embeddable":true,"href":"https:\/\/www.europesays.com\/fr\/wp-json\/wp\/v2\/users\/2"}],"replies":[{"embeddable":true,"href":"https:\/\/www.europesays.com\/fr\/wp-json\/wp\/v2\/comments?post=138757"}],"version-history":[{"count":0,"href":"https:\/\/www.europesays.com\/fr\/wp-json\/wp\/v2\/posts\/138757\/revisions"}],"wp:featuredmedia":[{"embeddable":true,"href":"https:\/\/www.europesays.com\/fr\/wp-json\/wp\/v2\/media\/138758"}],"wp:attachment":[{"href":"https:\/\/www.europesays.com\/fr\/wp-json\/wp\/v2\/media?parent=138757"}],"wp:term":[{"taxonomy":"category","embeddable":true,"href":"https:\/\/www.europesays.com\/fr\/wp-json\/wp\/v2\/categories?post=138757"},{"taxonomy":"post_tag","embeddable":true,"href":"https:\/\/www.europesays.com\/fr\/wp-json\/wp\/v2\/tags?post=138757"}],"curies":[{"name":"wp","href":"https:\/\/api.w.org\/{rel}","templated":true}]}}