{"id":138763,"date":"2025-05-30T08:01:08","date_gmt":"2025-05-30T08:01:08","guid":{"rendered":"https:\/\/www.europesays.com\/fr\/138763\/"},"modified":"2025-05-30T08:01:08","modified_gmt":"2025-05-30T08:01:08","slug":"decouverte-des-vestiges-dune-cite-maya-de-2800-ans","status":"publish","type":"post","link":"https:\/\/www.europesays.com\/fr\/138763\/","title":{"rendered":"d\u00e9couverte des vestiges d&rsquo;une cit\u00e9 maya de 2800 ans"},"content":{"rendered":"<p class=\"fig-paragraph\">Au nord du Guatemala, des arch\u00e9ologues ont d\u00e9couvert des vestiges d&rsquo;une\u00a0<a href=\"http:\/\/www.lefigaro.fr\/culture\/patrimoine\/au-guatemala-la-decouverte-d-un-autel-du-ive-siecle-temoigne-d-une-guerre-entre-mayas-et-mexicains-20250503\" target=\"_blank\" data-fig-type=\"Article\" rel=\"noopener\" data-gtm-custom-categorie=\"navigation\" data-gtm-custom-action=\"crossclick\" data-gtm-custom-label=\"Contextuel\" data-gtm-event=\"customEventSPE\" data-fig-domain=\"LEFIGARO\">cit\u00e9 maya<\/a>\u00a0datant de plus de 2800 ans, ont annonc\u00e9 jeudi les autorit\u00e9s du pays d&rsquo;Am\u00e9rique centrale, ce qui pourrait permettre de mieux comprendre cette civilisation pr\u00e9-hispanique. Celle-ci s&rsquo;est \u00e9tendue sur des territoires qui occupent actuellement le sud du Mexique, le Guatemala, le Belize, le Salvador et le Honduras, et son existence remonte \u00e0 au moins 2.000 avant JC, connaissant son apog\u00e9e pendant la p\u00e9riode classique, entre 400 et 450 apr\u00e8s JC.<\/p>\n<p class=\"fig-paragraph\">Les vestiges ont \u00e9t\u00e9 d\u00e9couverts \u00e0 21 km du site arch\u00e9ologique d&rsquo;Uaxact\u00fan, dans le d\u00e9partement de Pet\u00e9n, principal site arch\u00e9ologique du Guatemala, pr\u00e8s du\u00a0<a href=\"http:\/\/www.lefigaro.fr\/international\/une-experience-kafkaienne-au-mexique-100-millions-d-electeurs-appeles-aux-urnes-dimanche-pour-elire-les-juges-et-magistrats-20250529\" target=\"_blank\" data-fig-type=\"NewsFlash\" rel=\"noopener\" data-gtm-custom-categorie=\"navigation\" data-gtm-custom-action=\"crossclick\" data-gtm-custom-label=\"Contextuel\" data-gtm-event=\"customEventSPE\" data-fig-domain=\"LEFIGARO\">Mexique<\/a>, l&rsquo;un des lieux les plus visit\u00e9s du pays, a indiqu\u00e9 le minist\u00e8re guat\u00e9malt\u00e8que de la Culture dans un communiqu\u00e9. Le site, qui s&rsquo;\u00e9tend sur environ 16 km2 date du Pr\u00e9classique Moyen (800-500 avant JC) \u00abs&rsquo;est r\u00e9v\u00e9l\u00e9 \u00eatre l&rsquo;un des centres c\u00e9r\u00e9moniels les plus anciens et importants\u00bb de cette p\u00e9riode de la civilisation maya dans cette r\u00e9gion foresti\u00e8re de Pet\u00e9n, explique le minist\u00e8re. Il pr\u00e9sente \u00abune planification architecturale remarquable\u00bb avec des pyramides, des observatoires astronomiques et des monuments \u00absculpt\u00e9s avec une iconographie unique de la r\u00e9gion\u00bb.<\/p>\n<p class=\"fig-paragraph\">La cit\u00e9 a \u00e9t\u00e9 baptis\u00e9e \u00abLos Abuelos\u00bb (les grands-parents) en raison de la d\u00e9couverte de deux sculptures anthropomorphes qui \u00abrepr\u00e9sentent un couple ancestral\u00bb. \u00abCes figures, dat\u00e9es entre 500 et 300 avant J.-C., pourraient \u00eatre li\u00e9es \u00e0 d&rsquo;anciennes pratiques rituelles de culte aux anc\u00eatres, renfor\u00e7ant leur pertinence culturelle et symbolique\u00bb, a ajout\u00e9 le minist\u00e8re de la Culture.<\/p>\n<p>Pyramide de 33 m\u00e8tres<\/p>\n<p class=\"fig-paragraph\">En plus de la cit\u00e9, un autre secteur connu sous le nom de \u00abPetnal\u00bb a \u00e9t\u00e9 d\u00e9couvert o\u00f9 tr\u00f4ne une pyramide de 33 m\u00e8tres de hauteur orn\u00e9e de fresques datant du Pr\u00e9classique, ainsi qu&rsquo;un site appel\u00e9 \u00abCambrayal\u00bb qui comporte \u00abun syst\u00e8me de canaux unique\u00bb de transport de l&rsquo;eau.<\/p>\n<p class=\"fig-paragraph\">\u00abL&rsquo;ensemble de ces trois sites forme un triangle urbain jusqu&rsquo;alors inconnu (&#8230;) Les d\u00e9couvertes permettent de repenser la compr\u00e9hension de l&rsquo;organisation c\u00e9r\u00e9monielle et sociopolitique du Pet\u00e9n pr\u00e9-hispanique\u00bb, souligne le communiqu\u00e9. Le directeur du projet arch\u00e9ologique, le Slovaque Milan Kov\u00e1c, a expliqu\u00e9 lors d&rsquo;une conf\u00e9rence de presse que les \u00abfouilles pr\u00e9liminaires\u00bb avaient commenc\u00e9 en 2023 et que depuis le d\u00e9but de l&rsquo;ann\u00e9e elles s&rsquo;\u00e9taient \u00e9tendues \u00e0 \u00abplus grande \u00e9chelle\u00bb pour \u00abcomprendre sa chronologie et aussi l&rsquo;importance politique et rituelle\u00bb du site dans la r\u00e9gion.<\/p>\n<p class=\"fig-paragraph\">Les Mayas ont \u00e9t\u00e9 l&rsquo;une des plus grandes<a href=\"http:\/\/www.lefigaro.fr\/sciences\/ces-travaux-eclairent-une-periode-meconnue-de-l-histoire-de-l-amerique-centrale-des-pecheries-pourraient-avoir-favorise-l-essor-des-mayas-20250113\" target=\"_blank\" data-fig-type=\"Article\" rel=\"noopener\" data-gtm-custom-categorie=\"navigation\" data-gtm-custom-action=\"crossclick\" data-gtm-custom-label=\"Contextuel\" data-gtm-event=\"customEventSPE\" data-fig-domain=\"LEFIGARO\">\u00a0civilisations pr\u00e9-hispaniques<\/a>\u00a0d&rsquo;Am\u00e9rique et ont laiss\u00e9 de grandes contributions \u00e0 l&rsquo;humanit\u00e9, comme la d\u00e9couverte du chiffre z\u00e9ro. Ils ont \u00e9galement d\u00e9velopp\u00e9 un syst\u00e8me avanc\u00e9 d&rsquo;\u00e9criture hi\u00e9roglyphe et avaient d\u00e9velopp\u00e9 un calendrier qui continue d&rsquo;\u00e9tonner arch\u00e9ologues et astronomes. Les Mayas ont l\u00e9gu\u00e9 la culture du ma\u00efs, du cacao et, selon certains, du chewing-gum (provenant de la s\u00e8ve d&rsquo;un arbre qui \u00e9tait cuite), la gomme \u00e0 m\u00e2cher.<\/p>\n<p class=\"fig-paragraph\">Au Guatemala, 22 groupes ethniques sont d&rsquo;origine maya, repr\u00e9sentant 42% des 18 millions d&rsquo;habitants, la plupart vivant dans la pauvret\u00e9.<\/p>\n","protected":false},"excerpt":{"rendered":"Au nord du Guatemala, des arch\u00e9ologues ont d\u00e9couvert des vestiges d&rsquo;une\u00a0cit\u00e9 maya\u00a0datant de plus de 2800 ans, ont&hellip;\n","protected":false},"author":2,"featured_media":138764,"comment_status":"","ping_status":"","sticky":false,"template":"","format":"standard","meta":{"footnotes":""},"categories":[5],"tags":[1111,47,11,1109,1112,118,1108,107,1106,1107,1011,27,26511,1110,1114,14,26510,12,1113,316,28],"class_list":{"0":"post-138763","1":"post","2":"type-post","3":"status-publish","4":"format-standard","5":"has-post-thumbnail","7":"category-international","8":"tag-actu","9":"tag-actualite","10":"tag-actualites","11":"tag-breves","12":"tag-depeches","13":"tag-faits-divers","14":"tag-fil","15":"tag-fil-info","16":"tag-flash","17":"tag-flash-actu","18":"tag-fr","19":"tag-france","20":"tag-guatemala","21":"tag-informations","22":"tag-infos","23":"tag-international","24":"tag-mayas","25":"tag-news","26":"tag-nouvelles","27":"tag-politique","28":"tag-world"},"share_on_mastodon":{"url":"https:\/\/pubeurope.com\/@fr\/114595737445417190","error":""},"_links":{"self":[{"href":"https:\/\/www.europesays.com\/fr\/wp-json\/wp\/v2\/posts\/138763","targetHints":{"allow":["GET"]}}],"collection":[{"href":"https:\/\/www.europesays.com\/fr\/wp-json\/wp\/v2\/posts"}],"about":[{"href":"https:\/\/www.europesays.com\/fr\/wp-json\/wp\/v2\/types\/post"}],"author":[{"embeddable":true,"href":"https:\/\/www.europesays.com\/fr\/wp-json\/wp\/v2\/users\/2"}],"replies":[{"embeddable":true,"href":"https:\/\/www.europesays.com\/fr\/wp-json\/wp\/v2\/comments?post=138763"}],"version-history":[{"count":0,"href":"https:\/\/www.europesays.com\/fr\/wp-json\/wp\/v2\/posts\/138763\/revisions"}],"wp:featuredmedia":[{"embeddable":true,"href":"https:\/\/www.europesays.com\/fr\/wp-json\/wp\/v2\/media\/138764"}],"wp:attachment":[{"href":"https:\/\/www.europesays.com\/fr\/wp-json\/wp\/v2\/media?parent=138763"}],"wp:term":[{"taxonomy":"category","embeddable":true,"href":"https:\/\/www.europesays.com\/fr\/wp-json\/wp\/v2\/categories?post=138763"},{"taxonomy":"post_tag","embeddable":true,"href":"https:\/\/www.europesays.com\/fr\/wp-json\/wp\/v2\/tags?post=138763"}],"curies":[{"name":"wp","href":"https:\/\/api.w.org\/{rel}","templated":true}]}}