{"id":138765,"date":"2025-05-30T08:02:12","date_gmt":"2025-05-30T08:02:12","guid":{"rendered":"https:\/\/www.europesays.com\/fr\/138765\/"},"modified":"2025-05-30T08:02:12","modified_gmt":"2025-05-30T08:02:12","slug":"pourquoi-il-ny-aura-pas-de-fan-zones-officielles-et-gratuites-a-paris","status":"publish","type":"post","link":"https:\/\/www.europesays.com\/fr\/138765\/","title":{"rendered":"pourquoi il n\u2019y aura pas de fan zones officielles et gratuites \u00e0 Paris"},"content":{"rendered":"<p>        <img decoding=\"async\" loading=\"lazy\" src=\"https:\/\/www.europesays.com\/fr\/wp-content\/uploads\/2025\/05\/cc4393b_sirius-fs-upload-1-xpb3bmdnxyhs-1748586026381-000-33np2xv.jpg\"  width=\"728\" height=\"409\" alt=\"This aerial photograph taken on July 11, 2023, onboard a helicopter of French army, shows the Eiffel Tower, three days ahead of the Bastille Day parade, in Paris. (Photo by Emmanuel DUNAND \/ AFP)\"\/>  <\/p>\n<p>EMMANUEL DUNAND \/ AFP<\/p>\n<p class=\"asset asset-text\">PARIS &#8211; Paris s\u2019appr\u00eate \u00e0 vivre une soir\u00e9e pas comme les autres, samedi soir \u00e0 l\u2019occasion de <a href=\"https:\/\/www.huffingtonpost.fr\/sport\/article\/on-m-a-propose-2500-euros-dans-l-enfer-de-la-billetterie-pour-la-finale-de-ligue-des-champions_250342.html\" rel=\"nofollow noopener\" target=\"_blank\">la finale de Ligue des Champions<\/a> <a href=\"https:\/\/www.huffingtonpost.fr\/sport\/article\/psg-reims-en-finale-coupe-de-france-plutot-que-des-vacances-les-parisiens-lancent-une-fin-de-saison-dantesque_250399.html\" rel=\"nofollow noopener\" target=\"_blank\">PSG<\/a>&#8211;<a href=\"https:\/\/www.huffingtonpost.fr\/sport\/article\/finale-de-ligue-des-champions-les-supporters-de-l-inter-milan-sont-aussi-furieux-pour-la-vente-des-billets_250536.html\" rel=\"nofollow noopener\" target=\"_blank\">Inter Milan<\/a>. Et on l\u2019esp\u00e8re pour les supporters parisiens un dimanche tout aussi particulier, puisqu\u2019en cas de succ\u00e8s des joueurs de Luis Enrique &#8211; ce qui serait historique -, une parade serait organis\u00e9e en fin d\u2019apr\u00e8s-midi sur les <a href=\"https:\/\/www.huffingtonpost.fr\/france\/article\/les-champs-elysees-boudes-par-les-parisiens-et-les-touristes-cette-etude-propose-de-les-reenchanter_234587.html\" rel=\"nofollow noopener\" target=\"_blank\">Champs-\u00c9lys\u00e9es<\/a>.<\/p>\n<p class=\"asset asset-text\"><a href=\"https:\/\/www.leparisien.fr\/paris-75\/psg-inter-milan-a-paris-tout-le-monde-est-sur-le-pont-le-prefet-nunez-devoile-son-plan-de-bataille-xxl-30-05-2025-Y3HSL7MF3NEABCKCCPI3V4MBIY.php\" target=\"_blank\" rel=\"noopener nofollow\" title=\"Nouvelle fen\u00eatre\">Interview\u00e9 par Le Parisien ce vendredi 30\u00a0mai<\/a>, le pr\u00e9fet de police de Paris Laurent Nu\u00f1ez a d\u00e9taill\u00e9 le dispositif de s\u00e9curit\u00e9 \u00ab\u00a0massif\u00a0\u00bb mis en place pour cette grande occasion, similaire \u00e0 ce qui est connu \u00ab\u00a0pour le 31\u00a0d\u00e9cembre\u00a0\u00bb, selon la maire du 8e arrondissement Jeanne d\u2019Hauteserre.<\/p>\n<p class=\"asset asset-text\">Sur les fan zones, il a indiqu\u00e9 qu\u2019il y en aurait \u00ab\u00a0une quinzaine en Seine-Saint-Denis\u00a0\u00bb. Ce sera notamment le cas \u00e0 Saint-Denis, Aulnay-sous-Bois ou Noisy-le-Grand. Mais on en trouvera aucune gratuite et publique dans Paris. \u00ab\u00a0Il n\u2019y en a pas \u00e0 Paris organis\u00e9e par des autorit\u00e9s publiques, mais on ne peut pas exclure qu\u2019une soci\u00e9t\u00e9 organise une projection\u00a0\u00bb, a pr\u00e9cis\u00e9 le pr\u00e9fet de police.<\/p>\n<p class=\"asset asset-text\">La mairie de Paris avait pourtant souhait\u00e9 organiser une\u00a0fan\u00a0zone\u00a0avec entr\u00e9e gratuite pour diffuser le match. En vain. La pr\u00e9fecture de police n\u2019y \u00e9tait pas favorable. L\u2019autre raison r\u00e9side dans la diffusion du match organis\u00e9e par le PSG au Parc des Princes. Celle-ci est payante, <a href=\"https:\/\/www.huffingtonpost.fr\/sport\/article\/pour-voir-la-finale-de-la-ligue-des-champions-au-parc-des-princes-les-fans-du-psg-vont-devoir-casser-leur-tirelire_250643.html\" rel=\"nofollow noopener\" target=\"_blank\">avec m\u00eame des places qui se revendent plusieurs centaines d\u2019euros<\/a>.<\/p>\n<p>                     Plus de 5\u00a0000\u00a0policiers mobilis\u00e9s    <\/p>\n<p class=\"asset asset-text\">Laurent Nu\u00f1ez met par ailleurs en avant la pr\u00e9sence totale de 5\u00a0400\u00a0policiers le soir du match, la plupart mobilis\u00e9s sur les Champs-\u00c9lys\u00e9es et aux abords du Parc des Princes. C\u2019est 3\u00a0400\u00a0de plus que lors de la demi-finale contre Arsenal, <a href=\"https:\/\/www.huffingtonpost.fr\/sport\/video\/apres-la-qualification-du-psg-en-finale-de-la-ligue-des-champions-nuit-bouillante-aux-champs-elysees-et-partout-dans-paris_249758.html\" rel=\"nofollow noopener\" target=\"_blank\">une soir\u00e9e \u00e9maill\u00e9e d\u2019incidents<\/a>.<\/p>\n<p class=\"asset asset-text\">Comme le pr\u00e9fet de police l\u2019explique au Parisien, la circulation sera coup\u00e9e d\u00e8s samedi, midi, autour de la place de l\u2019\u00c9toile, et \u00e0 partir de 18h sur la partie basse des Champs-\u00c9lys\u00e9es. \u00ab\u00a0Le port et transport d\u2019alcool et d\u2019armes seront interdits, de m\u00eame que l\u2019usage et le port d\u2019artifices de pyrotechnie\u00a0\u00bb, pr\u00e9vient-il.<\/p>\n<p class=\"asset asset-text\">Le dispositif sera tr\u00e8s strict puisque tous les commerces &#8211; sauf les h\u00f4tels &#8211; seront ferm\u00e9s dans ce p\u00e9rim\u00e8tre de samedi 19h \u00e0 dimanche 23h59. Des exceptions existeront autour de la place de la Concorde pour la journ\u00e9e de dimanche. \u00ab\u00a0Nous prot\u00e9geons les fa\u00e7ades des Champs avec le parc de v\u00e9hicules qui seront contre les commerces\u00a0\u00bb, explique Laurent Nu\u00f1ez.<\/p>\n<p class=\"asset asset-text\">Pour la parade des joueurs, si elle a lieu, un bus remontera les Champs-\u00c9lys\u00e9es \u00ab\u00a0sur un tiers de la chauss\u00e9e, c\u00f4t\u00e9 pair du bas vers le haut de l\u2019avenue\u00a0\u00bb, pr\u00e9cise-t-il encore. Pour le public, trois boxes pouvant contenir chacun 35\u00a0000\u00a0personnes seront install\u00e9s, ainsi que six \u00e9crans g\u00e9ants pour suivre le trajet des joueurs de l\u2019a\u00e9roport vers la capitale. Ceux-ci seraient attendus sur les Champs-\u00c9lys\u00e9es aux alentours de 17h, pour une parade qui durerait environ une heure. Ils iraient ensuite, \u00ab\u00a0possiblement\u00a0\u00bb, \u00e0 l\u2019\u00c9lys\u00e9e, avant une pr\u00e9sentation du troph\u00e9e au Parc des Princes \u00e0 21h30\u00a0pour un public d\u2019abonn\u00e9s.<\/p>\n","protected":false},"excerpt":{"rendered":"EMMANUEL DUNAND \/ AFP PARIS &#8211; Paris s\u2019appr\u00eate \u00e0 vivre une soir\u00e9e pas comme les autres, samedi soir&hellip;\n","protected":false},"author":2,"featured_media":138766,"comment_status":"","ping_status":"","sticky":false,"template":"","format":"standard","meta":{"footnotes":""},"categories":[4],"tags":[11,6984,1011,27,5454,447,12,626,2332,1072,25,656],"class_list":{"0":"post-138765","1":"post","2":"type-post","3":"status-publish","4":"format-standard","5":"has-post-thumbnail","7":"category-france","8":"tag-actualites","9":"tag-champs-elysees","10":"tag-fr","11":"tag-france","12":"tag-laurent-nunez","13":"tag-ligue-des-champions","14":"tag-news","15":"tag-paris","16":"tag-paris-saint-germain-psg","17":"tag-police","18":"tag-republique-francaise","19":"tag-securite"},"share_on_mastodon":{"url":"https:\/\/pubeurope.com\/@fr\/114595741322420401","error":""},"_links":{"self":[{"href":"https:\/\/www.europesays.com\/fr\/wp-json\/wp\/v2\/posts\/138765","targetHints":{"allow":["GET"]}}],"collection":[{"href":"https:\/\/www.europesays.com\/fr\/wp-json\/wp\/v2\/posts"}],"about":[{"href":"https:\/\/www.europesays.com\/fr\/wp-json\/wp\/v2\/types\/post"}],"author":[{"embeddable":true,"href":"https:\/\/www.europesays.com\/fr\/wp-json\/wp\/v2\/users\/2"}],"replies":[{"embeddable":true,"href":"https:\/\/www.europesays.com\/fr\/wp-json\/wp\/v2\/comments?post=138765"}],"version-history":[{"count":0,"href":"https:\/\/www.europesays.com\/fr\/wp-json\/wp\/v2\/posts\/138765\/revisions"}],"wp:featuredmedia":[{"embeddable":true,"href":"https:\/\/www.europesays.com\/fr\/wp-json\/wp\/v2\/media\/138766"}],"wp:attachment":[{"href":"https:\/\/www.europesays.com\/fr\/wp-json\/wp\/v2\/media?parent=138765"}],"wp:term":[{"taxonomy":"category","embeddable":true,"href":"https:\/\/www.europesays.com\/fr\/wp-json\/wp\/v2\/categories?post=138765"},{"taxonomy":"post_tag","embeddable":true,"href":"https:\/\/www.europesays.com\/fr\/wp-json\/wp\/v2\/tags?post=138765"}],"curies":[{"name":"wp","href":"https:\/\/api.w.org\/{rel}","templated":true}]}}