{"id":138767,"date":"2025-05-30T08:03:10","date_gmt":"2025-05-30T08:03:10","guid":{"rendered":"https:\/\/www.europesays.com\/fr\/138767\/"},"modified":"2025-05-30T08:03:10","modified_gmt":"2025-05-30T08:03:10","slug":"something-beautiful-de-miley-cyrus-un-nouvel-album-apocalyptique","status":"publish","type":"post","link":"https:\/\/www.europesays.com\/fr\/138767\/","title":{"rendered":"\u201cSomething Beautiful\u201d de Miley Cyrus\u00a0: un nouvel album apocalyptique"},"content":{"rendered":"<p class=\"latino-300b text-grey-800\">\n<p>  Par\u00a0<br \/>\n<a href=\"https:\/\/www.nouvelobs.com\/journaliste\/14927\/fabrice-pliskin.html\" class=\"text-decoration-none link--box d-inline\" target=\"_blank\" rel=\"noopener\">Fabrice Pliskin<\/a>                <\/p>\n<p class=\"latino-300r text-grey-600\">\n      Publi\u00e9 le<\/p>\n<p>    30 mai 2025 \u00e0 8h00, mis \u00e0 jour le<\/p>\n<p>      30 mai 2025 \u00e0 9h36\n  <\/p>\n<p>      <img fetchpriority=\"high\" decoding=\"async\" class=\"mx-auto\" src=\"data:image\/svg+xml,%3Csvg%20xmlns%3D%27http%3A%2F%2Fwww.w3.org%2F2000%2Fsvg%27%20fill%3D%22%23e4e4e4%22%20viewBox%3D%270%200%20510%20340%27%20width%3D%22510%22%20height%3D%22340%22%3E%3Cpath%20d%3D%27M0%200h510v340H0z%27%2F%3E%3C%2Fsvg%3E\"  loading=\"eager\" width=\"510\" height=\"340\" data-oncrawl-image-size=\"510x340\" alt=\"Miley Cyrus arrive au Met Gala \u00e0 New York, le 5\u00a0mai 2025.\"\/>      <\/p>\n<p class=\"latino-100m text-grey-600\">\n            Miley Cyrus arrive au Met Gala \u00e0 New York, le 5\u00a0mai 2025.\u00a0ANGELA WEISS\/AFP        <\/p>\n<p>    Lire\u00a0plus\u00a0tard  <\/p>\n<p><a aria-label=\"Nous suivre sur Google News\" href=\"https:\/\/news.google.com\/publications\/CAAqBwgKMJe4nQkw3dFs?hl=fr&amp;gl=FR&amp;ceid=FR%3Afr\" target=\"_blank\" data-piano=\"Page_Article,Sous_date_publi,Nous_suivre_sur_google_news,1er_clic,action\" class=\"btn btn--small btn--secondary\" rel=\"noopener\"><\/p>\n<p>      Google Actualit\u00e9s<br \/>\n  <\/a><\/p>\n<p>  Partager<\/p>\n<p>        Facebook<\/p>\n<p>        Bluesky<\/p>\n<p>        E-mail<\/p>\n<p>        Copier le lien<\/p>\n<p>      Envoyer<\/p>\n<p>    Offrir\u00a0cet\u00a0article<\/p>\n<p>S\u2019abonner permet d\u2019offrir les articles \u00e0 vos proches. Et pas que\u00a0: vous pouvez les consulter et les commenter.<\/p>\n<p>    Temps de lecture\u00a0:\u00a02\u00a0min.<\/p>\n<p class=\"badge badge--content-premium latino-100b\">Abonn\u00e9<\/p>\n<p class=\"article__description latino-600m mb-8 mb-lg-30 \" data-oncrawl-chapo-length=\"181\">\n  \t  Critique\u00a0<br \/>\n    Si la chanson \u00ab\u00a0End of The World\u00a0\u00bb est un hymne \u00e0 la f\u00eate ultime d\u2019un h\u00e9donisme apocalyptique, le reste du neuvi\u00e8me album de la chanteuse am\u00e9ricaine n\u2019a rien d\u2019un big bang.<\/p>\n<p class=\"node__paragraphe antonia-750r text-grey-800 pb-24 pb-md-30\">\nApocalyptique Miley\u00a0? S\u2019il faut trouver un sommet dans le plat pays que constitue \u00ab\u00a0Something Beautiful\u00a0\u00bb, le neuvi\u00e8me album de Miley Cyrus, ce sera la chanson num\u00e9ro\u00a03\u00a0: le single \u00ab\u00a0End of The World\u00a0\u00bb. Cette \u00ab\u00a0fin du monde\u00a0\u00bb d\u00e9bute de la meilleure fa\u00e7on du monde\u00a0: par un refrain \u00e0 tout casser, c\u2019est bien le moins pour chanter Armageddon, avant de poursuivre par un couplet qui emprunte au b.a.-ba de ABBA et, plus pr\u00e9cis\u00e9ment, \u00e0 la m\u00e9lodie vocale de \u00ab\u00a0Mamma Mia\u00a0\u00bb. Le tout r\u00e9g\u00e9n\u00e9r\u00e9 par une production o\u00f9 l\u2019on retrouve, entre autres, Jonathan Rado, membre de Foxygen, doux duo de pasticheurs compulsifs, et des textures \u00e9lectroniques \u2013 le piano \u00e0 la ABBA de Benny Andersson<strong> <\/strong>sonne ici simili-French Touch (si j\u2019ose m\u2019exprimer ainsi, quelque quinze jours avant l\u2019\u00e9preuve \u00e9crite\u00a0du bac de fran\u00e7ais).<\/p>\n<p class=\"node__paragraphe antonia-750r text-grey-800 pb-8\">\n\u00ab\u00a0Let\u2019s pretend it\u2019s not the end of the world\u00a0\u00bb, chante Cyrus. Traduction\u00a0: \u00ab\u00a0Faisons comme si ce n\u2019\u00e9tait pas la fin du monde\u00a0\u00bb. \u00ab\u00a0End of The World\u00a0\u00bb est un hymne \u00e0 la f\u00eate ultime d\u2019un h\u00e9donisme apocalyptique. Ici, Nostradamus danse le disco sous une boule \u00e0 facettes. Laissez-moi danser\u2026 Probl\u00e8me\u00a0: l\u2019album vient \u00e0 peine de commencer qu\u2019il semble d\u00e9j\u00e0 finir, s\u2019\u00e9vanouir dans l\u2019insignifiance. Mais let\u2019s pretend, pardon, faisons comme si \u00ab\u00a0End of th\u2026<\/p>\n<p class=\"latino-100m text-blue-400\">Article r\u00e9serv\u00e9 aux abonn\u00e9s.<\/p>\n<p>          Se connecter<\/p>\n<p class=\"text-center antonia-1850c\" style=\"margin-bottom:4px;\">Envie de lire la suite ?<\/p>\n<p class=\"text-center antonia-800c pb-15\">Tous nos articles en int\u00e9gralit\u00e9 d\u00e8s\u00a01\u20ac<\/p>\n<p>        S&rsquo;abonner<\/p>\n<p class=\"text-grey-700 or\">ou<\/p>\n<p>            <img width=\"164\" height=\"20\" src=\"data:image\/svg+xml,%3Csvg%20xmlns%3D%27http%3A%2F%2Fwww.w3.org%2F2000%2Fsvg%27%20fill%3D%22%23e4e4e4%22%20viewBox%3D%270%200%20282%2054%27%20width%3D%22282%22%20height%3D%2254%22%3E%3Cpath%20d%3D%27M0%200h282v54H0z%27%2F%3E%3C%2Fsvg%3E\"  class=\"js-swg-placeholder\" alt=\"Subscribe with Google\" loading=\"lazy\" decoding=\"async\"\/><\/p>\n<p>          D\u00e9couvrir toutes nos offres<\/p>\n","protected":false},"excerpt":{"rendered":"Par\u00a0 Fabrice Pliskin Publi\u00e9 le 30 mai 2025 \u00e0 8h00, mis \u00e0 jour le 30 mai 2025 \u00e0&hellip;\n","protected":false},"author":2,"featured_media":138768,"comment_status":"","ping_status":"","sticky":false,"template":"","format":"standard","meta":{"footnotes":""},"categories":[2],"tags":[17,11,1692,26516,26513,251,26515,1011,27,26514,873,12,10542,26512],"class_list":{"0":"post-138767","1":"post","2":"type-post","3":"status-publish","4":"format-standard","5":"has-post-thumbnail","7":"category-actualites","8":"tag-17","9":"tag-actualites","10":"tag-album","11":"tag-apocalyptique","12":"tag-beautiful","13":"tag-culture","14":"tag-cyrus","15":"tag-fr","16":"tag-france","17":"tag-miley","18":"tag-musique","19":"tag-news","20":"tag-nouvel","21":"tag-something"},"share_on_mastodon":{"url":"https:\/\/pubeurope.com\/@fr\/114595745308169432","error":""},"_links":{"self":[{"href":"https:\/\/www.europesays.com\/fr\/wp-json\/wp\/v2\/posts\/138767","targetHints":{"allow":["GET"]}}],"collection":[{"href":"https:\/\/www.europesays.com\/fr\/wp-json\/wp\/v2\/posts"}],"about":[{"href":"https:\/\/www.europesays.com\/fr\/wp-json\/wp\/v2\/types\/post"}],"author":[{"embeddable":true,"href":"https:\/\/www.europesays.com\/fr\/wp-json\/wp\/v2\/users\/2"}],"replies":[{"embeddable":true,"href":"https:\/\/www.europesays.com\/fr\/wp-json\/wp\/v2\/comments?post=138767"}],"version-history":[{"count":0,"href":"https:\/\/www.europesays.com\/fr\/wp-json\/wp\/v2\/posts\/138767\/revisions"}],"wp:featuredmedia":[{"embeddable":true,"href":"https:\/\/www.europesays.com\/fr\/wp-json\/wp\/v2\/media\/138768"}],"wp:attachment":[{"href":"https:\/\/www.europesays.com\/fr\/wp-json\/wp\/v2\/media?parent=138767"}],"wp:term":[{"taxonomy":"category","embeddable":true,"href":"https:\/\/www.europesays.com\/fr\/wp-json\/wp\/v2\/categories?post=138767"},{"taxonomy":"post_tag","embeddable":true,"href":"https:\/\/www.europesays.com\/fr\/wp-json\/wp\/v2\/tags?post=138767"}],"curies":[{"name":"wp","href":"https:\/\/api.w.org\/{rel}","templated":true}]}}