{"id":138773,"date":"2025-05-30T08:09:09","date_gmt":"2025-05-30T08:09:09","guid":{"rendered":"https:\/\/www.europesays.com\/fr\/138773\/"},"modified":"2025-05-30T08:09:09","modified_gmt":"2025-05-30T08:09:09","slug":"cest-catastrophique-douche-froide-pour-les-adherents-de-lasptt-la-section-basket-ball-mise-en-sommeil","status":"publish","type":"post","link":"https:\/\/www.europesays.com\/fr\/138773\/","title":{"rendered":"\u00ab\u00a0C&rsquo;est catastrophique\u00a0\u00bb: douche froide pour les adh\u00e9rents de l&rsquo;ASPTT, la section basket-ball mise en sommeil"},"content":{"rendered":"<p>C\u2019est la douche froide pour de nombreux adh\u00e9rents de l\u2019ASPTT (1) Toulon. Ce lundi 26 mai, le bureau a d\u00e9cid\u00e9 de mettre en sommeil la section basket-ball de l\u2019association omnisports.<\/p>\n<p>Une d\u00e9cision \u00ab\u00a0injustifi\u00e9e et brutale\u00a0\u00bb, qui laisse sur la touche 244 adh\u00e9rents de tous \u00e2ges, comme le d\u00e9nonce le pr\u00e9sident du comit\u00e9 du Var de basket, Patrick Collette.<\/p>\n<p>\u00ab\u00a0C\u2019est catastrophique pour tous ces jeunes et moins jeunes, enrage le dirigeant. On a l\u00e0 des histoires d\u2019adultes qui, je pense, vont faire payer cher \u00e0 tous les adh\u00e9rents. C\u2019est inadmissible.\u00a0\u00bb<\/p>\n<p>Papa d\u2019un jeune basketteur toulonnais, Florian (2) est tout aussi surpris, alors qu\u2019une d\u00e9tection avait pourtant \u00e9t\u00e9 organis\u00e9e ce mercredi: \u00ab\u00a0Ils ont encore fait un tournoi la semaine derni\u00e8re. \u00c7a fait ch\u2026 Il va falloir trouver un nouveau club la saison prochaine.\u00a0\u00bb<\/p>\n<p><strong>Pas de places dans les autres clubs?<\/strong><\/p>\n<p>Probl\u00e8me: les licences disponibles se font rares dans les clubs de basket du secteur. Depuis 2020, le nombre de licenci\u00e9s dans le d\u00e9partement est pass\u00e9 de 4.000 \u00e0 6.200. Lors de la derni\u00e8re intersaison, 1.500 amateurs de la balle orange avaient ainsi d\u00fb \u00eatre refus\u00e9s, faute de places.<\/p>\n<p>\u00ab\u00a0Il y a aussi le probl\u00e8me du nombre limite de cinq joueurs mut\u00e9s par feuille de match pour chaque \u00e9quipe. C\u2019est-\u00e0-dire qu\u2019un entra\u00eeneur ne pourra pas aligner dix recrues qui viendraient de l\u2019ASPTT. Alors, qu\u2019arrivera-t-il aux autres?\u00a0\u00bb, s\u2019interroge Michael Airal.<\/p>\n<p>Propuls\u00e9 directeur de la section basket en juin 2024, ce chef d\u2019entreprise varois est tomb\u00e9 des nues lors du dernier comit\u00e9 directeur de l\u2019association.<\/p>\n<p>C\u2019est l\u00e0 que treize des vingt-deux directeurs de section de l\u2019ASPTT ont vot\u00e9 en faveur de la fermeture de sa section, apr\u00e8s un s\u00e9v\u00e8re r\u00e9quisitoire du pr\u00e9sident g\u00e9n\u00e9ral, qui n\u2019a pas r\u00e9pondu \u00e0 nos sollicitations.<\/p>\n<p>\u00ab\u00a0Pendant la r\u00e9union, il m\u2019a reproch\u00e9 de ne pas laisser les autres sections utiliser le gymnase Piani. J\u2019ai expliqu\u00e9 que j\u2019avais vingt et une \u00e9quipes f\u00e9minines et masculines \u00e0 g\u00e9rer, des U7 aux seniors, dont certaines avec trois entra\u00eenements par semaine, en plus des dix matchs le week-end\u00a0\u00bb, explique Michael.<\/p>\n<p>Le b\u00e9n\u00e9vole a par la suite fait l\u2019objet de remontrances sur d\u2019autres sujets encore, de l\u2019envoi de mails tardifs aux modalit\u00e9s de paiement des entra\u00eeneurs en passant par la pr\u00e9sence dans le staff d\u2019une \u00e9quipe f\u00e9minine d\u2019un ancien dirigeant de l\u2019ASPTT, d\u00e9sormais persona non grata au sein du bureau.<\/p>\n<p><strong>Bient\u00f4t une r\u00e9union avec la mairie<\/strong><\/p>\n<p>Mais s\u2019il s\u2019est d\u00e9fendu et justifi\u00e9 face \u00e0 chaque accusation, l\u2019actuel directeur du basket n\u2019a pu convaincre la majorit\u00e9 de ses confr\u00e8res: \u00ab\u00a0C\u2019est un \u00e9chec pour moi. Je pense aux enfants et \u00e0 tous ceux qui se sont d\u00e9men\u00e9s cette ann\u00e9e pour que les licenci\u00e9s continuent \u00e0 pratiquer le sport qu\u2019ils aiment et ce, malgr\u00e9 la situation dans laquelle j\u2019ai repris la section. (&#8230;) Depuis mon arriv\u00e9e, j\u2019ai fait rentrer \u00e9norm\u00e9ment de partenaires, de donateurs, j\u2019ai augment\u00e9 de 5% le prix des licences\u2026 Les parents, eux, ne comprennent pas, car nous sommes autonomes financi\u00e8rement.\u00a0\u00bb<\/p>\n<p>Malgr\u00e9 tout, Michael Airal ne compte pas l\u00e2cher l\u2019affaire: \u00ab\u00a0On essaye actuellement de trouver des familles pour faire changer cette d\u00e9cision. Et on cherche aussi des solutions car m\u00eame si, demain, on cr\u00e9e un club en arrivant \u00e0 s\u2019arranger avec la commune de Toulon ou de La Valette, ce probl\u00e8me du nombre de mutations va se reposer.\u00a0\u00bb<\/p>\n<p>R\u00e9volt\u00e9 face \u00e0 cette mise en sommeil qui prendra effet d\u00e8s la fin du mois de juin, Patrick Collette affirme \u00e9galement vouloir faire son possible pour \u00ab\u00a0ne pas laisser les familles comme \u00e7a\u00a0\u00bb: \u00ab\u00a0C\u2019est un club qui fonctionne, qui marche bien, donc on n\u2019est pas du tout d\u2019accord avec cette violence. Il y a toujours des arrangements \u00e0 trouver pour qu\u2019il puisse subsister.\u00a0\u00bb<\/p>\n<p>Aussi, la mairie de Toulon a pr\u00e9vu de r\u00e9unir les diff\u00e9rentes parties vendredi prochain, dans le but d\u2019\u00e9voquer l\u2019avenir des pratiquants. \u00ab\u00a0Car m\u00eame si l\u2019ASPTT reste souveraine de ses choix, il est de notre responsabilit\u00e9 de tout faire pour qu\u2019ils maintiennent leurs pratiques sportives\u00a0\u00bb, souligne l\u2019adjoint au sport, Laurent Bonnet.<\/p>\n<p>Une chose est s\u00fbre: le match pour l\u2019avenir des membres de la section basket ne fait que d\u00e9buter.<\/p>\n<p>1. Association sportive des postes, t\u00e9l\u00e9graphes et t\u00e9l\u00e9phones.<\/p>\n<p>2. Le pr\u00e9nom a \u00e9t\u00e9 chang\u00e9.<\/p>\n","protected":false},"excerpt":{"rendered":"C\u2019est la douche froide pour de nombreux adh\u00e9rents de l\u2019ASPTT (1) Toulon. Ce lundi 26 mai, le bureau&hellip;\n","protected":false},"author":2,"featured_media":138774,"comment_status":"","ping_status":"","sticky":false,"template":"","format":"standard","meta":{"footnotes":""},"categories":[9619],"tags":[1111,11,1465,1777,674,1011,27,12,882,25,60,2310,1631],"class_list":{"0":"post-138773","1":"post","2":"type-post","3":"status-publish","4":"format-standard","5":"has-post-thumbnail","7":"category-toulon","8":"tag-actu","9":"tag-actualites","10":"tag-basket","11":"tag-eu","12":"tag-europe","13":"tag-fr","14":"tag-france","15":"tag-news","16":"tag-provence-alpes-cote-dazur","17":"tag-republique-francaise","18":"tag-sports","19":"tag-toulon","20":"tag-vie-associative"},"share_on_mastodon":{"url":"https:\/\/pubeurope.com\/@fr\/114595768869499391","error":""},"_links":{"self":[{"href":"https:\/\/www.europesays.com\/fr\/wp-json\/wp\/v2\/posts\/138773","targetHints":{"allow":["GET"]}}],"collection":[{"href":"https:\/\/www.europesays.com\/fr\/wp-json\/wp\/v2\/posts"}],"about":[{"href":"https:\/\/www.europesays.com\/fr\/wp-json\/wp\/v2\/types\/post"}],"author":[{"embeddable":true,"href":"https:\/\/www.europesays.com\/fr\/wp-json\/wp\/v2\/users\/2"}],"replies":[{"embeddable":true,"href":"https:\/\/www.europesays.com\/fr\/wp-json\/wp\/v2\/comments?post=138773"}],"version-history":[{"count":0,"href":"https:\/\/www.europesays.com\/fr\/wp-json\/wp\/v2\/posts\/138773\/revisions"}],"wp:featuredmedia":[{"embeddable":true,"href":"https:\/\/www.europesays.com\/fr\/wp-json\/wp\/v2\/media\/138774"}],"wp:attachment":[{"href":"https:\/\/www.europesays.com\/fr\/wp-json\/wp\/v2\/media?parent=138773"}],"wp:term":[{"taxonomy":"category","embeddable":true,"href":"https:\/\/www.europesays.com\/fr\/wp-json\/wp\/v2\/categories?post=138773"},{"taxonomy":"post_tag","embeddable":true,"href":"https:\/\/www.europesays.com\/fr\/wp-json\/wp\/v2\/tags?post=138773"}],"curies":[{"name":"wp","href":"https:\/\/api.w.org\/{rel}","templated":true}]}}