{"id":138781,"date":"2025-05-30T08:14:08","date_gmt":"2025-05-30T08:14:08","guid":{"rendered":"https:\/\/www.europesays.com\/fr\/138781\/"},"modified":"2025-05-30T08:14:08","modified_gmt":"2025-05-30T08:14:08","slug":"fetes-jeanne-darc-cathedrale-de-lumiere-voici-nos-idees-de-sorties-a-rouen-ce-weekend","status":"publish","type":"post","link":"https:\/\/www.europesays.com\/fr\/138781\/","title":{"rendered":"F\u00eates Jeanne d&rsquo;Arc, cath\u00e9drale de Lumi\u00e8re&#8230; Voici nos id\u00e9es de sorties \u00e0 Rouen ce weekend"},"content":{"rendered":"<p>            Par<br \/>\n        <strong><br \/>\n            <a href=\"https:\/\/actu.fr\/auteur\/julien-bouteiller\" title=\"Consulter tous les articles de Julien Bouteiller\" rel=\"nofollow noopener\" target=\"_blank\">Julien Bouteiller<\/a><br \/>\n        <\/strong><\/p>\n<p>        Publi\u00e9 le<\/p>\n<p>            30 mai 2025 \u00e0 9h04        <\/p>\n<p>Vous n\u2019avez rien de pr\u00e9vu pour ce dernier weekend de mai\u2009? Pas de probl\u00e8me, la r\u00e9daction de 76actu vous a concoct\u00e9 <strong>une liste (non exhaustive)<\/strong> des activit\u00e9s \u00e0 faire \u00e0 <a href=\"https:\/\/actu.fr\/normandie\/rouen_76540\" rel=\"nofollow noopener\" target=\"_blank\">Rouen<\/a> du 31\u00a0mai au 1er\u00a0juin 2025.<\/p>\n<p>Les F\u00eates Jeanne d\u2019Arc font leur retour<\/p>\n<p class=\"expresso-item wall-content\">L\u2019\u00e9v\u00e8nement de ce weekend, <strong>ce sera les F\u00eates Jeanne d\u2019Arc \u00e0 Rouen<\/strong>, du 29 au 31\u00a0mai 2025. Au programme\u2009: march\u00e9s artisanaux, d\u00e9monstrations, bal, d\u00e9fil\u00e9 d\u00e9guis\u00e9, etc. Plus d\u2019informations dans <a href=\"https:\/\/actu.fr\/normandie\/rouen_76540\/voici-le-programme-medieval-et-fantastique-des-fetes-jeanne-d-arc-de-rouen-a-orleans-on-nous-envie_62606362.html\" rel=\"nofollow noopener\" target=\"_blank\">notre article.<\/a><\/p>\n<p>Cath\u00e9drale de Lumi\u00e8re<\/p>\n<p class=\" wall-content\">Autre \u00e9v\u00e8nement particulier attendu \u00e0 Rouen, c\u2019est le retour <a href=\"https:\/\/actu.fr\/normandie\/rouen_76540\/cathedrale-de-lumiere-a-rouen-revient-avec-un-spectacle-presque-inedit_62698486.html\" rel=\"nofollow noopener\" target=\"_blank\">des projections sur la cath\u00e9drale de Rouen<\/a>. <strong>D\u00e8s le 31\u00a0mai, c\u2019est reparti<\/strong> avec la diffusion de deux spectacles \u00e0 la suite, le premier sur les Vikings et le second en mode ambiance disco. Rendez-vous \u00e0 partir de 23\u00a0heures. Les horaires d\u00e9taill\u00e9s <a href=\"https:\/\/www.visiterouen.com\/actualites\/au-rythme-des-temps-forts\/cathedrale-de-lumiere\/\" rel=\"nofollow noopener\" target=\"_blank\">ici.<\/a><\/p>\n<p><b>Tester des nouveaux sandwichs japonais<\/b><\/p>\n<p class=\"expresso-item wall-content\">Si une petite faim vous prend pendant le weekend, vous aurez peut-\u00eatre l\u2019occasion de tester <a href=\"https:\/\/actu.fr\/normandie\/rouen_76540\/un-nouveau-concept-debarque-a-rouen-les-sandos-d-etonnants-sandwichs-japonais_62688344.html\" rel=\"nofollow noopener\" target=\"_blank\">le nouveau concept du restaurant Mizu<\/a>, qui vous fait d\u00e9couvrir les <strong>sandos<\/strong>, des sandwichs \u00e0 la mode street-food japonaise. Attention, c\u2019est seulement en vente \u00e0 emporter\u2009!<\/p>\n<p>Un nouveau bar \u00e0 vins et tapas<\/p>\n<p class=\" wall-content\">Si vous \u00eates plut\u00f4t bar \u00e0 vins et tapas, vous pourrez d\u00e9couvrir Le Comptoir, <a href=\"https:\/\/actu.fr\/normandie\/rouen_76540\/le-comptoir-un-nouveau-bar-a-vins-et-tapas-signe-par-le-chef-de-l-epicurius-a-rouen_62661892.html\" rel=\"nofollow noopener\" target=\"_blank\">le nouvel \u00e9tablissement<\/a> sign\u00e9 par le chef de l\u2019\u00c9picurius \u00e0 Rouen. Situ\u00e9 rue Damiette, il a ouvert le 27\u00a0mai.<\/p>\n<p class=\" wall-content\"><strong>Aroma Zone a ouvert<\/strong><\/p>\n<p class=\" wall-content\"><strong>Pour les amateurs de cosm\u00e9tique<\/strong>s, difficile de manquer <a href=\"https:\/\/actu.fr\/normandie\/rouen_76540\/la-foule-presente-pour-l-ouverture-de-ce-nouveau-commerce-dans-le-centre-de-rouen-c-est-l-emeute_62692400.html\" rel=\"nofollow noopener\" target=\"_blank\">Aroma Zone<\/a>, ce nouveau commerce qui a ouvert le 27\u00a0mai \u00e0 Rouen, en plein centre-ville. C\u2019est la premi\u00e8re boutique en Normandie.<\/p>\n<p><b>Faire un plouf dans le canal Flaubert\u2009?<\/b><\/p>\n<p class=\"expresso-item wall-content\">M\u00eame si on n\u2019aura forc\u00e9ment une chaleur excessive, ces derni\u00e8res semaines, plusieurs habitants en ont profit\u00e9 pour piquer une t\u00eate<strong> dans le nouveau canal du quartier Flaubert<\/strong>. Cela pourrait vous donner des id\u00e9es ce weekend. Mais est-ce autoris\u00e9\u2009? On y r\u00e9pond dans <a href=\"https:\/\/actu.fr\/normandie\/rouen_76540\/peut-on-se-baigner-dans-le-nouveau-canal-du-quartier-flaubert-a-rouen_62620994.html\" rel=\"nofollow noopener\" target=\"_blank\">notre article.<\/a><\/p>\n<p class=\" wall-content\">Et n\u2019oubliez pas que vous pouvez toujours <a href=\"https:\/\/actu.fr\/normandie\/rouen_76540\/bar-prefere-des-rouennais-2025-les-votes-sont-ouverts-a-vous-de-jouer_62623521.html\" rel=\"nofollow noopener\" target=\"_blank\">voter pour votre bar pr\u00e9f\u00e9r\u00e9 \u00e0 Rouen ici<\/a>\u2009!<\/p>\n<p>Suivez l\u2019actualit\u00e9 de Rouen <a href=\"https:\/\/www.whatsapp.com\/channel\/0029VaKfnf99hXF2ddApFB1D\" rel=\"nofollow noopener\" target=\"_blank\">sur notre cha\u00eene WhatsApp<\/a> et <a href=\"https:\/\/www.tiktok.com\/@76actu.fr?lang=fr\" rel=\"nofollow noopener\" target=\"_blank\">sur notre compte TikTok<\/a>Vid\u00e9os : en ce moment sur ActuVous souhaitez annoncer un \u00e9v\u00e9nement festif ou associatif, une initiative locale\u2009? Rendez-vous sur notre plateforme <a href=\"https:\/\/www.infolocale.fr\/decouvrir\/actu\/\" rel=\"nofollow noopener\" target=\"_blank\">Infolocale<\/a>.<\/p>\n<p class=\" wall-content\">Suivez toute l\u2019actualit\u00e9 de vos villes et m\u00e9dias favoris en vous inscrivant \u00e0 <a href=\"https:\/\/moncompte.actu.fr\" title=\"D\u00e9couvez Mon Actu\" rel=\"nofollow noopener\" data-trk=\"{&quot;cta&quot;:{&quot;action&quot;:&quot;https:\\\/\\\/moncompte.actu.fr&quot;,&quot;category&quot;:&quot;mon compte&quot;,&quot;from&quot;:&quot;article footer&quot;,&quot;name&quot;:&quot;Mon actu&quot;,&quot;type&quot;:&quot;cta&quot;}}\" target=\"_blank\">Mon Actu<\/a>.<\/p>\n<p>                    <script async src=\"\/\/www.tiktok.com\/embed.js\"><\/script><\/p>\n","protected":false},"excerpt":{"rendered":"Par Julien Bouteiller Publi\u00e9 le 30 mai 2025 \u00e0 9h04 Vous n\u2019avez rien de pr\u00e9vu pour ce dernier&hellip;\n","protected":false},"author":2,"featured_media":101843,"comment_status":"","ping_status":"","sticky":false,"template":"","format":"standard","meta":{"footnotes":""},"categories":[9587],"tags":[1111,11,9086,1777,674,1011,27,1652,12,5161,25,9590],"class_list":{"0":"post-138781","1":"post","2":"type-post","3":"status-publish","4":"format-standard","5":"has-post-thumbnail","7":"category-rouen","8":"tag-actu","9":"tag-actualites","10":"tag-bon-plan-a-rouen","11":"tag-eu","12":"tag-europe","13":"tag-fr","14":"tag-france","15":"tag-loisirs-culture","16":"tag-news","17":"tag-normandie","18":"tag-republique-francaise","19":"tag-rouen"},"share_on_mastodon":{"url":"https:\/\/pubeurope.com\/@fr\/114595788409656384","error":""},"_links":{"self":[{"href":"https:\/\/www.europesays.com\/fr\/wp-json\/wp\/v2\/posts\/138781","targetHints":{"allow":["GET"]}}],"collection":[{"href":"https:\/\/www.europesays.com\/fr\/wp-json\/wp\/v2\/posts"}],"about":[{"href":"https:\/\/www.europesays.com\/fr\/wp-json\/wp\/v2\/types\/post"}],"author":[{"embeddable":true,"href":"https:\/\/www.europesays.com\/fr\/wp-json\/wp\/v2\/users\/2"}],"replies":[{"embeddable":true,"href":"https:\/\/www.europesays.com\/fr\/wp-json\/wp\/v2\/comments?post=138781"}],"version-history":[{"count":0,"href":"https:\/\/www.europesays.com\/fr\/wp-json\/wp\/v2\/posts\/138781\/revisions"}],"wp:featuredmedia":[{"embeddable":true,"href":"https:\/\/www.europesays.com\/fr\/wp-json\/wp\/v2\/media\/101843"}],"wp:attachment":[{"href":"https:\/\/www.europesays.com\/fr\/wp-json\/wp\/v2\/media?parent=138781"}],"wp:term":[{"taxonomy":"category","embeddable":true,"href":"https:\/\/www.europesays.com\/fr\/wp-json\/wp\/v2\/categories?post=138781"},{"taxonomy":"post_tag","embeddable":true,"href":"https:\/\/www.europesays.com\/fr\/wp-json\/wp\/v2\/tags?post=138781"}],"curies":[{"name":"wp","href":"https:\/\/api.w.org\/{rel}","templated":true}]}}