{"id":138790,"date":"2025-05-30T08:21:11","date_gmt":"2025-05-30T08:21:11","guid":{"rendered":"https:\/\/www.europesays.com\/fr\/138790\/"},"modified":"2025-05-30T08:21:11","modified_gmt":"2025-05-30T08:21:11","slug":"maire-sportif-etudiant-arriere-grand-parent-ils-ont-entre-17-a-85-ans-et-racontent-pourquoi-ils-sont-benevoles-pour-le-sommet-de-locean-a-nice","status":"publish","type":"post","link":"https:\/\/www.europesays.com\/fr\/138790\/","title":{"rendered":"Maire, sportif, \u00e9tudiant, arri\u00e8re-grand-parent&#8230; Ils ont entre 17 \u00e0 85 ans et racontent pourquoi ils sont b\u00e9n\u00e9voles pour le sommet de l\u2019Oc\u00e9an \u00e0 Nice"},"content":{"rendered":"<p>Tee-shirt, casquette, gourde, carnet, stylo et tote bag pour transporter le tout: voici le contenu du paquetage distribu\u00e9 aux quelque 530 b\u00e9n\u00e9voles de la conf\u00e9rence des Nations-Unies sur l\u2019Oc\u00e9an (Unoc). Car la Ville a fait appel aux volontaires pour donner un coup de main. Il ne faudra pas moins de cette escouade pour renseigner les visiteurs, les congressistes et le public.<\/p>\n<p>Les profils sont tr\u00e8s vari\u00e9s: \u00ab\u00a0Ils ont entre 17 et 85 ans et 90% d\u2019entre eux parlent au moins une langue \u00e9trang\u00e8re, pour un total de dix-sept langues parl\u00e9es\u00a0\u00bb, annonce Christian Estrosi au moment de les accueillir dans le jardin de la villa Mass\u00e9na le 28 mai dernier. Michel Rosi, Ni\u00e7ois de 76 ans, est ainsi parfaitement bilingue en anglais et manie aussi l\u2019italien. Facile pour ce retrait\u00e9 qui a travaill\u00e9 plus de trente ans \u00e0 l\u2019a\u00e9roport et a beaucoup voyag\u00e9. <\/p>\n<p>\u00ab\u00a0Cela fait douze ou treize ans que je fais du b\u00e9n\u00e9volat sur les grands \u00e9v\u00e9nements. Pendant le mondial de football f\u00e9minin en 2019, j\u2019ai \u00e9t\u00e9 interview\u00e9 par une t\u00e9l\u00e9vision \u00e9cossaise qui, comme vous, me demandait pourquoi, s\u2019amuse-t-il. \u00c7a me pla\u00eet, tout simplement. C\u2019est l\u2019occasion de faire des choses diff\u00e9rentes, de voir du monde en dehors de mon cercle habituel. C\u2019est enrichissant d\u2019\u00e9changer avec des gens d\u2019horizons diff\u00e9rents.\u00a0\u00bb<\/p>\n<p>              <img ci-src=\"https:\/\/www.nicematin.com\/vie-locale\/protec\/DATA_ART_15621309-eVSydb89.jpg?vh=8e9547&amp;ci_seal=72f44b9956\" alt=\"\"\/><br \/>\n        Patrick Leli\u00e8vre. <strong>Frantz Bouton.<\/strong> <\/p>\n<p>                                <strong>\u00ab\u00a0La cause est juste\u00a0\u00bb<\/strong><\/p>\n<p>Comme lui, Josette Agostini et Philippe Leli\u00e8vre sont des habitu\u00e9s du volontariat. Tous ont pr\u00eat\u00e9 main-forte pour le passage de la flamme olympique et l\u2019arriv\u00e9e du Tour de France, l\u2019\u00e9t\u00e9 dernier. Le second, 71 ans, passionn\u00e9 de sport, ne recule m\u00eame pas devant <strong>le marathon de New York qui se profile en novembre<\/strong>. Mais avant cela, il est concentr\u00e9 sur l\u2019Unoc. \u00ab\u00a0J\u2019ai particip\u00e9 \u00e0 la r\u00e9union de pr\u00e9sentation en d\u00e9but d\u2019ann\u00e9e et j\u2019ai voulu m\u2019investir car j\u2019estime que la cause est juste. Lorsque l\u2019on voit les cons\u00e9quences du d\u00e9r\u00e8glement climatique, la pollution des mers, il faut imp\u00e9rativement agir. Ce sommet est un \u00e9v\u00e9nement mondial et il me tient \u00e0 c\u0153ur d\u2019apporter ma contribution.\u00a0\u00bb<\/p>\n<p>M\u00eame motivation chez Ren\u00e9 Briquetti. Lui a une particularit\u00e9: <strong>il est le maire d\u2019un village de l\u2019arri\u00e8re-pays, Villars-sur-Var.<\/strong> \u00ab\u00a0En tant que citoyen, je prends la mesure des enjeux qui attendent les participants du sommet de l\u2019Oc\u00e9an. Il m\u2019a donc sembl\u00e9 naturel de m\u2019engager, c\u2019est aussi une mani\u00e8re de participer au rayonnement de la Ville, de la M\u00e9tropole et de la France \u00e0 l\u2019\u00e9tranger.\u00a0\u00bb L\u2019\u00e9lu sera affect\u00e9 \u00e0 la zone bleue (la plus s\u00e9curis\u00e9e, sur le port). \u00ab\u00a0J\u2019ai travaill\u00e9 huit ans en Grande-Bretagne, je parle anglais couramment. Cette affectation me permettra peut-\u00eatre d\u2019\u00e9changer quelques mots avec des maires issus de diff\u00e9rents pays. C\u2019est, pour moi, un honneur, un privil\u00e8ge et un plaisir de participer modestement \u00e0 ce sommet.\u00a0\u00bb<\/p>\n<p>              <img ci-src=\"https:\/\/www.nicematin.com\/vie-locale\/protec\/DATA_ART_15621308-SQLxiXpE.jpg?vh=f677de&amp;ci_seal=a31d380d62\" alt=\"\"\/><br \/>\n        Josette Agostini, 83 ans. <strong>Frantz Bouton.<\/strong> <\/p>\n<p>                                <strong>Josette, arri\u00e8re-grand-m\u00e8re, tr\u00e8s motiv\u00e9e<\/strong><\/p>\n<p>Tom Legras, 23 ans, a \u00e9galement voulu saisir cette opportunit\u00e9. Et \u00e7a tombe bien: il a du temps en ce moment. \u00ab\u00a0Je viens \u00e0 peine de terminer mes \u00e9tudes en relations internationales. J\u2019entame ma recherche d\u2019emploi. C\u2019est une chance incroyable de pouvoir participer \u00e0 l\u2019Unoc de cette mani\u00e8re. Le sujet me parle: en tant que Ni\u00e7ois, je c\u00f4toie la mer chaque jour et j\u2019ai conscience des enjeux qu\u2019elle recouvre. J\u2019esp\u00e8re que le sommet fera avancer les choses.\u00a0\u00bb<\/p>\n<p>              <img ci-src=\"https:\/\/www.nicematin.com\/vie-locale\/protec\/DATA_ART_15621307-U9Lv9drZ.jpg?vh=29359a&amp;ci_seal=7dc4c2c5d5\" alt=\"\"\/><br \/>\n        Michel Rosi. <strong>Frantz Bouton.<\/strong> <\/p>\n<p>Non loin, une dame moins jeune, Josette Agostini. \u00ab\u00a0J\u2019ai 83 ans, annonce fi\u00e8rement ce petit bout de femme, sourire jusqu\u2019aux oreilles et tee-shirt vert fluo \u00ab pour qu\u2019on [la] voie de loin\u00a0\u00bb. Elle n\u2019est pas la doyenne (\u00e0 deux ans pr\u00e8s) mais s\u2019amuse du compliment sur sa forme olympique.<\/p>\n<p>\u00ab\u00a0C\u2019est que je fais beaucoup de choses. Je fais du b\u00e9n\u00e9volat depuis 26 ans aupr\u00e8s des enfants malades \u00e0 L\u2019Archet et je participe \u00e0 toutes les manifestations sportives. Cette fois, je me suis dit: \u2018\u2018s\u2019ils veulent encore de moi, alors je serai volontaire\u2019\u2019. <strong>Je suis programm\u00e9e sur douze jours, je commence lundi.<\/strong>\u00ab\u00a0<\/p>\n<p>La Ni\u00e7oise a d\u00fb am\u00e9nager son agenda car elle passe aussi beaucoup de temps en famille, aupr\u00e8s de ses trois enfants, quatre petits-enfants et de ses cinq arri\u00e8re-petits-fils. \u00ab\u00a0Et un sixi\u00e8me cet \u00e9t\u00e9\u00a0\u00bb, se r\u00e9jouit celle que les gar\u00e7ons appellent \u00ab\u00a0Grand Mamie\u00a0\u00bb.<\/p>\n<p>              <img ci-src=\"https:\/\/www.nicematin.com\/vie-locale\/protec\/DATA_ART_15621306-HZk5QXwp.jpg?vh=d65638&amp;ci_seal=8428a8f63d\" alt=\"\"\/><br \/>\n        Tom Legras, 23 ans. <strong>Ax. T..<\/strong> <\/p>\n<p>Tout \u00e0 coup, une de ses amies, Sandhra, la coupe: \u00ab\u00a0Ce qu\u2019il faut savoir de Josette, c\u2019est que c\u2019est une personne merveilleuse, pleine de compassion et de gentillesse\u00a0\u00bb. Il n\u2019en fallait pas plus pour voir les yeux de l\u2019int\u00e9ress\u00e9e s\u2019embuer: \u00ab\u00a0Oh non, c\u2019est trop\u2026\u00a0\u00bb Et de conclure: \u00ab\u00a0Le secret pour rester jeune est d\u2019avancer sans regarder derri\u00e8re soi\u00a0\u00bb.<\/p>\n","protected":false},"excerpt":{"rendered":"Tee-shirt, casquette, gourde, carnet, stylo et tote bag pour transporter le tout: voici le contenu du paquetage distribu\u00e9&hellip;\n","protected":false},"author":2,"featured_media":138791,"comment_status":"","ping_status":"","sticky":false,"template":"","format":"standard","meta":{"footnotes":""},"categories":[2819],"tags":[1111,11,11130,436,1777,674,1011,27,12,2401,882,25,3366],"class_list":{"0":"post-138790","1":"post","2":"type-post","3":"status-publish","4":"format-standard","5":"has-post-thumbnail","7":"category-nice","8":"tag-actu","9":"tag-actualites","10":"tag-belle-histoire","11":"tag-environnement","12":"tag-eu","13":"tag-europe","14":"tag-fr","15":"tag-france","16":"tag-news","17":"tag-nice","18":"tag-provence-alpes-cote-dazur","19":"tag-republique-francaise","20":"tag-vie-locale"},"share_on_mastodon":{"url":"https:\/\/pubeurope.com\/@fr\/114595816008140919","error":""},"_links":{"self":[{"href":"https:\/\/www.europesays.com\/fr\/wp-json\/wp\/v2\/posts\/138790","targetHints":{"allow":["GET"]}}],"collection":[{"href":"https:\/\/www.europesays.com\/fr\/wp-json\/wp\/v2\/posts"}],"about":[{"href":"https:\/\/www.europesays.com\/fr\/wp-json\/wp\/v2\/types\/post"}],"author":[{"embeddable":true,"href":"https:\/\/www.europesays.com\/fr\/wp-json\/wp\/v2\/users\/2"}],"replies":[{"embeddable":true,"href":"https:\/\/www.europesays.com\/fr\/wp-json\/wp\/v2\/comments?post=138790"}],"version-history":[{"count":0,"href":"https:\/\/www.europesays.com\/fr\/wp-json\/wp\/v2\/posts\/138790\/revisions"}],"wp:featuredmedia":[{"embeddable":true,"href":"https:\/\/www.europesays.com\/fr\/wp-json\/wp\/v2\/media\/138791"}],"wp:attachment":[{"href":"https:\/\/www.europesays.com\/fr\/wp-json\/wp\/v2\/media?parent=138790"}],"wp:term":[{"taxonomy":"category","embeddable":true,"href":"https:\/\/www.europesays.com\/fr\/wp-json\/wp\/v2\/categories?post=138790"},{"taxonomy":"post_tag","embeddable":true,"href":"https:\/\/www.europesays.com\/fr\/wp-json\/wp\/v2\/tags?post=138790"}],"curies":[{"name":"wp","href":"https:\/\/api.w.org\/{rel}","templated":true}]}}