{"id":138794,"date":"2025-05-30T08:23:38","date_gmt":"2025-05-30T08:23:38","guid":{"rendered":"https:\/\/www.europesays.com\/fr\/138794\/"},"modified":"2025-05-30T08:23:38","modified_gmt":"2025-05-30T08:23:38","slug":"en-loire-atlantique-une-petite-fille-de-trois-ans-blessee-apres-une-chute-du-5e-etage","status":"publish","type":"post","link":"https:\/\/www.europesays.com\/fr\/138794\/","title":{"rendered":"En Loire-Atlantique, une petite fille de trois ans bless\u00e9e apr\u00e8s une chute du 5e\u00a0\u00e9tage"},"content":{"rendered":"<p>L\u2019accident s\u2019est d\u00e9roul\u00e9 \u00e0 Rez\u00e9, au sud de Nantes (Loire-Atlantique). Une petite fille de trois ans a chut\u00e9 du cinqui\u00e8me \u00e9tage d\u2019un immeuble situ\u00e9 quartier du Ch\u00e2teau, mardi 27\u00a0mai, aux alentours de 18\u00a0h\u00a030, assure une source proche du dossier, confirmant une information de  <a href=\"https:\/\/nantes.maville.com\/actu\/actudet_-une-fillette-de-3-ans-gravement-blessee-apres-avoir-chute-du-5e-etage-au-sud-de-nantes-_52716-6829256_actu.Htm\" target=\"_self\" rel=\"noopener\">Presse Oc\u00e9an<\/a> .<\/p>\n<p>Bless\u00e9e apr\u00e8s une chute de cinq \u00e9tages<\/p>\n<p>Selon les premiers \u00e9l\u00e9ments de l\u2019enqu\u00eate, elle serait tomb\u00e9e depuis une fen\u00eatre de l\u2019appartement. Sa m\u00e8re et ses trois fr\u00e8res et s\u0153urs \u00e9taient \u00e9galement pr\u00e9sents dans l\u2019appartement au moment des faits.\u00a0Les pompiers et le Samu arrivent rapidement sur place. La fillette, qui a surv\u00e9cu \u00e0 cette chute, a \u00e9t\u00e9 transport\u00e9e, bless\u00e9e, au CHU de Nantes par les secours. Son pronostic vital n\u2019est pas engag\u00e9. Les investigations se poursuivent pour \u00e9claircir les circonstances de l\u2019accident.<\/p>\n<p>\u00a0<\/p>\n","protected":false},"excerpt":{"rendered":"L\u2019accident s\u2019est d\u00e9roul\u00e9 \u00e0 Rez\u00e9, au sud de Nantes (Loire-Atlantique). Une petite fille de trois ans a chut\u00e9&hellip;\n","protected":false},"author":2,"featured_media":138795,"comment_status":"","ping_status":"","sticky":false,"template":"","format":"standard","meta":{"footnotes":""},"categories":[2818],"tags":[26517,1111,11,1764,10620,837,8990,1777,674,195,1011,27,3047,766,12,2636,2044,25],"class_list":{"0":"post-138794","1":"post","2":"type-post","3":"status-publish","4":"format-standard","5":"has-post-thumbnail","7":"category-nantes","8":"tag-5e","9":"tag-actu","10":"tag-actualites","11":"tag-ans","12":"tag-blessee","13":"tag-chute","14":"tag-etage","15":"tag-eu","16":"tag-europe","17":"tag-fille","18":"tag-fr","19":"tag-france","20":"tag-loire-atlantique","21":"tag-nantes","22":"tag-news","23":"tag-pays-de-la-loire","24":"tag-petite","25":"tag-republique-francaise"},"share_on_mastodon":{"url":"https:\/\/pubeurope.com\/@fr\/114595823878096642","error":""},"_links":{"self":[{"href":"https:\/\/www.europesays.com\/fr\/wp-json\/wp\/v2\/posts\/138794","targetHints":{"allow":["GET"]}}],"collection":[{"href":"https:\/\/www.europesays.com\/fr\/wp-json\/wp\/v2\/posts"}],"about":[{"href":"https:\/\/www.europesays.com\/fr\/wp-json\/wp\/v2\/types\/post"}],"author":[{"embeddable":true,"href":"https:\/\/www.europesays.com\/fr\/wp-json\/wp\/v2\/users\/2"}],"replies":[{"embeddable":true,"href":"https:\/\/www.europesays.com\/fr\/wp-json\/wp\/v2\/comments?post=138794"}],"version-history":[{"count":0,"href":"https:\/\/www.europesays.com\/fr\/wp-json\/wp\/v2\/posts\/138794\/revisions"}],"wp:featuredmedia":[{"embeddable":true,"href":"https:\/\/www.europesays.com\/fr\/wp-json\/wp\/v2\/media\/138795"}],"wp:attachment":[{"href":"https:\/\/www.europesays.com\/fr\/wp-json\/wp\/v2\/media?parent=138794"}],"wp:term":[{"taxonomy":"category","embeddable":true,"href":"https:\/\/www.europesays.com\/fr\/wp-json\/wp\/v2\/categories?post=138794"},{"taxonomy":"post_tag","embeddable":true,"href":"https:\/\/www.europesays.com\/fr\/wp-json\/wp\/v2\/tags?post=138794"}],"curies":[{"name":"wp","href":"https:\/\/api.w.org\/{rel}","templated":true}]}}