{"id":138805,"date":"2025-05-30T08:29:17","date_gmt":"2025-05-30T08:29:17","guid":{"rendered":"https:\/\/www.europesays.com\/fr\/138805\/"},"modified":"2025-05-30T08:29:17","modified_gmt":"2025-05-30T08:29:17","slug":"interview-de-yannick-paillard-president-de-lassociation-droit-au-velo","status":"publish","type":"post","link":"https:\/\/www.europesays.com\/fr\/138805\/","title":{"rendered":"Interview de Yannick Paillard, pr\u00e9sident de l\u2019Association Droit au V\u00e9lo"},"content":{"rendered":"<p>Se d\u00e9placer \u00e0 v\u00e9lo \u00e0 Roubaix aujourd\u2019hui, comment \u00e7a se passe ?<\/p>\n<p>C\u2019est beaucoup plus facile qu\u2019avant, c\u2019est ind\u00e9niable. Des efforts ont \u00e9t\u00e9 faits, beaucoup plus que dans d\u2019autres villes. Roubaix revient de loin ! La Ville a exprim\u00e9 sa volont\u00e9 de supprimer les 4 voies, de v\u00e9ritables \u00ab autoroutes urbaines \u00bb accidentog\u00e8nes, pour les transformer en deux voies et am\u00e9nager des voies d\u00e9di\u00e9es aux modes de d\u00e9placement doux (bus, v\u00e9los, trottinettes).<\/p>\n<p>Des exemples concrets qui concourent \u00e0 favoriser la place du v\u00e9lo ?<\/p>\n<p>Je citerais par exemple la mise en place des panneaux M12 qui favorisent la pratique du v\u00e9lo en leur donnant la possibilit\u00e9 de ne pas s\u2019arr\u00eater au feu rouge, \u00e0 condition que la voie soit libre. Roubaix est la premi\u00e8re ville de la MEL \u00e0 avoir mis en place ces panneaux. Enfin, le rev\u00eatement des voies vertes est praticable par tous les temps, ce qui est un confort non n\u00e9gligeable.<\/p>\n<p>Cr\u00e9dit Photo : service Communication, ville de Roubaix<\/p>\n","protected":false},"excerpt":{"rendered":"Se d\u00e9placer \u00e0 v\u00e9lo \u00e0 Roubaix aujourd\u2019hui, comment \u00e7a se passe ? C\u2019est beaucoup plus facile qu\u2019avant, c\u2019est&hellip;\n","protected":false},"author":2,"featured_media":138806,"comment_status":"","ping_status":"","sticky":false,"template":"","format":"standard","meta":{"footnotes":""},"categories":[2815],"tags":[1111,11,1777,674,1011,27,811,26518,1307,1908,12,25],"class_list":{"0":"post-138805","1":"post","2":"type-post","3":"status-publish","4":"format-standard","5":"has-post-thumbnail","7":"category-lille","8":"tag-actu","9":"tag-actualites","10":"tag-eu","11":"tag-europe","12":"tag-fr","13":"tag-france","14":"tag-hauts-de-france","15":"tag-insalubrite","16":"tag-lille","17":"tag-logement","18":"tag-news","19":"tag-republique-francaise"},"share_on_mastodon":{"url":"https:\/\/pubeurope.com\/@fr\/114595847629728572","error":""},"_links":{"self":[{"href":"https:\/\/www.europesays.com\/fr\/wp-json\/wp\/v2\/posts\/138805","targetHints":{"allow":["GET"]}}],"collection":[{"href":"https:\/\/www.europesays.com\/fr\/wp-json\/wp\/v2\/posts"}],"about":[{"href":"https:\/\/www.europesays.com\/fr\/wp-json\/wp\/v2\/types\/post"}],"author":[{"embeddable":true,"href":"https:\/\/www.europesays.com\/fr\/wp-json\/wp\/v2\/users\/2"}],"replies":[{"embeddable":true,"href":"https:\/\/www.europesays.com\/fr\/wp-json\/wp\/v2\/comments?post=138805"}],"version-history":[{"count":0,"href":"https:\/\/www.europesays.com\/fr\/wp-json\/wp\/v2\/posts\/138805\/revisions"}],"wp:featuredmedia":[{"embeddable":true,"href":"https:\/\/www.europesays.com\/fr\/wp-json\/wp\/v2\/media\/138806"}],"wp:attachment":[{"href":"https:\/\/www.europesays.com\/fr\/wp-json\/wp\/v2\/media?parent=138805"}],"wp:term":[{"taxonomy":"category","embeddable":true,"href":"https:\/\/www.europesays.com\/fr\/wp-json\/wp\/v2\/categories?post=138805"},{"taxonomy":"post_tag","embeddable":true,"href":"https:\/\/www.europesays.com\/fr\/wp-json\/wp\/v2\/tags?post=138805"}],"curies":[{"name":"wp","href":"https:\/\/api.w.org\/{rel}","templated":true}]}}