{"id":138813,"date":"2025-05-30T08:33:08","date_gmt":"2025-05-30T08:33:08","guid":{"rendered":"https:\/\/www.europesays.com\/fr\/138813\/"},"modified":"2025-05-30T08:33:08","modified_gmt":"2025-05-30T08:33:08","slug":"dans-cette-commune-pres-de-lyon-les-mineurs-nont-plus-le-droit-de-sortir-sans-un-adulte-apres-22h","status":"publish","type":"post","link":"https:\/\/www.europesays.com\/fr\/138813\/","title":{"rendered":"Dans cette commune pr\u00e8s de Lyon, les mineurs n&rsquo;ont plus le droit de sortir sans un adulte apr\u00e8s 22h"},"content":{"rendered":"<p itemprop=\"description\"><strong>Le maire serre la vis.<\/strong><\/p>\n<p><a href=\"https:\/\/www.lyonmag.com\/profil-personnalite-lyonnaise\/738\/mickael-paccaud\" target=\"_blank\" rel=\"noopener\">Micka\u00ebl Paccaud<\/a> a annonc\u00e9 l&rsquo;instauration d&rsquo;un couvre-feu sur sa commune de Mions. Le maire LR a pris un arr\u00eat\u00e9 qui interdit aux mineurs de moins de 17 ans de sortir dehors sans \u00eatre accompagn\u00e9s par un adulte. Le couvre-feu prend effet de 22h \u00e0 6h du matin le lendemain, chaque jour.<\/p>\n<p>\u00ab\u00a0Une minorit\u00e9 d&rsquo;individus mineurs, multiplie les actes de perturbation dans certains seceurs strat\u00e9giques de notre commune : comportements agressifs, incivilit\u00e9s, d\u00e9gradations de biens publics\u00a0\u00bb, liste Micka\u00ebl Paccaud pour justifier sa d\u00e9cision cens\u00e9e am\u00e9liorer \u00ab\u00a0la tranquillit\u00e9 publique et la s\u00e9curit\u00e9 de tous\u00a0\u00bb.<\/p>\n<p>\u00ab\u00a0J&rsquo;en appelle aussi \u00e0 la responsabilit\u00e9 des familles, \u00e0 l&rsquo;engagement de tous les partenaires \u00e9ducatifs et associatifs, et \u00e0 l&rsquo;unit\u00e9 de nos forces vives\u00a0\u00bb, poursuit l&rsquo;\u00e9dile de Mions dans son communiqu\u00e9 de presse.<\/p>\n","protected":false},"excerpt":{"rendered":"Le maire serre la vis. Micka\u00ebl Paccaud a annonc\u00e9 l&rsquo;instauration d&rsquo;un couvre-feu sur sa commune de Mions. Le&hellip;\n","protected":false},"author":2,"featured_media":138814,"comment_status":"","ping_status":"","sticky":false,"template":"","format":"standard","meta":{"footnotes":""},"categories":[1889],"tags":[1111,11,2813,2190,2430,1109,251,1112,2811,1777,674,118,1011,27,1922,1110,1114,2428,2810,12,241,316,25,2812,517,800],"class_list":{"0":"post-138813","1":"post","2":"type-post","3":"status-publish","4":"format-standard","5":"has-post-thumbnail","7":"category-lyon","8":"tag-actu","9":"tag-actualites","10":"tag-article","11":"tag-asvel","12":"tag-auvergne-rhone-alpes","13":"tag-breves","14":"tag-culture","15":"tag-depeches","16":"tag-economique","17":"tag-eu","18":"tag-europe","19":"tag-faits-divers","20":"tag-fr","21":"tag-france","22":"tag-info","23":"tag-informations","24":"tag-infos","25":"tag-lyon","26":"tag-lyonmag","27":"tag-news","28":"tag-ol","29":"tag-politique","30":"tag-republique-francaise","31":"tag-sociale","32":"tag-sport","33":"tag-transports"},"share_on_mastodon":{"url":"https:\/\/pubeurope.com\/@fr\/114595863203682863","error":""},"_links":{"self":[{"href":"https:\/\/www.europesays.com\/fr\/wp-json\/wp\/v2\/posts\/138813","targetHints":{"allow":["GET"]}}],"collection":[{"href":"https:\/\/www.europesays.com\/fr\/wp-json\/wp\/v2\/posts"}],"about":[{"href":"https:\/\/www.europesays.com\/fr\/wp-json\/wp\/v2\/types\/post"}],"author":[{"embeddable":true,"href":"https:\/\/www.europesays.com\/fr\/wp-json\/wp\/v2\/users\/2"}],"replies":[{"embeddable":true,"href":"https:\/\/www.europesays.com\/fr\/wp-json\/wp\/v2\/comments?post=138813"}],"version-history":[{"count":0,"href":"https:\/\/www.europesays.com\/fr\/wp-json\/wp\/v2\/posts\/138813\/revisions"}],"wp:featuredmedia":[{"embeddable":true,"href":"https:\/\/www.europesays.com\/fr\/wp-json\/wp\/v2\/media\/138814"}],"wp:attachment":[{"href":"https:\/\/www.europesays.com\/fr\/wp-json\/wp\/v2\/media?parent=138813"}],"wp:term":[{"taxonomy":"category","embeddable":true,"href":"https:\/\/www.europesays.com\/fr\/wp-json\/wp\/v2\/categories?post=138813"},{"taxonomy":"post_tag","embeddable":true,"href":"https:\/\/www.europesays.com\/fr\/wp-json\/wp\/v2\/tags?post=138813"}],"curies":[{"name":"wp","href":"https:\/\/api.w.org\/{rel}","templated":true}]}}