{"id":138815,"date":"2025-05-30T08:34:08","date_gmt":"2025-05-30T08:34:08","guid":{"rendered":"https:\/\/www.europesays.com\/fr\/138815\/"},"modified":"2025-05-30T08:34:08","modified_gmt":"2025-05-30T08:34:08","slug":"on-fait-quoi-a-lyon-ce-week-end-du-31-mai-et-1er-juin","status":"publish","type":"post","link":"https:\/\/www.europesays.com\/fr\/138815\/","title":{"rendered":"On fait quoi \u00e0 Lyon ce week-end du 31 mai et 1er juin ?"},"content":{"rendered":"<p itemprop=\"description\"><strong>D\u00e9couvrez nos 3 bons plans pour ce week-end.<\/strong><\/p>\n<p>   \t\t\t\t\t<strong>Mini sonore<\/strong><\/p>\n<p>C\u2019est la version familiale du festival des Nuits Sonores qui se d\u00e9roule cette semaine \u00e0 Lyon. L\u2019\u00e9v\u00e8nement Mini sonore donne rendez-vous ce samedi de 12h \u00e0 20h au public \u00e0 La Station Mue dans le 2e arrondissement. Au programme : ateliers, jeux collectifs, concerts, performances artistiques pour les petits comme les plus grands. Gratuit et ouvert \u00e0 toutes et \u00e0 tous. Plus d\u2019informations <a href=\"https:\/\/www.facebook.com\/events\/9148464645262989\" target=\"_blank\" rel=\"noopener\">ici<\/a><\/p>\n<p><strong>Vente de plantes<\/strong><\/p>\n<p>Elles n\u2019ont jamais \u00e9t\u00e9 aussi nombreuses que ces derni\u00e8res ann\u00e9es. Les ventes de plantes se multiplient \u00e0 Lyon. Direction ce samedi de 9h \u00e0 16h l\u2019H\u00f4tel Mercure Lyon Centre Ch\u00e2teau Perrache, plus pr\u00e9cis\u00e9ment l\u2019Esplanade de la Gare 12 Cours de Verdun dans le 2e arrondissement. Plantes Addict pose ses valises le temps d\u2019une journ\u00e9e et proposera des plantes \u00e0 des prix tout doux. Entr\u00e9e gratuite. Plus d\u2019informations <a href=\"https:\/\/www.facebook.com\/events\/651841627773574\/?acontext=%7B%22event_action_history%22%3A[%7B%22mechanism%22%3A%22discovery_local_tab%22%2C%22surface%22%3A%22bookmark%22%7D]%2C%22ref_notif_type%22%3Anull%7D\" target=\"_blank\" rel=\"noopener\">ici<\/a><\/p>\n<p><strong>Coffee party<\/strong><\/p>\n<p>Faire la f\u00eate en prenant son caf\u00e9 du matin ? Le rendez-vous est donn\u00e9 ce samedi de 11h \u00e0 18h dans le quartier de la Croix-Rousse, plus exactement au Momento Coffee qui se transformera le temps de quelques heures en un temple de la f\u00eate avec un DJ set non-stop pour chiller, danser et se r\u00e9galer. Plus d\u2019informations <a href=\"https:\/\/www.facebook.com\/events\/991037313191568\/?acontext=%7B%22event_action_history%22%3A[%7B%22mechanism%22%3A%22discovery_custom_tab%22%2C%22surface%22%3A%22bookmark%22%7D]%2C%22ref_notif_type%22%3Anull%7D\" target=\"_blank\" rel=\"noopener\">ici<\/a><\/p>\n","protected":false},"excerpt":{"rendered":"D\u00e9couvrez nos 3 bons plans pour ce week-end. Mini sonore C\u2019est la version familiale du festival des Nuits&hellip;\n","protected":false},"author":2,"featured_media":138816,"comment_status":"","ping_status":"","sticky":false,"template":"","format":"standard","meta":{"footnotes":""},"categories":[1889],"tags":[1111,11,2813,2190,2430,1109,251,1112,2811,1777,674,118,1294,4651,1011,27,1922,1110,1114,2428,4903,4902,12,241,316,25,2812,517,800],"class_list":{"0":"post-138815","1":"post","2":"type-post","3":"status-publish","4":"format-standard","5":"has-post-thumbnail","7":"category-lyon","8":"tag-actu","9":"tag-actualites","10":"tag-article","11":"tag-asvel","12":"tag-auvergne-rhone-alpes","13":"tag-breves","14":"tag-culture","15":"tag-depeches","16":"tag-economique","17":"tag-eu","18":"tag-europe","19":"tag-faits-divers","20":"tag-femme","21":"tag-femmes","22":"tag-fr","23":"tag-france","24":"tag-info","25":"tag-informations","26":"tag-infos","27":"tag-lyon","28":"tag-lyonfemme","29":"tag-lyonfemmes","30":"tag-news","31":"tag-ol","32":"tag-politique","33":"tag-republique-francaise","34":"tag-sociale","35":"tag-sport","36":"tag-transports"},"share_on_mastodon":{"url":"https:\/\/pubeurope.com\/@fr\/114595867530155861","error":""},"_links":{"self":[{"href":"https:\/\/www.europesays.com\/fr\/wp-json\/wp\/v2\/posts\/138815","targetHints":{"allow":["GET"]}}],"collection":[{"href":"https:\/\/www.europesays.com\/fr\/wp-json\/wp\/v2\/posts"}],"about":[{"href":"https:\/\/www.europesays.com\/fr\/wp-json\/wp\/v2\/types\/post"}],"author":[{"embeddable":true,"href":"https:\/\/www.europesays.com\/fr\/wp-json\/wp\/v2\/users\/2"}],"replies":[{"embeddable":true,"href":"https:\/\/www.europesays.com\/fr\/wp-json\/wp\/v2\/comments?post=138815"}],"version-history":[{"count":0,"href":"https:\/\/www.europesays.com\/fr\/wp-json\/wp\/v2\/posts\/138815\/revisions"}],"wp:featuredmedia":[{"embeddable":true,"href":"https:\/\/www.europesays.com\/fr\/wp-json\/wp\/v2\/media\/138816"}],"wp:attachment":[{"href":"https:\/\/www.europesays.com\/fr\/wp-json\/wp\/v2\/media?parent=138815"}],"wp:term":[{"taxonomy":"category","embeddable":true,"href":"https:\/\/www.europesays.com\/fr\/wp-json\/wp\/v2\/categories?post=138815"},{"taxonomy":"post_tag","embeddable":true,"href":"https:\/\/www.europesays.com\/fr\/wp-json\/wp\/v2\/tags?post=138815"}],"curies":[{"name":"wp","href":"https:\/\/api.w.org\/{rel}","templated":true}]}}