{"id":138817,"date":"2025-05-30T08:35:09","date_gmt":"2025-05-30T08:35:09","guid":{"rendered":"https:\/\/www.europesays.com\/fr\/138817\/"},"modified":"2025-05-30T08:35:09","modified_gmt":"2025-05-30T08:35:09","slug":"les-sorties-accessibles-cet-ete-a-paris-et-en-ile-de-france","status":"publish","type":"post","link":"https:\/\/www.europesays.com\/fr\/138817\/","title":{"rendered":"Les sorties accessibles cet \u00e9t\u00e9\u00a0\u00e0 Paris et en\u00a0\u00cele-de-France"},"content":{"rendered":"<p>L\u2019\u00e9t\u00e9 \u00e0 Paris\u00a0et en \u00cele-de-France s\u2019annonce riche en\u00a0\u00e9v\u00e9nements, animations\u00a0et d\u00e9couvertes accessibles \u00e0 toutes\u00a0et \u00e0 tous. Qu\u2019il s\u2019agisse de festivals, d\u2019expositions, de loisirs ou de moments de\u00a0d\u00e9tente en plein\u00a0air, la r\u00e9gion multiplie les initiatives\u00a0pour garantir une exp\u00e9rience inclusive\u00a0\u00e0 chacun.<\/p>\n<p>De juin \u00e0\u00a0fin ao\u00fbt, la\u00a0programmation se veut\u00a0ouverte, vari\u00e9e et adapt\u00e9e, pour permettre \u00e0\u00a0chacun de profiter pleinement\u00a0de la saison estivale.<\/p>\n<p>\u00c0 travers ce guide, d\u00e9couvrez une s\u00e9lection d\u2019activit\u00e9s accessibles et adapt\u00e9es, pour composer votre agenda estival.<\/p>\n<p>Festivals<\/p>\n<p><a href=\"http:\/\/welovegreen.fr\" rel=\"nofollow noopener\" target=\"_blank\">We Love Green<\/a> : 6 au 8 juin 2025 \u2013 Bois de Vincennes, Paris 12e<\/p>\n<p>Grand rendez-vous annuel engag\u00e9 pour l\u2019\u00e9cologie, il propose cette ann\u00e9e une programmation musicale \u00e9clectique, avec des dispositifs d\u2019accessibilit\u00e9 renforc\u00e9s\u202f: entr\u00e9e d\u00e9di\u00e9e, parking r\u00e9serv\u00e9, voiturette \u00e9lectrique, tarif r\u00e9duit pour les b\u00e9n\u00e9ficiaires de l\u2019AAH et b\u00e9n\u00e9voles pr\u00e9sents pour accompagner. Les billets d\u00e9marrent \u00e0 59\u202f\u20ac, avec un tarif r\u00e9duit sur pr\u00e9sentation de justificatif.<\/p>\n<p><a href=\"https:\/\/handinova.fr\/etude-de-cas-accessibilite-solidays\/\" target=\"_blank\" rel=\"noreferrer noopener nofollow\">Solidays<\/a> : 27 au 29 juin 2025 \u2013 Hippodrome de Longchamp, Paris 16e<\/p>\n<p>Ce festival de musique et de solidarit\u00e9 met l\u2019accent sur l\u2019inclusion\u202f: bracelets d\u00e9di\u00e9s, b\u00e9n\u00e9voles form\u00e9s, signal\u00e9tique renforc\u00e9e, plateformes accessibles et partenariat avec Malakoff Humanis. Les billets sont disponibles \u00e0 partir de 59\u202f\u20ac.<\/p>\n<p><a href=\"https:\/\/leclaireur.fnac.com\/festival\/fnac-live-paris\/\" target=\"_blank\" rel=\"noreferrer noopener nofollow\">Fnac Live Paris<\/a> : 2 au 4 juillet 2025 \u2013 Parvis de l\u2019H\u00f4tel de Ville, Paris 4e<\/p>\n<p>Rencontres, d\u00e9dicaces, ateliers et animations autour du livre sont au programme. Des concerts gratuits en plein air avec des artistes comme Eddy de Pretto et Olivia Ruiz sont \u00e9galement pr\u00e9vus.<\/p>\n<p><a href=\"https:\/\/www.parislete.fr\/\" target=\"_blank\" rel=\"noreferrer noopener nofollow\">Festival Paris l\u2019\u00c9t\u00e9<\/a> : 12 juillet au 5 ao\u00fbt 2025 \u2013 Divers lieux \u00e0 Paris et en \u00cele-de-France<\/p>\n<p>le Festival Paris l\u2019\u00e9t\u00e9 propose du th\u00e9\u00e2tre, de la danse, du cirque et des performances dans diff\u00e9rents lieux de la capitale. Plusieurs spectacles sont accessibles\u202f: renseignez-vous sur le site officiel pour conna\u00eetre la programmation adapt\u00e9e. Les tarifs varient selon les spectacles.<\/p>\n<p>                    <a href=\"https:\/\/www.lollaparis.com\/\" target=\"_blank\" rel=\"noreferrer noopener nofollow\">Lollapalooza Paris<\/a> : 18 au 20 juillet 2025 \u2013 Hippodrome ParisLongchamp, Paris 16e<\/p>\n<p>Festival international avec des t\u00eates d\u2019affiche renomm\u00e9es. <\/p>\n<p><a href=\"https:\/\/www.rockenseine.com\/\" target=\"_blank\" rel=\"noreferrer noopener nofollow\">Rock en Seine<\/a> : 20 au 24 ao\u00fbt 2025 \u2013 Domaine National de Saint-Cloud, Hauts-de-Seine<\/p>\n<p>Festival rock avec des artistes comme A$AP Rocky et London Grammar.<\/p>\n<p>Expositions<\/p>\n<p><a href=\"https:\/\/www.mam.paris.fr\/fr\/expositions\/exposition-matisse-et-marguerite\" target=\"_blank\" rel=\"noreferrer noopener nofollow\">Matisse et Marguerite<\/a> : Jusqu\u2019au 24 ao\u00fbt 2025 \u2013 Mus\u00e9e d\u2019Art Moderne de Paris, Paris 16e<\/p>\n<p>Dialogue entre les \u0153uvres de Matisse et l\u2019art contemporain. Le mus\u00e9e est accessible aux personnes \u00e0 mobilit\u00e9 r\u00e9duite.<\/p>\n<p><a href=\"https:\/\/www.pinaultcollection.com\/fr\/boursedecommerce\/corps-et-ames\" target=\"_blank\" rel=\"noreferrer noopener nofollow\">Corps et \u00e2mes<\/a> : Jusqu\u2019au 25 ao\u00fbt 2025 \u2013 Bourse de Commerce, Paris 1er<\/p>\n<p>Exploration de la relation entre l\u2019humain et son environnement \u00e0 travers des \u0153uvres contemporaines. Le site est accessible et propose des services adapt\u00e9s.<\/p>\n<p><a href=\"https:\/\/www.cite-sciences.fr\/fr\/au-programme\/expos-temporaires\/silence\" target=\"_blank\" rel=\"noreferrer noopener nofollow\">Silence<\/a> : Jusqu\u2019au 31 ao\u00fbt 2025 \u2013 Cit\u00e9 des Sciences et de l\u2019Industrie, Paris 19e<\/p>\n<p>R\u00e9flexion sur le son et l\u2019absence de bruit dans notre soci\u00e9t\u00e9 moderne. La Cit\u00e9 des Sciences est accessible et propose des services adapt\u00e9s.<\/p>\n<p><a href=\"https:\/\/museemaillol.com\/expositions\/robert-doisneau-instants-donnes\/#pll_switcher\" target=\"_blank\" rel=\"noreferrer noopener nofollow\">Robert Doisneau, Instants donn\u00e9s<\/a> : Jusqu\u2019au 12 octobre 2025 \u2013 Mus\u00e9e Maillol, Paris 7e<\/p>\n<p>Le Mus\u00e9e Maillol \u00e0 Paris pr\u00e9sente l\u2019exposition \u201cRobert Doisneau, Instants donn\u00e9s\u201d. Plus de 400 photographies embl\u00e9matiques du c\u00e9l\u00e8bre photographe sont \u00e0 d\u00e9couvrir. Acc\u00e8s PMR, visites guid\u00e9es adapt\u00e9es et supports tactiles. Les billets d\u00e9marrent \u00e0 15\u202f\u20ac.<\/p>\n<p><a href=\"https:\/\/www.mnhn.fr\/fr\/expo-deserts\" target=\"_blank\" rel=\"noreferrer noopener nofollow\">D\u00e9serts<\/a> : Jusqu\u2019au 30 novembre 2025 \u2013 Grande Galerie de l\u2019\u00c9volution, Paris 5e<\/p>\n<p>Immersion dans la diversit\u00e9 des \u00e9cosyst\u00e8mes d\u00e9sertiques. Le mus\u00e9e est accessible et propose des parcours adapt\u00e9s.<\/p>\n<p>Loisirs &amp; \u00e9v\u00e9nements<\/p>\n<p><a href=\"https:\/\/www.rolandgarros.com\/en-us\/\" target=\"_blank\" rel=\"noreferrer noopener nofollow\">Roland-Garros<\/a> : 19 mai au 8 juin 2025 \u2013 Stade Roland-Garros, Paris 16e<\/p>\n<p>Tournoi de tennis du Grand Chelem avec les meilleurs joueurs mondiaux. Le site est accessible et propose des services pour les personnes en situation de handicap.<\/p>\n<p><a href=\"https:\/\/billetterie.athle.fr\/fr\/meeting_de_paris_2025?gad_source=1&amp;gad_campaignid=22555764205&amp;gbraid=0AAAAABY36AWHN9UFI8Wv3NX_NsVaB24Py&amp;gclid=Cj0KCQjwlrvBBhDnARIsAHEQgOSM0Er4rH12lBjwP-l_L_giEdS_DXjhcA1yJLEE0G3-yMvvWdDcdQYaAhxaEALw_wcB\" target=\"_blank\" rel=\"noreferrer noopener nofollow\">Meeting de Paris<\/a> : 20 juin 2025 \u2013 Stade Charl\u00e9ty, Paris 13e<\/p>\n<p>Comp\u00e9tition internationale d\u2019athl\u00e9tisme avec des athl\u00e8tes de renom. Le stade est accessible et des dispositifs sp\u00e9cifiques sont pr\u00e9vus.<\/p>\n<p>                    <a href=\"https:\/\/www.fetedesloges.fr\/\" target=\"_blank\" rel=\"noreferrer noopener nofollow\">F\u00eate des Loges<\/a> : 28 juin au 18 ao\u00fbt 2025 \u2013 Saint-Germain-en-Laye, Yvelines<\/p>\n<p>F\u00eate foraine traditionnelle avec man\u00e8ges et stands gourmands. Le site est accessible et propose des services adapt\u00e9s.<\/p>\n<p><a href=\"https:\/\/www.japan-expo-paris.com\/fr\/\" target=\"_blank\" rel=\"noreferrer noopener nofollow\">Japan Expo<\/a> : 3 au 6 juillet 2025 \u2013 Parc des Expositions de Paris Nord Villepinte, Seine-Saint-Denis<\/p>\n<p>Salon d\u00e9di\u00e9 \u00e0 la culture japonaise avec expositions, conf\u00e9rences et animations. Le site est accessible et propose des services adapt\u00e9s.<\/p>\n<p><a href=\"https:\/\/parisjetaime.com\/evenement\/paris-plages-e013\" target=\"_blank\" rel=\"noreferrer noopener nofollow\">Paris Plages<\/a> : 5 juillet au 31 ao\u00fbt 2025 \u2013 Rives de Seine et Bassin de la Villette, Paris<\/p>\n<p>Espaces de d\u00e9tente avec plages, animations et activit\u00e9s nautiques. Des am\u00e9nagements sont pr\u00e9vus pour l\u2019accessibilit\u00e9.<\/p>\n<p>Feu d\u2019artifice : f\u00eate nationale du 14 juillet 2025 \u2013 Paris<\/p>\n<p>Spectacle pyrotechnique tir\u00e9 depuis la Tour Eiffel. Des zones sont am\u00e9nag\u00e9es pour l\u2019accueil des personnes en situation de handicap. Pour en savoir plus sur <a href=\"https:\/\/www.cometoparis.com\/fre\/ou-regarder-les-feux-artifice-du-14-juillet-s967\" target=\"_blank\" rel=\"noreferrer noopener nofollow\">les lieux o\u00f9 regarder le feu d\u2019artifice \u00e0 Paris.<\/a><\/p>\n<p>Jardins et plein air<\/p>\n<p><a href=\"https:\/\/www.sortiraparis.com\/arts-culture\/balades\/articles\/41932-la-fete-des-tuileries-2025-les-dates\" target=\"_blank\" rel=\"noreferrer noopener nofollow\">F\u00eate des Tuileries<\/a> : 21 juin au 24 ao\u00fbt 2025 \u2013 Jardin des Tuileries, Paris 1er<\/p>\n<p>F\u00eate foraine avec attractions pour petits et grands. Le site est accessible et des services sont propos\u00e9s pour l\u2019accueil des personnes en situation de handicap.<\/p>\n<p><a href=\"https:\/\/www.iledefrance.fr\/decouvrir-la-richesse-du-patrimoine\/jardins-ouverts-en-ile-de-france\" target=\"_blank\" rel=\"noreferrer noopener nofollow\">Jardins ouverts en \u00cele-de-France<\/a> : 5 juillet au 31 ao\u00fbt 2025 \u2013 Divers lieux en \u00cele-de-France<\/p>\n<p>D\u00e9couverte de plus de 200 jardins avec des animations culturelles vari\u00e9es. Les sites participants sont engag\u00e9s dans une d\u00e9marche d\u2019accessibilit\u00e9.<\/p>\n<p><a href=\"https:\/\/www.sortiraparis.com\/arts-culture\/balades\/articles\/53919-carnaval-tropical-de-paris-2025-la-date#:~:text=Le%20Carnaval%20Tropical%20de%20Paris,des%20quatre%20coins%20du%20globe.\" target=\"_blank\" rel=\"noreferrer noopener nofollow\">Carnaval Tropical de Paris<\/a> : 6 juillet 2025 \u2013 Champs-\u00c9lys\u00e9es, Paris 8e<\/p>\n<p>D\u00e9fil\u00e9 color\u00e9 c\u00e9l\u00e9brant les cultures des Outre-mer avec costumes et musiques.<\/p>\n","protected":false},"excerpt":{"rendered":"L\u2019\u00e9t\u00e9 \u00e0 Paris\u00a0et en \u00cele-de-France s\u2019annonce riche en\u00a0\u00e9v\u00e9nements, animations\u00a0et d\u00e9couvertes accessibles \u00e0 toutes\u00a0et \u00e0 tous. Qu\u2019il s\u2019agisse de&hellip;\n","protected":false},"author":2,"featured_media":138818,"comment_status":"","ping_status":"","sticky":false,"template":"","format":"standard","meta":{"footnotes":""},"categories":[1592],"tags":[1111,11,1777,674,1011,27,662,12,626,5714,25],"class_list":{"0":"post-138817","1":"post","2":"type-post","3":"status-publish","4":"format-standard","5":"has-post-thumbnail","7":"category-ile-de-france","8":"tag-actu","9":"tag-actualites","10":"tag-eu","11":"tag-europe","12":"tag-fr","13":"tag-france","14":"tag-ile-de-france","15":"tag-news","16":"tag-paris","17":"tag-pub","18":"tag-republique-francaise"},"share_on_mastodon":{"url":"https:\/\/pubeurope.com\/@fr\/114595871049075093","error":""},"_links":{"self":[{"href":"https:\/\/www.europesays.com\/fr\/wp-json\/wp\/v2\/posts\/138817","targetHints":{"allow":["GET"]}}],"collection":[{"href":"https:\/\/www.europesays.com\/fr\/wp-json\/wp\/v2\/posts"}],"about":[{"href":"https:\/\/www.europesays.com\/fr\/wp-json\/wp\/v2\/types\/post"}],"author":[{"embeddable":true,"href":"https:\/\/www.europesays.com\/fr\/wp-json\/wp\/v2\/users\/2"}],"replies":[{"embeddable":true,"href":"https:\/\/www.europesays.com\/fr\/wp-json\/wp\/v2\/comments?post=138817"}],"version-history":[{"count":0,"href":"https:\/\/www.europesays.com\/fr\/wp-json\/wp\/v2\/posts\/138817\/revisions"}],"wp:featuredmedia":[{"embeddable":true,"href":"https:\/\/www.europesays.com\/fr\/wp-json\/wp\/v2\/media\/138818"}],"wp:attachment":[{"href":"https:\/\/www.europesays.com\/fr\/wp-json\/wp\/v2\/media?parent=138817"}],"wp:term":[{"taxonomy":"category","embeddable":true,"href":"https:\/\/www.europesays.com\/fr\/wp-json\/wp\/v2\/categories?post=138817"},{"taxonomy":"post_tag","embeddable":true,"href":"https:\/\/www.europesays.com\/fr\/wp-json\/wp\/v2\/tags?post=138817"}],"curies":[{"name":"wp","href":"https:\/\/api.w.org\/{rel}","templated":true}]}}