{"id":138837,"date":"2025-05-30T08:45:18","date_gmt":"2025-05-30T08:45:18","guid":{"rendered":"https:\/\/www.europesays.com\/fr\/138837\/"},"modified":"2025-05-30T08:45:18","modified_gmt":"2025-05-30T08:45:18","slug":"depassee-vis-a-vis-disrael-depuis-le-7-octobre-lallemagne-change-de-ton-face-au-desastre-de-gaza","status":"publish","type":"post","link":"https:\/\/www.europesays.com\/fr\/138837\/","title":{"rendered":"\u00abD\u00e9pass\u00e9e\u00bb vis-\u00e0-vis d\u2019Isra\u00ebl depuis le 7-Octobre, l\u2019Allemagne change de ton face au d\u00e9sastre de Gaza"},"content":{"rendered":"<p>              <a tabindex=\"-1\" title=\"Delphine Nerbollier\" href=\"https:\/\/www.letemps.ch\/profil\/delphine-nerbollier\" rel=\"nofollow noopener\" target=\"_blank\"><\/p>\n<p>                    <img decoding=\"async\" src=\"https:\/\/www.europesays.com\/fr\/wp-content\/uploads\/2025\/05\/1746278478_882_small.jpeg\" class=\"lazy\" alt=\"\"\/><\/p>\n<p><\/a>        <\/p>\n<p>    Publi\u00e9 le 28 mai 2025 \u00e0 08:44. \/ Modifi\u00e9 le 29 mai 2025 \u00e0 08:55.<\/p>\n<p> 4 min. de lecture<\/p>\n<p class=\"article__abstract-call-to-action\" data-ariato=\"TrackableElement\" data-trackable-element-type=\"article_abstract_cta\" data-trackable-element-location=\"article_header\" data-trackable-element-id=\"496225\">\n          <a data-event=\"click-&gt;clicked\" href=\"https:\/\/www.letemps.ch\/abonnements\" rel=\"nofollow noopener\" target=\"_blank\">Abonnez-vous<\/a> pour acc\u00e9der au r\u00e9sum\u00e9 en 20 secondes.\n        <\/p>\n<p>C\u2019est ce qu\u2019on appelle un retournement de fond. Apr\u00e8s des mois de critiques plus que mod\u00e9r\u00e9es envers l\u2019action militaire isra\u00e9lienne \u00e0 Gaza, les autorit\u00e9s allemandes viennent de hausser le ton comme jamais depuis un an et demi. Lundi 26\u00a0mai, le nouveau chancelier, Friedrich Merz, a affirm\u00e9 ne \u00abplus comprendre quel est l\u2019objectif de prendre la population civile pour cible\u00bb. \u00abCela ne peut plus \u00eatre justifi\u00e9 par la lutte contre le terrorisme du Hamas\u00bb, a-t-il ajout\u00e9.<\/p>\n<p>\u00abPlus que n\u2019importe quel autre pays au monde, l\u2019Allemagne doit se retenir de donner des conseils publics \u00e0 Isra\u00ebl. Cependant, lorsque des limites sont franchies et que le droit international humanitaire est r\u00e9ellement viol\u00e9, l\u2019Allemagne et son chancelier doivent s\u2019exprimer [\u2026]. Le gouvernement isra\u00e9lien ne doit rien faire qui puisse pousser ses meilleurs amis \u00e0 ne plus accepter ses actions\u00bb, a-t-il comment\u00e9. Une position qu\u2019il a r\u00e9it\u00e9r\u00e9e ce mardi lors d\u2019une conf\u00e9rence de presse en Finlande.<\/p>\n<p>    L\u2019histoire ne s\u2019arr\u00eate pas l\u00e0.<\/p>\n<p class=\"post-subscribe__mention\">Restez inform\u00e9(e) sans limites pendant toute l&rsquo;ann\u00e9e \u2192 votre abonnement digital mensuel d\u00e8s CHF 29.- \/ mois.<\/p>\n<p class=\"post-subscribe__mention post-subscribe__mention--temporary\">Abonnez-vous en quelques clics et payez facilement avec <b>Twint<\/b>.<\/p>\n<p>    <a class=\"button is-secondary\" data-event=\"click-&gt;clicked\" href=\"https:\/\/www.letemps.ch\/abonnements?wall_id=19\" rel=\"nofollow noopener\" target=\"_blank\">Je m&rsquo;abonne<\/a><\/p>\n<p class=\"post-subscribe__login\">\n        Vous avez d\u00e9j\u00e0 un compte ?<br \/>\n        <a class=\"link\" rel=\"nofollow noopener\" href=\"https:\/\/www.letemps.ch\/compte\/connexion?return_to=https%3A%2F%2Fwww.letemps.ch%2Fmonde%2Fdepassee-vis-a-vis-d-israel-depuis-le-7-octobre-l-allemagne-change-de-ton-face-au-desastre-de-gaza\" target=\"_blank\">Se connecter<\/a>\n      <\/p>\n","protected":false},"excerpt":{"rendered":"Publi\u00e9 le 28 mai 2025 \u00e0 08:44. \/ Modifi\u00e9 le 29 mai 2025 \u00e0 08:55. 4 min. de&hellip;\n","protected":false},"author":2,"featured_media":138838,"comment_status":"","ping_status":"","sticky":false,"template":"","format":"standard","meta":{"footnotes":""},"categories":[1587],"tags":[11,672,1804,1805,1803,1777,674,1801,664,25501,12,301,1802],"class_list":{"0":"post-138837","1":"post","2":"type-post","3":"status-publish","4":"format-standard","5":"has-post-thumbnail","7":"category-allemagne","8":"tag-actualites","9":"tag-allemagne","10":"tag-bundesrepublik-deutschland","11":"tag-de","12":"tag-deutschland","13":"tag-eu","14":"tag-europe","15":"tag-germany","16":"tag-israel","17":"tag-le-conflit-israelo-palestinien","18":"tag-news","19":"tag-premium","20":"tag-republique-federale-dallemagne"},"share_on_mastodon":{"url":"https:\/\/pubeurope.com\/@fr\/114595910414926167","error":""},"_links":{"self":[{"href":"https:\/\/www.europesays.com\/fr\/wp-json\/wp\/v2\/posts\/138837","targetHints":{"allow":["GET"]}}],"collection":[{"href":"https:\/\/www.europesays.com\/fr\/wp-json\/wp\/v2\/posts"}],"about":[{"href":"https:\/\/www.europesays.com\/fr\/wp-json\/wp\/v2\/types\/post"}],"author":[{"embeddable":true,"href":"https:\/\/www.europesays.com\/fr\/wp-json\/wp\/v2\/users\/2"}],"replies":[{"embeddable":true,"href":"https:\/\/www.europesays.com\/fr\/wp-json\/wp\/v2\/comments?post=138837"}],"version-history":[{"count":0,"href":"https:\/\/www.europesays.com\/fr\/wp-json\/wp\/v2\/posts\/138837\/revisions"}],"wp:featuredmedia":[{"embeddable":true,"href":"https:\/\/www.europesays.com\/fr\/wp-json\/wp\/v2\/media\/138838"}],"wp:attachment":[{"href":"https:\/\/www.europesays.com\/fr\/wp-json\/wp\/v2\/media?parent=138837"}],"wp:term":[{"taxonomy":"category","embeddable":true,"href":"https:\/\/www.europesays.com\/fr\/wp-json\/wp\/v2\/categories?post=138837"},{"taxonomy":"post_tag","embeddable":true,"href":"https:\/\/www.europesays.com\/fr\/wp-json\/wp\/v2\/tags?post=138837"}],"curies":[{"name":"wp","href":"https:\/\/api.w.org\/{rel}","templated":true}]}}