{"id":138841,"date":"2025-05-30T08:47:10","date_gmt":"2025-05-30T08:47:10","guid":{"rendered":"https:\/\/www.europesays.com\/fr\/138841\/"},"modified":"2025-05-30T08:47:10","modified_gmt":"2025-05-30T08:47:10","slug":"lunion-europeenne-est-elle-armee-face-aux-predateurs","status":"publish","type":"post","link":"https:\/\/www.europesays.com\/fr\/138841\/","title":{"rendered":"\u00abL\u2019Union europ\u00e9enne est-elle arm\u00e9e face aux pr\u00e9dateurs ?\u00bb"},"content":{"rendered":"<p data-module=\"fig-standfirst\" data-context=\"@media (min-width:48em)\"><strong>ENTRETIEN &#8211; <\/strong>Dans son nouveau livre, L\u2019Heure des pr\u00e9dateurs, l\u2019\u00e9crivain d\u00e9crit le basculement strat\u00e9gique et g\u00e9opolitique en cours depuis l\u2019\u00e9lection de Donald Trump. Nous l\u2019avons invit\u00e9 \u00e0 \u00e9changer avec le ministre d\u00e9l\u00e9gu\u00e9 charg\u00e9 de l\u2019Europe.<\/p>\n<p class=\"fig-paragraph fig-paragraph--dropped\"><strong>LE FIGARO MAGAZINE. &#8211; La diplomatie voit le retour des rapports de force, avec des hommes politiques qui m\u00e9prisent le droit et ne respectent que la force. L\u2019<\/strong><a href=\"https:\/\/www.lefigaro.fr\/tag\/union-europeenne\" target=\"_blank\" rel=\"noopener nofollow\" data-gtm-custom-categorie=\"navigation\" data-gtm-custom-action=\"crossclick\" data-gtm-custom-label=\"Contextuel\" data-gtm-event=\"customEventSPE\"><strong>Union europ\u00e9enne<\/strong><\/a> <strong>\u00a0peut-elle faire face\u00a0?<\/strong><\/p>\n<p class=\"fig-paragraph fig-paragraph--dropped\"><strong>Giuliano da Empoli. &#8211; <\/strong>L\u2019une des rares choses unissant les \u00ab\u00a0pr\u00e9dateurs\u00a0\u00bb \u2013 qu\u2019il s\u2019agisse de\u00a0<a href=\"https:\/\/www.lefigaro.fr\/tag\/donald-trump\" target=\"_blank\" rel=\"noopener nofollow\" data-gtm-custom-categorie=\"navigation\" data-gtm-custom-action=\"crossclick\" data-gtm-custom-label=\"Contextuel\" data-gtm-event=\"customEventSPE\">Donald Trump<\/a>, de\u00a0<a href=\"https:\/\/www.lefigaro.fr\/tag\/poutine\" target=\"_blank\" rel=\"noopener nofollow\" data-gtm-custom-categorie=\"navigation\" data-gtm-custom-action=\"crossclick\" data-gtm-custom-label=\"Contextuel\" data-gtm-event=\"customEventSPE\">Vladimir Poutine\u00a0<\/a>ou des patrons des grandes bo\u00eetes de la tech am\u00e9ricaine \u2013 est leur hostilit\u00e9 publiquement d\u00e9clar\u00e9e par rapport \u00e0 l\u2019Europe, non pas en tant qu\u2019ensemble de pays, mais en tant qu\u2019institution, avec ses proc\u00e9dures et ses r\u00e8gles. C\u2019est de l\u00e0 qu\u2019il faut partir\u00a0: si vous avez quelqu\u2019un qui ne vous d\u00e9range pas trop, vous ne vous en prenez pas \u00e0 lui. Mais s\u2019il y a tous les jours, sous une forme ou une autre, une attaque de ces pr\u00e9dateurs contre l\u2019Europe, cela veut dire que celle-ci les emb\u00eate, s\u00fbrement parce qu\u2019elle suit une logique qui n\u2019est pas la leur et qu\u2019elle peut donc faire obstacle \u00e0 leurs projets.<\/p>\n<p class=\"fig-paragraph fig-paragraph--dropped\"><strong>Benjamin Haddad. &#8211;<\/strong> Oui, l\u2019Union europ\u00e9enne (UE) doit se r\u00e9former\u2026<\/p>\n<p class=\"fig-premium-paywall__infos\">\n        Cet article est r\u00e9serv\u00e9 aux abonn\u00e9s.        Il vous reste 94% \u00e0 d\u00e9couvrir.\n    <\/p>\n<p>                <img  data- alt=\"Le Figaro\" class=\"fig-img--complete fig-img\"\/><\/p>\n<p class=\"fig-premium-paywall__title\">Vente Flash<\/p>\n<p class=\"fig-premium-paywall__subtitle\">4,99\u20ac par mois pendant 12 mois. Sans engagement.<\/p>\n<p class=\"fig-premium-paywall__connect\">\n                D\u00e9j\u00e0 abonn\u00e9\u00a0?                <a class=\"fig-premium-paywall__connect-link\" href=\"https:\/\/connect.lefigaro.fr\/login?client=horizon_web&amp;type=main&amp;redirect_uri=https%3A%2F%2Fwww.lefigaro.fr%2Finternational%2Fbenjamin-haddad-et-giuliano-da-empoli-l-union-europeenne-est-elle-armee-face-aux-predateurs-20250529\" data-js-gtm=\"{&quot;customCategorie&quot;: &quot;conversion&quot;, &quot;customAction&quot;: &quot;before_Landing_Connexion_paywall_auto&quot;, &quot;customLabel&quot;: &quot;bGVmaWdhcm8uZnJfXzFmMDNiOTI1LTg4OTEtNjc0Yy04N2U0LTY1YzFiNjk4MmE3Ml9fQXJ0aWNsZQ==_Benjamin Haddad et Giuliano Da Empoli\u00a0: \u00abL\u2019Union europ\u00e9enne est-elle arm\u00e9e face aux pr\u00e9dateurs\u00a0?\u00bb_58&quot;, &quot;customIDSPE&quot;: &quot;bGVmaWdhcm8uZnJfXzFmMDNiOTI1LTg4OTEtNjc0Yy04N2U0LTY1YzFiNjk4MmE3Ml9fQXJ0aWNsZQ==&quot;, &quot;event&quot;: &quot;customEventSPE&quot;}\" rel=\"nofollow noopener\" target=\"_blank\"><br \/>\n                    Connectez-vous<br \/>\n                <\/a>\n            <\/p>\n","protected":false},"excerpt":{"rendered":"ENTRETIEN &#8211; Dans son nouveau livre, L\u2019Heure des pr\u00e9dateurs, l\u2019\u00e9crivain d\u00e9crit le basculement strat\u00e9gique et g\u00e9opolitique en cours&hellip;\n","protected":false},"author":2,"featured_media":138842,"comment_status":"","ping_status":"","sticky":false,"template":"","format":"standard","meta":{"footnotes":""},"categories":[1586],"tags":[259,11,260,75,1777,674,1779,1011,27,14,261,12,262,25,1778,364],"class_list":{"0":"post-138841","1":"post","2":"type-post","3":"status-publish","4":"format-standard","5":"has-post-thumbnail","7":"category-europe","8":"tag-actualite-internationale","9":"tag-actualites","10":"tag-affaires-etrangeres","11":"tag-donald-trump","12":"tag-eu","13":"tag-europe","14":"tag-european-union","15":"tag-fr","16":"tag-france","17":"tag-international","18":"tag-ministere-des-affaires-etrangeres","19":"tag-news","20":"tag-politique-etrangere","21":"tag-republique-francaise","22":"tag-ue","23":"tag-union-europeenne"},"share_on_mastodon":{"url":"https:\/\/pubeurope.com\/@fr\/114595918227821088","error":""},"_links":{"self":[{"href":"https:\/\/www.europesays.com\/fr\/wp-json\/wp\/v2\/posts\/138841","targetHints":{"allow":["GET"]}}],"collection":[{"href":"https:\/\/www.europesays.com\/fr\/wp-json\/wp\/v2\/posts"}],"about":[{"href":"https:\/\/www.europesays.com\/fr\/wp-json\/wp\/v2\/types\/post"}],"author":[{"embeddable":true,"href":"https:\/\/www.europesays.com\/fr\/wp-json\/wp\/v2\/users\/2"}],"replies":[{"embeddable":true,"href":"https:\/\/www.europesays.com\/fr\/wp-json\/wp\/v2\/comments?post=138841"}],"version-history":[{"count":0,"href":"https:\/\/www.europesays.com\/fr\/wp-json\/wp\/v2\/posts\/138841\/revisions"}],"wp:featuredmedia":[{"embeddable":true,"href":"https:\/\/www.europesays.com\/fr\/wp-json\/wp\/v2\/media\/138842"}],"wp:attachment":[{"href":"https:\/\/www.europesays.com\/fr\/wp-json\/wp\/v2\/media?parent=138841"}],"wp:term":[{"taxonomy":"category","embeddable":true,"href":"https:\/\/www.europesays.com\/fr\/wp-json\/wp\/v2\/categories?post=138841"},{"taxonomy":"post_tag","embeddable":true,"href":"https:\/\/www.europesays.com\/fr\/wp-json\/wp\/v2\/tags?post=138841"}],"curies":[{"name":"wp","href":"https:\/\/api.w.org\/{rel}","templated":true}]}}