{"id":138843,"date":"2025-05-30T08:48:09","date_gmt":"2025-05-30T08:48:09","guid":{"rendered":"https:\/\/www.europesays.com\/fr\/138843\/"},"modified":"2025-05-30T08:48:09","modified_gmt":"2025-05-30T08:48:09","slug":"condamne-pour-apologie-du-terrorisme-limam-des-bleuets-annonce-retourner-precher-avec-fierte","status":"publish","type":"post","link":"https:\/\/www.europesays.com\/fr\/138843\/","title":{"rendered":"condamn\u00e9 pour apologie du terrorisme, l\u2019imam des Bleuets annonce retourner pr\u00eacher \u00abavec fiert\u00e9\u00bb"},"content":{"rendered":"<p>Sma\u00efn Bendjilali, longtemps \u00e0 la t\u00eate de la mosqu\u00e9e des Bleuets dans les quartiers nord de Marseille, a \u00e9cop\u00e9 d\u2019une peine de six mois de prison avec sursis pour des propos tenus sur X en lien avec la situation dans la bande de Gaza. L\u2019imam a annonc\u00e9 qu\u2019il pr\u00eacherait d\u00e8s cet apr\u00e8s-midi \u00e0 la pri\u00e8re du vendredi.<\/p>\n<p class=\"fig-paragraph\">L\u2019imam de la mosqu\u00e9e des Bleuets\u00a0<a href=\"http:\/\/www.lefigaro.fr\/flash-actu\/prison-avec-sursis-requise-contre-un-imam-marseillais-pour-apologie-du-terrorisme-20250325\" data-fig-type=\"NewsFlash\" data-gtm-custom-categorie=\"navigation\" data-gtm-custom-action=\"crossclick\" data-gtm-custom-label=\"Contextuel\" data-gtm-event=\"customEventSPE\" data-fig-domain=\"LEFIGARO\" target=\"_blank\" rel=\"noopener\">Sma\u00efn Bendjilali<\/a>\u00a0a \u00e9t\u00e9 condamn\u00e9 \u00e0 six mois de prison avec sursis et 2000 euros d\u2019amende par le tribunal correctionnel de Marseille pour\u00a0<a href=\"http:\/\/www.lefigaro.fr\/actualite-france\/marseille-l-ex-imam-de-la-mosquee-des-bleuets-juge-pour-apologie-du-terrorisme-20250324\" data-fig-type=\"Article\" data-gtm-custom-categorie=\"navigation\" data-gtm-custom-action=\"crossclick\" data-gtm-custom-label=\"Contextuel\" data-gtm-event=\"customEventSPE\" data-fig-domain=\"LEFIGARO\" target=\"_blank\" rel=\"noopener\">apologie du terrorisme<\/a>. Le religieux avait \u00e9t\u00e9 jug\u00e9 en mars apr\u00e8s deux publications sur le r\u00e9seau social X, en lien avec la situation dans la bande de\u00a0<a href=\"http:\/\/www.lefigaro.fr\/vox\/societe\/entre-fievre-antisemite-et-tragedie-de-gaza-les-tourments-de-la-communaute-juive-francaise-20250527\" data-fig-type=\"Article\" data-gtm-custom-categorie=\"navigation\" data-gtm-custom-action=\"crossclick\" data-gtm-custom-label=\"Contextuel\" data-gtm-event=\"customEventSPE\" data-fig-domain=\"LEFIGARO\" target=\"_blank\" rel=\"noopener\">Gaza<\/a>.<\/p>\n<p class=\"fig-paragraph\">Cet homme de nationalit\u00e9 fran\u00e7aise a \u00e9t\u00e9 condamn\u00e9 pour avoir republi\u00e9 en juillet 2024 sur son compte, suivi aujourd\u2019hui par plus de 11.000 personnes, une vid\u00e9o accompagn\u00e9e d\u2019un commentaire qui qualifiait de \u00abl\u00e9gitime d\u00e9fense\u00bb l\u2019attaque sanglante du mouvement palestinien Hamas qui a fait plus de 1200 morts, c\u00f4t\u00e9 isra\u00e9lien, le 7 octobre 2023.<\/p>\n<p class=\"fig-paragraph\">Pour avoir retweet\u00e9 cette publication, Sma\u00efn Bendjilali \u00e9cope d\u2019une amende de 2000 euros, d\u2019une privation de droit \u00e0 l\u2019\u00e9ligibilit\u00e9 et de droits civiques pendant cinq ans et d\u2019une inscription au fichier des auteurs d\u2019infractions terroristes (Fijait). Il devra verser 1500 euros \u00e0 la ligue internationale contre le racisme et l\u2019antis\u00e9mitisme (Licra), constitu\u00e9e partie civile, au titre du pr\u00e9judice moral, et 2000 euros au titre des frais de justice.<\/p>\n<p>Pas interdit d\u2019exercer en tant qu\u2019imam<\/p>\n<p class=\"fig-paragraph\">Le tribunal correctionnel de Marseille n\u2019a toutefois pas suivi les r\u00e9quisitions d\u2019interdiction d\u00e9finitive d\u2019exercer en tant que salari\u00e9 au sein de la mosqu\u00e9e des Bleuets, laissant la possibilit\u00e9 l\u00e9gale \u00e0 Sma\u00efn Bendjilali de rester imam au sein de la structure religieuse. Sma\u00efn Bendjilali a par ailleurs \u00e9t\u00e9 relax\u00e9 concernant la deuxi\u00e8me publication vis\u00e9e. Dans ce tweet, il avait republi\u00e9 une vid\u00e9o accusant des soldats isra\u00e9liens de torture sur un Palestinien, y ajoutant ce commentaire: \u00abDaech \u00e0 c\u00f4t\u00e9, ce sont des enfants de ch\u0153ur\u00bb.<\/p>\n<p class=\"fig-paragraph\">\u00c0 la sortie de l\u2019audience tenue en pr\u00e9sence de nombreux fid\u00e8les venus t\u00e9moigner de leur soutien, l\u2019avocat de l\u2019imam a affirm\u00e9 r\u00e9fl\u00e9chir encore s\u2019il ferait appel ou non de cette d\u00e9cision de justice. Tous deux se sont r\u00e9jouis du fait que la justice n\u2019ait pas interdit l\u2019imam d\u2019exercer. \u00abL\u2019imam consid\u00e8re qu\u2019il est du bon c\u00f4t\u00e9 de l\u2019Histoire\u00bb, affirme Me Sefen Guez Guez.<\/p>\n<p class=\"fig-paragraph\">Devant les journalistes, Sma\u00efn Bendjilali a annonc\u00e9 qu\u2019il allait pr\u00eacher d\u00e8s cet apr\u00e8s-midi \u00e0 la mosqu\u00e9e des Bleuets, \u00abavec fiert\u00e9\u00bb. Le religieux s\u2019\u00e9tait trouv\u00e9 au centre d\u2019un bras de fer administratif \u00e0 la fin de l\u2019\u00e9t\u00e9, le pr\u00e9fet de police des Bouches-du-Rh\u00f4ne ayant menac\u00e9 de fermer sa mosqu\u00e9e des Bleuets, situ\u00e9e dans les quartiers nord, \u00e0 la demande de l\u2019ancien ministre de l\u2019Int\u00e9rieur, G\u00e9rald Darmanin, justement en raison de ses propos et publications en ligne. La proc\u00e9dure avait finalement \u00e9t\u00e9 suspendue, suite au retrait \u00abtemporaire\u00bb de l\u2019imam, le temps de passer un dipl\u00f4me universitaire sur la la\u00efcit\u00e9, et la suppression de ses tweets.<\/p>\n<p class=\"fig-paragraph\">Alors que\u00a0<a href=\"http:\/\/www.lefigaro.fr\/marseille\/marseille-le-fils-de-l-ex-imam-de-la-mosquee-des-bleuets-condamne-a-2-ans-de-prison-pour-detention-de-stupefiants-20250227\" data-fig-type=\"NewsFlash\" data-gtm-custom-categorie=\"navigation\" data-gtm-custom-action=\"crossclick\" data-gtm-custom-label=\"Contextuel\" data-gtm-event=\"customEventSPE\" data-fig-domain=\"LEFIGARO\" target=\"_blank\" rel=\"noopener\">son fils\u00a0<\/a>\u00e9tait impliqu\u00e9 dans une affaire de stup\u00e9fiants, Sma\u00efn Bendjilali avait en effet annonc\u00e9 se \u00abretirer provisoirement\u00bb, \u00abafin de pr\u00e9server la structure\u00bb, en raison du \u00abdrame familial\u00bb et \u00able temps de souffler un peu, et de reprendre des \u00e9tudes pour passer mon dipl\u00f4me sur la la\u00efcit\u00e9\u00bb. Selon nos informations, sa formation \u00e0 l\u2019universit\u00e9 d\u2019Aix-Marseille est toujours en cours. Mais d\u2019apr\u00e8s l\u2019imam, la fin de ce retrait n\u2019\u00e9tait pas conditionn\u00e9e par l\u2019obtention de ce dipl\u00f4me. \u00abJe me suis retir\u00e9 parce que j\u2019avais des probl\u00e8mes personnels\u00bb, affirme-t-il \u00e0 la sortie de l\u2019audience.<\/p>\n<p class=\"fig-paragraph\">Devant le tribunal, Sma\u00efn Bendjilali a d\u00e9nonc\u00e9 \u00abdes pressions\u00bb autour de son dossier, regrettant \u00abavoir \u00e9t\u00e9 condamn\u00e9 pour un retweet alors que la personne qui est interview\u00e9e dans cette vid\u00e9o est libre.\u00bb Pour autant, il affirme ne pas regretter son geste, expliquant que, \u00abrelayer, ce n\u2019est pas adh\u00e9rer\u00bb. Contact\u00e9e, la pr\u00e9fecture de police des Bouches-du-Rh\u00f4ne n\u2019a pas encore donn\u00e9 suite \u00e0 nos sollicitations \u00e0 l\u2019heure o\u00f9 ces lignes sont \u00e9crites.<\/p>\n<p class=\"fig-paragraph\">L\u2019imam Ismail et la mosqu\u00e9e des Bleuets sont cit\u00e9s dans le\u00a0<a href=\"http:\/\/www.lefigaro.fr\/actualite-france\/reseaux-tentaculaires-organisation-secrete-quartiers-islamises-le-rapport-choc-sur-les-freres-musulmans-qui-veulent-instaurer-la-charia-en-france-20250520\" data-fig-type=\"Article\" data-gtm-custom-categorie=\"navigation\" data-gtm-custom-action=\"crossclick\" data-gtm-custom-label=\"Contextuel\" data-gtm-event=\"customEventSPE\" data-fig-domain=\"LEFIGARO\" target=\"_blank\" rel=\"noopener\">rapport\u00a0<\/a>sur les\u00a0<a href=\"http:\/\/www.lefigaro.fr\/actualite-france\/freres-musulmans-malgre-des-phenomenes-d-entrisme-identifies-il-ne-faut-pas-tomber-dans-le-complotisme-previent-macron-20250526\" data-fig-type=\"NewsFlash\" data-gtm-custom-categorie=\"navigation\" data-gtm-custom-action=\"crossclick\" data-gtm-custom-label=\"Contextuel\" data-gtm-event=\"customEventSPE\" data-fig-domain=\"LEFIGARO\" target=\"_blank\" rel=\"noopener\">Fr\u00e8res musulmans<\/a>\u00a0command\u00e9 par le gouvernement, et rendu public la semaine derni\u00e8re par le minist\u00e8re de l\u2019Int\u00e9rieur. L\u2019imam, de nationalit\u00e9 fran\u00e7aise, y est d\u00e9crit comme jouissant \u00abd\u2019une grande popularit\u00e9 aupr\u00e8s des jeunes musulmans en raison notamment de sa ma\u00eetrise des r\u00e9seaux sociaux\u00bb.<\/p>\n","protected":false},"excerpt":{"rendered":"Sma\u00efn Bendjilali, longtemps \u00e0 la t\u00eate de la mosqu\u00e9e des Bleuets dans les quartiers nord de Marseille, a&hellip;\n","protected":false},"author":2,"featured_media":138844,"comment_status":"","ping_status":"","sticky":false,"template":"","format":"standard","meta":{"footnotes":""},"categories":[2],"tags":[11,9205,885,1182,1180,1181,1011,27,26519,5318,1184,1185,12,1177,1176,149,2694,1186,882,25,1178,1183,1179],"class_list":{"0":"post-138843","1":"post","2":"type-post","3":"status-publish","4":"format-standard","5":"has-post-thumbnail","7":"category-actualites","8":"tag-actualites","9":"tag-apologie-du-terrorisme","10":"tag-bouches-du-rhone","11":"tag-calanques","12":"tag-canebiere","13":"tag-cite-phoceenne","14":"tag-fr","15":"tag-france","16":"tag-imam","17":"tag-islam","18":"tag-la-timone","19":"tag-les-baumettes-mediterranee","20":"tag-news","21":"tag-notre-dame-de-la-garde","22":"tag-olympique-de-marseille","23":"tag-om","24":"tag-proces","25":"tag-provence","26":"tag-provence-alpes-cote-dazur","27":"tag-republique-francaise","28":"tag-saint-charles","29":"tag-sormiou","30":"tag-vieux-port"},"share_on_mastodon":{"url":"https:\/\/pubeurope.com\/@fr\/114595922218711993","error":""},"_links":{"self":[{"href":"https:\/\/www.europesays.com\/fr\/wp-json\/wp\/v2\/posts\/138843","targetHints":{"allow":["GET"]}}],"collection":[{"href":"https:\/\/www.europesays.com\/fr\/wp-json\/wp\/v2\/posts"}],"about":[{"href":"https:\/\/www.europesays.com\/fr\/wp-json\/wp\/v2\/types\/post"}],"author":[{"embeddable":true,"href":"https:\/\/www.europesays.com\/fr\/wp-json\/wp\/v2\/users\/2"}],"replies":[{"embeddable":true,"href":"https:\/\/www.europesays.com\/fr\/wp-json\/wp\/v2\/comments?post=138843"}],"version-history":[{"count":0,"href":"https:\/\/www.europesays.com\/fr\/wp-json\/wp\/v2\/posts\/138843\/revisions"}],"wp:featuredmedia":[{"embeddable":true,"href":"https:\/\/www.europesays.com\/fr\/wp-json\/wp\/v2\/media\/138844"}],"wp:attachment":[{"href":"https:\/\/www.europesays.com\/fr\/wp-json\/wp\/v2\/media?parent=138843"}],"wp:term":[{"taxonomy":"category","embeddable":true,"href":"https:\/\/www.europesays.com\/fr\/wp-json\/wp\/v2\/categories?post=138843"},{"taxonomy":"post_tag","embeddable":true,"href":"https:\/\/www.europesays.com\/fr\/wp-json\/wp\/v2\/tags?post=138843"}],"curies":[{"name":"wp","href":"https:\/\/api.w.org\/{rel}","templated":true}]}}