{"id":138847,"date":"2025-05-30T08:50:10","date_gmt":"2025-05-30T08:50:10","guid":{"rendered":"https:\/\/www.europesays.com\/fr\/138847\/"},"modified":"2025-05-30T08:50:10","modified_gmt":"2025-05-30T08:50:10","slug":"dune-eglise-locale-a-une-autre-les-filles-du-saint-coeur-de-marie-en-mission-en-france","status":"publish","type":"post","link":"https:\/\/www.europesays.com\/fr\/138847\/","title":{"rendered":"D\u2019une \u00c9glise locale \u00e0 une autre: les Filles du Saint-C\u0153ur de Marie en mission en France"},"content":{"rendered":"<p>Fond\u00e9e en 1858 au S\u00e9n\u00e9gal par Mgr Aloyse Kobes, la Congr\u00e9gation des Filles du Saint-C\u0153ur de Marie a c\u00e9l\u00e9br\u00e9, samedi 24 mai, son 167\u00e8 anniversaire d\u2019existence. L\u2019Institut compte aujourd\u2019hui pr\u00e8s de 300 religieuses r\u00e9parties dans trois provinces: Dakar, Ziguinchor et Cap-Vert. Une trentaine de religieuses en mission dans l\u2019hexagone, reparties dans 9 communaut\u00e9s, forment le district de France.<\/p>\n<p><b>Vatican News<\/b><\/p>\n<p>En prenant la d\u00e9cision de fonder la premi\u00e8re congr\u00e9gation autochtone d\u2019Afrique, Mgr Aloyse Kobes, spiritain d\u2019origine alsacienne, alors vicaire apostolique de la S\u00e9n\u00e9gambie, exprimait \u00e0 la Propaganda Fide sa conviction selon laquelle l\u2019Afrique ne pourra \u00eatre mieux \u00e9vang\u00e9liser que par les Africains. \u00abL\u2019exp\u00e9rience nous montre de plus en plus que l\u2019Afrique ne pourra \u00eatre convertie que par l\u2019\u00e9l\u00e9ment indig\u00e8ne (\u2026). Il faut donc que l\u2019Afrique se convertisse par les enfants du pays\u00bb, \u00e9crivait-il.<\/p>\n<p>Quelques ann\u00e9es apr\u00e8s leur fondation, les religieuses sont envoy\u00e9es en mission dans les villages les plus recul\u00e9s pour assurer l\u2019\u00e9vang\u00e9lisation des populations. C\u2019est ainsi que la Congr\u00e9gation a continu\u00e9 \u00e0 r\u00e9pondre aux besoins des \u00c9glises locales, capitalisant ainsi une grande exp\u00e9rience missionnaire, d\u00e9clare s\u0153ur Elisabeth Marie Nicole Mendy. L\u2019Institut a ensuite travers\u00e9 les fronti\u00e8res du S\u00e9n\u00e9gal pour ouvrir des communaut\u00e9s dans d\u2019autres pays africains, dont la Centrafrique et le Tchad, quand s\u0153ur Marie Catherine Kimbo fut Sup\u00e9rieure g\u00e9n\u00e9rale. En 2003, les Filles du Saint-C\u0153ur de Marie sont appel\u00e9es \u00e0 s\u2019installer en France par les sup\u00e9rieurs spiritains et elles arrivent \u00e0 Lisieux en 2005 o\u00f9 elles poursuivent l\u2019\u0153uvre d\u2019\u00e9vang\u00e9lisation de Mgr Kobes, m\u00eame si cette aventure missionnaire rencontre des d\u00e9fis auxquels elles sont confront\u00e9es dans le champ apostolique.<\/p>\n<p><b>Manifester \u00e0 tous une grande g\u00e9n\u00e9rosit\u00e9, sans distinctions et sans limites<\/b> <\/p>\n<p>La Congr\u00e9gation des Filles du Saint-C\u0153ur de Marie se consacre \u00e0 l\u2019annonce de la Bonne Nouvelle, concr\u00e9tis\u00e9e en particulier par les \u0153uvres de la charit\u00e9 chr\u00e9tienne. Sa dimension missionnaire appara\u00eet dans la R\u00e8gle de vie de l\u2019Institut qui stipule: \u00abmissionnaires avec toute l\u2019\u00c9glise, nous sommes sp\u00e9cialement destin\u00e9es \u00e0 l\u2019\u00c9vang\u00e9lisation en profondeur \u00ab\u00a0des Noirs d\u2019Afrique\u00a0\u00bb\u00bb. Dans la pratique des \u0153uvres de charit\u00e9 \u00e0 travers les dispensaires et maternit\u00e9s, dans les foyers et maisons d\u2019accueil, dans les cat\u00e9chum\u00e9nats et les \u00e9coles, comme lors des visites \u00e0 domicile, les rencontres interpersonnelles et dans les t\u00e2ches m\u00eame les plus humbles, ces religieuses sont appel\u00e9es non seulement \u00e0 apporter une pr\u00e9sence mat\u00e9rielle et un d\u00e9vouement humain, mais surtout le souci d\u2019annoncer la Bonne Nouvelle. Une attention particuli\u00e8re est port\u00e9e \u00e0 la femme et aux enfants. Elles sont appel\u00e9es \u00e0 ne mettre aucune limite \u00e0 leur g\u00e9n\u00e9rosit\u00e9, mais plut\u00f4t \u00e0 se d\u00e9vouer \u00e0 tous sans distinction de race, de rang social, d\u2019\u00e2ge ou de religion. \u00abNous nous devons aux grecs comme aux barbares, aux savants comme aux ignorants. (Cf. Rm 1, 14)\u00bb, \u00e9crivait Mgr Kobes.<\/p>\n<p><b>L\u2019ouverture de la mission en France<\/b> <\/p>\n<p>Cette ouverture \u00e0 la mission s\u2019est concr\u00e9tis\u00e9e lorsque la Sup\u00e9rieure g\u00e9n\u00e9rale d\u2019alors, M\u00e8re B\u00e9atrice Awa Marie Gueye, a d\u00e9cid\u00e9 de l\u2019ouverture d\u2019une mission en France. Elle s\u2019est appesantie sur les principes missionnaires \u00e9voqu\u00e9s plus haut et a pr\u00e9cis\u00e9 les raisons qui ont guid\u00e9 sa d\u00e9cision dans une lettre du 17 octobre 2003 adress\u00e9e au P\u00e8re Boulanger, responsable de la Congr\u00e9gation des Spiritains en France. Il s\u2019agit du \u00abrenforcement des liens missionnaires historiques tiss\u00e9s entre deux Congr\u00e9gations [la Congr\u00e9gation des P\u00e8res du Saint-Esprit et la Congr\u00e9gation des Filles du Saint-C\u0153ur de Marie], par son excellence Monseigneur Kob\u00e8s, d&rsquo;une part, et tenant compte des besoins missionnaires de la France et de la raret\u00e9 des vocations religieuses en Europe, d&rsquo;autre part\u00bb, \u00e9crivait M\u00e8re Gueye. \u00c0 ces raisons, peuvent s\u2019ajouter le nombre de plus en plus croissant des chr\u00e9tiens d\u2019origine \u00e9trang\u00e8re en France, qui justifie une approche pastorale adapt\u00e9e \u00e0 leur situation. C\u2019est \u00e9galement ce contexte qui justifie en partie l\u2019arriv\u00e9e des Filles du Saint-C\u0153ur de Marie en France.<\/p>\n<p>    <img decoding=\"async\" src=\"data:image\/gif;base64,R0lGODlhAQABAIAAAAAAAP\/\/\/yH5BAEAAAAALAAAAAABAAEAAAIBRAA7\" data-original=\"https:\/\/www.vaticannews.va\/content\/dam\/vaticannews\/multimedia\/2025\/maggio\/26\/WhatsApp-Image-2025-05-23-at-22.07.07.jpg\/_jcr_content\/renditions\/cq5dam.thumbnail.cropped.750.422.jpeg\" alt=\"Les Filles du Saint-Coeur de Marie\" title=\"Les Filles du Saint-Coeur de Marie\"\/><\/p>\n<p>\n   Les Filles du Saint-Coeur de Marie\n  <\/p>\n<p><b>Les Filles du Saint-C\u0153ur de Marie \u00e0 Lisieux et \u00e0 Strasbourg<\/b> <\/p>\n<p>\u00abSi, de par son bapt\u00eame, tout chr\u00e9tien est tenu d\u2019annoncer le Royaume de Dieu, la Fille du Saint-C\u0153ur de Marie, de par la Mission de son Institut, devra \u00eatre habit\u00e9e par le souci constant de l\u2019apostolat\u00bb. C\u2019est cette pr\u00e9occupation missionnaire, inscrite dans la R\u00e8gle de l\u2019Institut, qui a conduit la Congr\u00e9gation \u00e0 envoyer des religieuses en France. Le p\u00e8re spiritain Daniel Brottier, qui avait auparavant v\u00e9cu au S\u00e9n\u00e9gal, est la personnalit\u00e9 qui a cristallis\u00e9 et d\u00e9clench\u00e9 l\u2019arriv\u00e9e des religieuses dans ce pays europ\u00e9en. Apr\u00e8s des \u00e9changes entre la M\u00e8re Gueye et le P\u00e8re Gabriel Myotte Duquet, Sup\u00e9rieur provincial des P\u00e8res du Saint-Esprit de France, une premi\u00e8re communaut\u00e9 s\u2019ouvre \u00e0 Lisieux et les religieuses se voient confier la pastorale de l\u2019\u0153uvre d\u2019Auteuil, qui prend soin des orphelins.<\/p>\n<p>Trois religieuses sont arriv\u00e9es \u00e0 Lisieux, ville du Carmel de sainte Th\u00e9r\u00e8se de l\u2019Enfant J\u00e9sus, patronne des missions, en septembre 2005. Elles sont log\u00e9es \u00e0 la maison Saint-Jean-Eudes, qui regroupe trois \u00e9tablissements scolaires. Depuis lors, elles se consacrent \u00e0 l\u2019accompagnement pastoral des orphelins apprentis d\u2019Auteuil en collaboration avec des pr\u00eatres et des la\u00efcs.<\/p>\n<p>Cinq ans plus tard, en 2010, les Filles du Saint-C\u0153ur de Marie sont appel\u00e9es \u00e0 Strasbourg pour le m\u00eame travail pastoral d\u2019accompagnement des orphelins d\u2019Auteuil \u00e0 l\u2019\u00e9cole maternelle et primaire Joie de vivre, dans le quartier de Koenigshoffen.<\/p>\n<p><b>La pastorale \u00e0 Evreux, \u00e0 Aix-en-Provence et \u00e0 Clichy<\/b> <\/p>\n<p>Avec certains besoins pastoraux, dont le remplacement des congr\u00e9gations europ\u00e9ennes vieillissantes et la prise en charge des chr\u00e9tiens d\u2019origine \u00e9trang\u00e8re vivant dans certains dioc\u00e8ses, les religieuses seront de plus en plus sollicit\u00e9es. A la demande de la Congr\u00e9gation des S\u0153urs de Saint-Jean \u00e0 Netreville, les Filles du Saint-C\u0153ur de Marie sont arriv\u00e9es \u00e0 Evreux pour participer \u00e0 la prise en charge pastorale des ressortissants africains en g\u00e9n\u00e9ral, et s\u00e9n\u00e9galais en particulier. Deux religieuses arrivent en 2008 et se consacrent, depuis lors, \u00e0 la pastorale des jeunes et des familles, \u00e0 la cat\u00e9ch\u00e8se des enfants et des coll\u00e9giens, \u00e0 l\u2019alphab\u00e9tisation des Manjacks, une ethnie d\u2019origine s\u00e9n\u00e9galo-guin\u00e9enne, et \u00e0 la pr\u00e9paration des bapt\u00eames.<\/p>\n<p>La m\u00eame situation a pr\u00e9valu \u00e0 Moll\u00e9g\u00e8s, dans le dioc\u00e8se d\u2019Aix-en-Provence, o\u00f9 les autorit\u00e9s eccl\u00e9siales avaient besoin d\u2019agents pastoraux exp\u00e9riment\u00e9s et disponibles pour assumer les diff\u00e9rentes responsabilit\u00e9s, la plupart des agents pastoraux fran\u00e7ais \u00e9tant des b\u00e9n\u00e9voles \u00e2g\u00e9s. C\u2019est ainsi que l\u2019\u00e9v\u00eaque a fait appel aux Filles du Saint-C\u0153ur de Marie pour apporter un nouvel \u00e9lan et un dynamisme \u00e0 la pastorale. La M\u00e8re Marie Diouf, actuelle Sup\u00e9rieure g\u00e9n\u00e9rale, a envoy\u00e9 deux religieuses en septembre 2015 et une troisi\u00e8me en avril 2016 pour renforcer la communaut\u00e9. Depuis lors, les religieuses s\u2019investissent dans la pastorale locale, l\u2019accompagnement des jeunes et l\u2019apostolat aupr\u00e8s des malades. Les Filles du Saint-C\u0153ur de Marie ont aussi r\u00e9pondu positivement \u00e0 la sollicitation de la communaut\u00e9 de Clichy, o\u00f9 elles s\u2019occupent, depuis 2020, de l\u2019animation pastorale \u00e0 l\u2019\u00e9cole S\u0153ur Marguerite de Clichy.<\/p>\n<p><b>Le t\u00e9moignage des \u00abpionni\u00e8res\u00bb<\/b> <\/p>\n<p>La troisi\u00e8me circonstance de l\u2019implantation des Filles du Saint-C\u0153ur de Marie en France est relative au travail et au t\u00e9moignage de certaines religieuses de cette Congr\u00e9gation, qu\u2019on pourrait appeler \u00abpionni\u00e8res\u00bb. Elles sont arriv\u00e9es en France soit pour des raisons d\u2019\u00e9tudes, soit pour des raisons pastorales, et leur travail a \u00e9t\u00e9 appr\u00e9ci\u00e9, poussant les autorit\u00e9s dioc\u00e9saines \u00e0 solliciter la pr\u00e9sence d\u2019autres religieuses de cet Institut. C\u2019est le cas de s\u0153ur Jeannette Bassene, qui a \u00e9t\u00e9 envoy\u00e9e \u00e0 Nice en 2013 pour des \u00e9tudes de Communication. Gr\u00e2ce \u00e0 elle, trois communaut\u00e9s ont \u00e9t\u00e9 ouvertes \u00e0 Nice, \u00e0 Monaco et \u00e0 La-Rochelle. Elle \u00e9tait notamment impliqu\u00e9e dans la pastorale de la jeunesse. Les cinq religieuses envoy\u00e9es \u00e0 Nice en 2015 par M\u00e8re Diouf prennent actuellement en charge l\u2019animation de l\u2019Eglise Notre-Dame de Bon Voyage et l\u2019accompagnement des fortes communaut\u00e9s capverdienne \u2013 30 000 personnes dans le dioc\u00e8se \u2013 et s\u00e9n\u00e9galaise qui s\u2019y trouvent. En outre, elles y assurent la cat\u00e9ch\u00e8se des enfants, l\u2019aum\u00f4nerie des jeunes coll\u00e9giens et lyc\u00e9ens, la formation des adultes se pr\u00e9parant aux sacrements, l\u2019accompagnement des malades et la visite en prison.<\/p>\n<p>Cet exemple a inspir\u00e9 le dioc\u00e8se voisin \u00e0 demander l\u2019ouverture d\u2019une communaut\u00e9 dans l\u2019archidioc\u00e8se de Monaco. Depuis 2018, les religieuses travaillent dans l\u2019accompagnement des malades et des personnes seules ainsi que la prise en charge de la direction nationale des \u0152uvres Pontificales Missionnaires (OPM). L\u2019Institut a ensuite \u00e9t\u00e9 invit\u00e9 au dioc\u00e8se de La-Rochelle pour assurer la rel\u00e8ve de trois communaut\u00e9s religieuses qui fermaient. Les Filles du Saint-C\u0153ur de Marie s\u2019y trouvent depuis 2023. La m\u00eame ann\u00e9e, une communaut\u00e9 a \u00e9t\u00e9 ouverte \u00e0 Mantes-la-Jolie, o\u00f9 se trouve une forte communaut\u00e9 de personnes d\u2019origines africaines<\/p>\n<p>Ainsi, les Filles du Saint-C\u0153ur de Marie en mission en France sont une trentaine, r\u00e9parties dans 9 communaut\u00e9s, et forment le district de France.<\/p>\n<p><b>D\u00e9fis missionnaires des Filles du Saint-C\u0153ur de Marie en France<\/b> <\/p>\n<p>Le d\u00e9fi de l\u2019int\u00e9gration dans une soci\u00e9t\u00e9 \u00e9trang\u00e8re, la n\u00e9cessit\u00e9 de d\u00e9ployer une pastorale adapt\u00e9e au contexte fran\u00e7ais, l\u2019autonomie du point de vue administratif et institutionnel, sont parmi les d\u00e9fis que rencontrent les religieuses. Des efforts n\u00e9cessaires sont d\u00e9ploy\u00e9s pour trouver des solutions durables. C\u2019est, par exemple, l\u2019objectif vis\u00e9 par la rencontre Welcome, organis\u00e9e chaque ann\u00e9e par la Conf\u00e9rence des \u00e9v\u00eaques de France (CEF) et la Conf\u00e9rence des Religieux et Religieuses de France (CORREF) pour les pr\u00eatres et religieux nouvellement arriv\u00e9s en France.<\/p>\n","protected":false},"excerpt":{"rendered":"Fond\u00e9e en 1858 au S\u00e9n\u00e9gal par Mgr Aloyse Kobes, la Congr\u00e9gation des Filles du Saint-C\u0153ur de Marie a&hellip;\n","protected":false},"author":2,"featured_media":138848,"comment_status":"","ping_status":"","sticky":false,"template":"","format":"standard","meta":{"footnotes":""},"categories":[4],"tags":[11,8305,26521,1011,27,12,26520,25,880,20273],"class_list":{"0":"post-138847","1":"post","2":"type-post","3":"status-publish","4":"format-standard","5":"has-post-thumbnail","7":"category-france","8":"tag-actualites","9":"tag-eglise-catholique","10":"tag-evangelisation","11":"tag-fr","12":"tag-france","13":"tag-news","14":"tag-religieux","15":"tag-republique-francaise","16":"tag-senegal","17":"tag-vierge-marie"},"share_on_mastodon":{"url":"https:\/\/pubeurope.com\/@fr\/114595930253633566","error":""},"_links":{"self":[{"href":"https:\/\/www.europesays.com\/fr\/wp-json\/wp\/v2\/posts\/138847","targetHints":{"allow":["GET"]}}],"collection":[{"href":"https:\/\/www.europesays.com\/fr\/wp-json\/wp\/v2\/posts"}],"about":[{"href":"https:\/\/www.europesays.com\/fr\/wp-json\/wp\/v2\/types\/post"}],"author":[{"embeddable":true,"href":"https:\/\/www.europesays.com\/fr\/wp-json\/wp\/v2\/users\/2"}],"replies":[{"embeddable":true,"href":"https:\/\/www.europesays.com\/fr\/wp-json\/wp\/v2\/comments?post=138847"}],"version-history":[{"count":0,"href":"https:\/\/www.europesays.com\/fr\/wp-json\/wp\/v2\/posts\/138847\/revisions"}],"wp:featuredmedia":[{"embeddable":true,"href":"https:\/\/www.europesays.com\/fr\/wp-json\/wp\/v2\/media\/138848"}],"wp:attachment":[{"href":"https:\/\/www.europesays.com\/fr\/wp-json\/wp\/v2\/media?parent=138847"}],"wp:term":[{"taxonomy":"category","embeddable":true,"href":"https:\/\/www.europesays.com\/fr\/wp-json\/wp\/v2\/categories?post=138847"},{"taxonomy":"post_tag","embeddable":true,"href":"https:\/\/www.europesays.com\/fr\/wp-json\/wp\/v2\/tags?post=138847"}],"curies":[{"name":"wp","href":"https:\/\/api.w.org\/{rel}","templated":true}]}}