{"id":138854,"date":"2025-05-30T08:56:12","date_gmt":"2025-05-30T08:56:12","guid":{"rendered":"https:\/\/www.europesays.com\/fr\/138854\/"},"modified":"2025-05-30T08:56:12","modified_gmt":"2025-05-30T08:56:12","slug":"zarco-etait-vraiment-inquiet-pour-ses-pneus-mais-les-a-bien-geres","status":"publish","type":"post","link":"https:\/\/www.europesays.com\/fr\/138854\/","title":{"rendered":"Zarco \u00e9tait \u00ab\u00a0vraiment inquiet\u00a0\u00bb pour ses pneus mais les a bien g\u00e9r\u00e9s"},"content":{"rendered":"<p>Deux semaines apr\u00e8s sa magnifique victoire au Mans, <a href=\"https:\/\/fr.motorsport.com\/driver\/johann-zarco\/96107\/\" target=\"_blank\" rel=\"noopener\">Johann Zarco<\/a> a encore brill\u00e9 \u00e0 Silverstone, avec la quatri\u00e8me place lors du sprint et la deuxi\u00e8me en course principale. Deux r\u00e9sultats qui doivent beaucoup \u00e0 une gestion exemplaire des gommes.<\/p>\n<p>Pendant que plusieurs pilotes avaient du mal \u00e0 pr\u00e9server leurs pneus, Zarco a pu conserver un bon rythme jusqu&rsquo;\u00e0 la fin. C&rsquo;est ainsi qu&rsquo;il a pu <a href=\"https:\/\/fr.motorsport.com\/motogp\/news\/zarco-show-festival-depassements-silverstone\/10726159\/\" target=\"_blank\" rel=\"noopener\">multiplier les d\u00e9passements lors du sprint<\/a>, jusqu&rsquo;\u00e0 avaler <a href=\"https:\/\/fr.motorsport.com\/driver\/fabio-quartararo\/109400\/\" target=\"_blank\" rel=\"noopener\">Fabio Quartararo<\/a> et <a href=\"https:\/\/fr.motorsport.com\/driver\/pecco-bagnaia\/109394\/\" target=\"_blank\" rel=\"noopener\">Pecco Bagnaia<\/a> dans le dernier tour. Le dimanche, cette capacit\u00e9 a encore fait la diff\u00e9rence et lui a permis de pr\u00e9server une deuxi\u00e8me place qu&rsquo;il craignait de perdre.<\/p>\n<p>\u00ab\u00a0Le contr\u00f4le du pneu \u00e9tait tr\u00e8s important mais j&rsquo;ai eu peur \u00e0 dix tours de la fin, parce que mon pneu avant tendre commen\u00e7ait \u00e0 vraiment s&rsquo;user\u00a0\u00bb, a confirm\u00e9 Zarco. \u00ab\u00a0Je me suis dit &lsquo;Je vais me faire rattraper, je vais perdre trop de place, faire septi\u00e8me, huiti\u00e8me, neuvi\u00e8me&rsquo;. J&rsquo;\u00e9tais vraiment inquiet.\u00a0\u00bb<\/p>\n<p>\u00ab\u00a0Et en fait, pendant que mes pneus se d\u00e9gradaient, je pense que ceux des autres aussi. L&rsquo;\u00e9cart s&rsquo;est maintenu, il a m\u00eame un peu grandi, puis s&rsquo;est r\u00e9duit sur la fin, mais \u00e7a suffisait. Et c&rsquo;est vraiment trop bon. C&rsquo;est tr\u00e8s, tr\u00e8s bon comme sensation de r\u00e9p\u00e9ter \u00e7a et de confirmer avec Honda.\u00a0\u00bb<\/p>\n<p>Zarco a l&rsquo;habitude tr\u00e8s peu glisser \u00e0 la r\u00e9acc\u00e9l\u00e9ration, ce qui n&rsquo;offre pas toujours le m\u00eame avantage qu&rsquo;\u00e0 Silverstone\u00a0: \u00ab\u00a0J&rsquo;arrive \u00e0 avoir une bonne motricit\u00e9 sans pour trop patiner. Et \u00e7a, c&rsquo;est vrai que \u00e7a aide sur ce genre de course.\u00a0\u00bb<\/p>\n<p>\u00ab\u00a0Apr\u00e8s il y a des courses o\u00f9 il faudrait peut-\u00eatre des fois patiner un peu plus pour mieux faire travailler la moto. \u00c7a, \u00e7a a pu me coincer sur certaines courses. Mais quand je commence \u00e0 le comprendre, \u00e7a me permet de progresser un peu partout.\u00a0\u00bb<\/p>\n<p>   <img decoding=\"async\" draggable=\"false\" src=\"https:\/\/www.europesays.com\/fr\/wp-content\/uploads\/2025\/05\/1748595372_760_johann-zarco-team-lcr-honda.jpg\" alt=\"Johann Zarco, Team LCR Honda\" width=\"1200\" height=\"800\" loading=\"lazy\"\/> <\/p>\n<p class=\"title\">Johann Zarco<\/p>\n<p class=\"photographer\">Photo de: LCR Honda MotoGP Team<\/p>\n<p>Zarco a \u00e9galement tir\u00e9 profit du pneu tendre \u00e0 l&rsquo;avant, qui offrait de bonnes sensations, alors que l&rsquo;ensemble des pilotes Ducati a pr\u00e9f\u00e9r\u00e9 le medium, au fonctionnement moins efficace dimanche. Il fallait n\u00e9anmoins r\u00e9ussir \u00e0 limiter la d\u00e9gradation pour que le choix strat\u00e9gique soit bon jusqu&rsquo;au bout.<\/p>\n<p>\u00ab\u00a0Il y avait ce contr\u00f4le du pneu avant aussi. Le pneu avant m&rsquo;a beaucoup servi en d\u00e9but de course parce que j&rsquo;avais vu que les pilotes Ducati avaient perdu confiance entre le premier et le deuxi\u00e8me d\u00e9part. Miller en a profit\u00e9, j&rsquo;ai voulu en profiter avec lui.\u00a0M\u00eame de suivre Bezz, \u00e7a m&rsquo;a beaucoup aid\u00e9 parce que \u00e7a m&rsquo;a permis de garder du rythme et en for\u00e7ant un petit peu moins, disons. \u00c7a aide beaucoup de ne pas lutter contre le vent, d&rsquo;essayer de rester \u00e0 son aspiration.\u00a0\u00bb<\/p>\n<p>D\u00e9sormais v\u00e9t\u00e9ran du plateau et quatri\u00e8me titulaire avec le plus de d\u00e9parts en MotoGP, Zarco a ainsi fait parler son savoir. \u00ab\u00a0L&rsquo;exp\u00e9rience aide aussi !\u00a0\u00bb a-t-il soulign\u00e9, interrog\u00e9 par le site officiel du MotoGP. \u00ab\u00a0Je suis content qu&rsquo;\u00e0 plus de 300 km\/h, il faille de l&rsquo;exp\u00e9rience, il faille bien r\u00e9fl\u00e9chir, et utiliser le potentiel de ce que l&rsquo;on a sur le moment. Je suis tr\u00e8s content que course apr\u00e8s course, ou ann\u00e9e apr\u00e8s ann\u00e9e, je puisse am\u00e9liorer ces choses et d\u00e9crocher les r\u00e9sultats gr\u00e2ce \u00e0 \u00e7a.\u00a0\u00bb<\/p>\n<p>Lire aussi :<\/p>\n<p>Dans cet article<\/p>\n<p>    Vincent Lalanne-Sicaud\n<\/p>\n<p>    MotoGP\n<\/p>\n<p>    Johann Zarco\n<\/p>\n<p>    Team LCR\n<\/p>\n<p>Soyez le premier inform\u00e9 et souscrivez aux alertes mails pour recevoir les infos en temps r\u00e9el<\/p>\n<p>    S&rsquo;abonner aux alertes de news<\/p>\n","protected":false},"excerpt":{"rendered":"Deux semaines apr\u00e8s sa magnifique victoire au Mans, Johann Zarco a encore brill\u00e9 \u00e0 Silverstone, avec la quatri\u00e8me&hellip;\n","protected":false},"author":2,"featured_media":138855,"comment_status":"","ping_status":"","sticky":false,"template":"","format":"standard","meta":{"footnotes":""},"categories":[1413],"tags":[1011,27,23124,1741,1457,1456,1458,23125,60,3771],"class_list":{"0":"post-138854","1":"post","2":"type-post","3":"status-publish","4":"format-standard","5":"has-post-thumbnail","7":"category-moto","8":"tag-fr","9":"tag-france","10":"tag-gp-de-grande-bretagne","11":"tag-johann-zarco","12":"tag-moto","13":"tag-motocycle","14":"tag-motogp","15":"tag-silverstone","16":"tag-sports","17":"tag-team-lcr"},"share_on_mastodon":{"url":"https:\/\/pubeurope.com\/@fr\/114595953622376594","error":""},"_links":{"self":[{"href":"https:\/\/www.europesays.com\/fr\/wp-json\/wp\/v2\/posts\/138854","targetHints":{"allow":["GET"]}}],"collection":[{"href":"https:\/\/www.europesays.com\/fr\/wp-json\/wp\/v2\/posts"}],"about":[{"href":"https:\/\/www.europesays.com\/fr\/wp-json\/wp\/v2\/types\/post"}],"author":[{"embeddable":true,"href":"https:\/\/www.europesays.com\/fr\/wp-json\/wp\/v2\/users\/2"}],"replies":[{"embeddable":true,"href":"https:\/\/www.europesays.com\/fr\/wp-json\/wp\/v2\/comments?post=138854"}],"version-history":[{"count":0,"href":"https:\/\/www.europesays.com\/fr\/wp-json\/wp\/v2\/posts\/138854\/revisions"}],"wp:featuredmedia":[{"embeddable":true,"href":"https:\/\/www.europesays.com\/fr\/wp-json\/wp\/v2\/media\/138855"}],"wp:attachment":[{"href":"https:\/\/www.europesays.com\/fr\/wp-json\/wp\/v2\/media?parent=138854"}],"wp:term":[{"taxonomy":"category","embeddable":true,"href":"https:\/\/www.europesays.com\/fr\/wp-json\/wp\/v2\/categories?post=138854"},{"taxonomy":"post_tag","embeddable":true,"href":"https:\/\/www.europesays.com\/fr\/wp-json\/wp\/v2\/tags?post=138854"}],"curies":[{"name":"wp","href":"https:\/\/api.w.org\/{rel}","templated":true}]}}