{"id":138858,"date":"2025-05-30T08:58:09","date_gmt":"2025-05-30T08:58:09","guid":{"rendered":"https:\/\/www.europesays.com\/fr\/138858\/"},"modified":"2025-05-30T08:58:09","modified_gmt":"2025-05-30T08:58:09","slug":"jean-loup-fayolle-je-prefere-tenter-que-de-rester-dans-le-peloton-actualite","status":"publish","type":"post","link":"https:\/\/www.europesays.com\/fr\/138858\/","title":{"rendered":"Jean-Loup Fayolle : \u00ab Je pr\u00e9f\u00e8re tenter que de rester dans le peloton \u00bb &#8211; Actualit\u00e9"},"content":{"rendered":"<p style=\"text-align: justify;\"><strong>Il a anim\u00e9 la deuxi\u00e8me \u00e9tape de l\u2019Alpes Is\u00e8re Tour longue de 153,8 kilom\u00e8tres entre Dolomieu et Satolas-et-Bonce (<a href=\"https:\/\/www.directvelo.com\/actualite\/120982\/alpes-isere-tour-et-2-classements\" target=\"_blank\" rel=\"noopener\">voir classement<\/a>). Sorti en \u00e9chapp\u00e9e au kilom\u00e8tre 32 avec J\u00fcrgen Zomermaand (D\u00e9veloppement Team Picnic PostNL), Jean-Loup Fayolle a fait forte impression. Le pensionnaire d\u2019Arkea-B&amp;B H\u00f4tels Continentale a l\u00e2ch\u00e9 son compagnon d\u2019\u00e9chapp\u00e9e \u00e0 43 kilom\u00e8tres de l\u2019arriv\u00e9e avant d\u2019\u00eatre repris par le peloton \u00e0 7 bornes du but. Il\u00a0s&rsquo;offre tout de m\u00eame avec le maillot de meilleur grimpeur. Le coureur de 19 ans raconte sa belle journ\u00e9e \u00e0 l\u2019avant au micro de\u00a0DirectVelo<\/strong><strong>.<\/strong><\/p>\n<p><strong>DirectVelo : Tu as \u00e9t\u00e9 le principal animateur de cette deuxi\u00e8me \u00e9tape de l\u2019Alpes Is\u00e8re Tour. Qu\u2019est-ce que tu avais en t\u00eate au moment o\u00f9 tu es parti ?<br \/><\/strong>Jean-Loup Fayolle :\u00a0 L\u2019objectif \u00e9tait d&rsquo;\u00eatre offensif et d\u2019animer la course sans la subir. L\u2019opportunit\u00e9 s&rsquo;est pr\u00e9sent\u00e9e dans une bosse. Je suis parti avec le gars de Picnic PostNL (J\u00fcrgen Zomermaand) et on a pass\u00e9 une bonne partie de l\u2019\u00e9tape ensemble. C\u2019\u00e9tait compliqu\u00e9 d\u2019aller au bout, entre le vent de face et le final un peu plus plat\u2026 mais bon, qui ne tente rien n\u2019a rien. C&rsquo;\u00e9tait une belle journ\u00e9e. J&rsquo;ai pris beaucoup de plaisir. Le public \u00e9tait vraiment derri\u00e8re moi, j&rsquo;en ai profit\u00e9, et c&rsquo;\u00e9tait cool.<\/p>\n<p><strong>\u00ab\u00a0J&rsquo;ARRIVE \u00c0 COURIR DE MANI\u00c8RE PLUS INTELLIGENTE\u00a0\u00bb<\/strong><\/p>\n<p><strong>Vous n\u2019\u00e9tiez que deux dans l\u2019\u00e9chapp\u00e9e, ce n\u2019\u00e9tait pas un avantage\u2026<br \/><\/strong>C&rsquo;est vrai qu&rsquo;\u00e0 deux, c&rsquo;\u00e9tait difficile d&rsquo;esp\u00e9rer aller au bout. En plus, je me suis retrouv\u00e9 seul dans le final. Je n&rsquo;avais plus personne pour me relayer. Sur une \u00e9preuve comme celle-ci, il faut tout donner et c\u2019est ce que j\u2019ai fait. Je me suis fait plaisir. Franchement, je n\u2019ai pas de regrets, \u00e7a aurait pu marcher. Je pr\u00e9f\u00e8re tenter que de rester dans le peloton.<\/p>\n<p><strong>On aurait pu t\u2019imaginer \u00e0 l\u2019attaque plus t\u00f4t lors des \u00e9tapes de montagne \u00e0 venir\u2026<br \/><\/strong><strong>Je prends la course \u00e9tape apr\u00e8s \u00e9tape. Il y a une journ\u00e9e pi\u00e9geuse demain (vendredi), qui est cens\u00e9e se terminer par un sprint. Toutes les \u00e9tapes se courent \u00e0 bloc, car peu d&rsquo;\u00e9quipes veulent vraiment contr\u00f4ler. On s&rsquo;attend encore \u00e0 une journ\u00e9e difficile demain, avant l\u2019\u00e9tape de samedi qui sera encore plus dure avec le Mont du Faz. Je suis tr\u00e8s motiv\u00e9 pour aller chercher un bon r\u00e9sultat avec l\u2019\u00e9quipe dans les prochains jours. Personnellement, faire une belle place sur une \u00e9tape, ce serait d\u00e9j\u00e0 top.<\/strong><\/p>\n<p><strong>Tu t\u2019\u00e9tais d\u00e9j\u00e0 \u00e9chapp\u00e9 il y a quelques jours sur le Tour de Cologne\u2026\u00a0<br \/><\/strong>Les gens me voient souvent en ce moment (rires). Cette \u00e9chapp\u00e9e \u00e0 Cologne m&rsquo;a permis d&rsquo;aborder l\u2019Alpes Is\u00e8re Tour avec le plein de confiance. Et pour prendre les \u00e9chapp\u00e9es, il en faut. \u00c7a fait aussi partie de ma prise d&rsquo;exp\u00e9rience derni\u00e8rement. J&rsquo;arrive \u00e0 courir de mani\u00e8re plus intelligente, et \u00e7a me permet d&rsquo;\u00eatre animateur.<\/p>\n<p><strong>\u00ab\u00a0J&rsquo;AI LA CHANCE D\u2019AVOIR UN STAFF QUI CROIT EN MOI\u00a0\u00bb<\/strong><\/p>\n<p><strong>As-tu le sentiment que des journ\u00e9es comme aujourd&rsquo;hui acc\u00e9l\u00e8rent ta progression ?\u00a0<br \/><\/strong>En termes de prise d&rsquo;exp\u00e9rience, c&rsquo;est \u00e9norme. Il y a aussi tout un jeu avec le peloton, savoir quand acc\u00e9l\u00e9rer, quand se reposer, etc. C&rsquo;est important pour la progression. J&rsquo;ai la chance d&rsquo;avoir un staff qui croit en moi. \u00c7a donne beaucoup de confiance, et \u00e7a permet d\u2019avoir de bons conseils quand je vais \u00e0 la voiture. J\u2019ai aussi la chance d&rsquo;avoir un tr\u00e8s bon entra\u00eeneur. C&rsquo;est un atout incroyable, parce qu&rsquo;il est tr\u00e8s humain. Il m&rsquo;explique bien pourquoi on travaille telle ou telle chose \u00e0 tel moment.<\/p>\n<p><strong>C\u2019est important pour toi ?<br \/><\/strong><strong>Je suis jeune, donc je me pose des questions. Il m&rsquo;a fait bosser mon point faible, l&rsquo;explosivit\u00e9, tout en gardant mon point fort : les efforts plus longs. Je suis content de l&rsquo;avoir pour me faire passer des paliers de progression petit \u00e0 petit, sans me cramer la gueule. On a un staff au top : les m\u00e9decins, les kin\u00e9s, les di\u00e9t\u00e9ticiens\u2026 Pour les jeunes coureurs comme moi, il y a des choses \u00e0 adapter. On ne peut pas demander les m\u00eames choses \u00e0 un mec de 19 ans qu\u2019\u00e0 un autre de 28. On est bien encadr\u00e9s dans cette optique de progresser.<\/strong><\/p>\n<p><strong>Tu cours r\u00e9guli\u00e8rement avec la WorldTeam. Qu\u2019est-ce que \u00e7a t\u2019apporte ?<br \/><\/strong>L\u2019\u00e9quipe WorldTour permet de prendre de l&rsquo;exp\u00e9rience. On est amen\u00e9 \u00e0 travailler pour les autres, c\u2019est normal de mettre nos leaders dans les meilleures dispositions possibles. Commencer la saison sur le Tour d\u2019Oman a \u00e9t\u00e9 tr\u00e8s enrichissant. Je n&rsquo;\u00e9tais jamais parti aussi loin (sourire). C&rsquo;est impressionnant de rouler avec des gars qui \u00e9taient mes idoles, comme Adam Yates par exemple. \u00c7a fait bizarre honn\u00eatement. Les voir au sein du peloton permet de comprendre comment ils courent. C\u2019est important pour atteindre le haut niveau.<\/p>\n","protected":false},"excerpt":{"rendered":"Il a anim\u00e9 la deuxi\u00e8me \u00e9tape de l\u2019Alpes Is\u00e8re Tour longue de 153,8 kilom\u00e8tres entre Dolomieu et Satolas-et-Bonce&hellip;\n","protected":false},"author":2,"featured_media":138859,"comment_status":"","ping_status":"","sticky":false,"template":"","format":"standard","meta":{"footnotes":""},"categories":[1411],"tags":[834,828,836,829,837,827,83,826,824,823,1154,207,814,817,815,816,822,821,832,211,839,1011,27,820,818,819,835,831,830,833,838,60,212,208,825],"class_list":{"0":"post-138858","1":"post","2":"type-post","3":"status-publish","4":"format-standard","5":"has-post-thumbnail","7":"category-cyclisme","8":"tag-attaque","9":"tag-belgique","10":"tag-braquet","11":"tag-bretagne","12":"tag-chute","13":"tag-competition","14":"tag-coupe-de-france","15":"tag-coureur","16":"tag-course-cyclisme","17":"tag-course-cycliste","18":"tag-cycling","19":"tag-cyclisme","20":"tag-direct","21":"tag-direct-velo","22":"tag-directvelo","23":"tag-directvelo-com","24":"tag-epreuve","25":"tag-epreuve-cycliste","26":"tag-federation-francaise-de-cyclisme","27":"tag-ffc","28":"tag-flandres","29":"tag-fr","30":"tag-france","31":"tag-live","32":"tag-live-course","33":"tag-live-epreuve","34":"tag-peloton","35":"tag-radio-peloton","36":"tag-radio-tour","37":"tag-ravitaillement","38":"tag-relance","39":"tag-sports","40":"tag-uci","41":"tag-velo","42":"tag-velos"},"share_on_mastodon":{"url":"https:\/\/pubeurope.com\/@fr\/114595961654954926","error":""},"_links":{"self":[{"href":"https:\/\/www.europesays.com\/fr\/wp-json\/wp\/v2\/posts\/138858","targetHints":{"allow":["GET"]}}],"collection":[{"href":"https:\/\/www.europesays.com\/fr\/wp-json\/wp\/v2\/posts"}],"about":[{"href":"https:\/\/www.europesays.com\/fr\/wp-json\/wp\/v2\/types\/post"}],"author":[{"embeddable":true,"href":"https:\/\/www.europesays.com\/fr\/wp-json\/wp\/v2\/users\/2"}],"replies":[{"embeddable":true,"href":"https:\/\/www.europesays.com\/fr\/wp-json\/wp\/v2\/comments?post=138858"}],"version-history":[{"count":0,"href":"https:\/\/www.europesays.com\/fr\/wp-json\/wp\/v2\/posts\/138858\/revisions"}],"wp:featuredmedia":[{"embeddable":true,"href":"https:\/\/www.europesays.com\/fr\/wp-json\/wp\/v2\/media\/138859"}],"wp:attachment":[{"href":"https:\/\/www.europesays.com\/fr\/wp-json\/wp\/v2\/media?parent=138858"}],"wp:term":[{"taxonomy":"category","embeddable":true,"href":"https:\/\/www.europesays.com\/fr\/wp-json\/wp\/v2\/categories?post=138858"},{"taxonomy":"post_tag","embeddable":true,"href":"https:\/\/www.europesays.com\/fr\/wp-json\/wp\/v2\/tags?post=138858"}],"curies":[{"name":"wp","href":"https:\/\/api.w.org\/{rel}","templated":true}]}}