{"id":138860,"date":"2025-05-30T08:59:11","date_gmt":"2025-05-30T08:59:11","guid":{"rendered":"https:\/\/www.europesays.com\/fr\/138860\/"},"modified":"2025-05-30T08:59:11","modified_gmt":"2025-05-30T08:59:11","slug":"luis-enrique-donnarumma-inter","status":"publish","type":"post","link":"https:\/\/www.europesays.com\/fr\/138860\/","title":{"rendered":"Luis Enrique, Donnarumma, Inter\u2026 &#8211;"},"content":{"rendered":"<p>Vu et lu au sujet du PSG dans la\u00a0<a href=\"https:\/\/canal-supporters.com\/category\/revue-de-presse\/\" rel=\"nofollow noopener\" target=\"_blank\">presse<br \/>\nhexagonale<\/a>\u00a0ce vendredi 30 mai 2025.\u00a0Le sport fran\u00e7ais<br \/>\nderri\u00e8re le PSG, Luis Enrique, patron du sportif du PSG,<br \/>\nDonnarumma, l\u2019homme que tout Milan d\u00e9teste\u2026<\/p>\n<p> <img loading=\"lazy\" decoding=\"async\" width=\"766\" height=\"1024\" src=\"https:\/\/www.europesays.com\/fr\/wp-content\/uploads\/2025\/05\/Une-LEquipe-30-05-2025-766x1024.jpg\" alt=\"Une l'equipe 30 05 2025\" class=\"wp-image-573498\"  \/><img loading=\"lazy\" decoding=\"async\" width=\"845\" height=\"177\" src=\"https:\/\/www.europesays.com\/fr\/wp-content\/uploads\/2025\/05\/LEquipe-30-05-2025-2.jpg\" alt=\"L'equipe 30 05 2025 (2)\" class=\"wp-image-573499\"  \/><\/p>\n<p>Dans son \u00e9dition du jour,\u00a0<a href=\"https:\/\/www.lequipe.fr\/Football\/Article\/-s-il-vous-plait-faites-le-le-sport-francais-derriere-le-psg-avant-la-finale-de-la-ligue-des-champions\/1565948\" target=\"_blank\" rel=\"noreferrer noopener nofollow\">L\u2019Equipe<\/a>\u00a0fait sa Une sur la<br \/>\nfinale de la <strong>Ligue des champions<\/strong> entre le<br \/>\n<strong>PSG<\/strong> et l\u2019<strong>Inter Milan<\/strong> en \u00e9voquant<br \/>\nle soutien du sport fran\u00e7ais pour le club de la capitale. Le<br \/>\nquotidien sportif a receuilli les impressions de plusieurs<br \/>\nsportifs. <strong>Cameron Woki<\/strong>, rugbyman, admet :<br \/>\n\u00ab\u00a0Je suis en pleine semaine de stress. \u00a0Pour<br \/>\nmes matches, je ne stresse pas. L\u00e0 oui\u00a0(rire)\u00a0!<br \/>\nJ\u2019ai l\u2019impression que le 31\u00a0mai, c\u2019est dans un an\u2026 Le temps ne<br \/>\npasse vraiment pas vite\u00a0!\u00a0\u00bb <strong>Grace<br \/>\nZaadi<\/strong>, handballeuse, poursuit : \u00ab\u00a0Ces derni\u00e8res<br \/>\nann\u00e9es, on a beaucoup souffert avec pas mal de<br \/>\nd\u00e9ceptions.\u00a0C\u2019est un moment fort dans une vie, dans<br \/>\nl\u2019histoire du club. Je suis heureuse comme tous les fervents<br \/>\nsupporters du <strong>PSG<\/strong>, j\u2019ai beaucoup d\u2019amis qui<br \/>\ndonnent leur vie au <strong>PSG<\/strong>.\u00a0\u00bb Joueur du<br \/>\n<strong>PSG Judo<\/strong>, <strong>Teddy Riner<\/strong> sera<br \/>\npr\u00e9sent \u00e0 <strong>Munich<\/strong>. \u00ab\u00a0Le<br \/>\n<strong>PSG<\/strong>, c\u2019est mon premier amour parce que c\u2019est le<br \/>\nclub o\u00f9 j\u2019ai pris ma premi\u00e8re licence, \u00e0 5-6\u00a0ans. Les premiers<br \/>\nmatches de foot que je suis all\u00e9 voir, c\u2019\u00e9tait \u00e0 l\u2019\u00e9poque de<br \/>\n<strong>Ronaldinho<\/strong> et j\u2019\u00e9tais tomb\u00e9 vraiment \u00ab\u00a0in<br \/>\nlove\u00a0\u00bb de ce club, de ce joueur. Je vais faire le d\u00e9placement<br \/>\n\u00e0 <strong>Munich<\/strong> pour la finale parce que j\u2019ai envie de<br \/>\nsoutenir cette \u00e9quipe, ce club.\u00a0\u00bb Les pilotes fran\u00e7ais de<br \/>\n<strong>Formule 1<\/strong> suivront le match depuis<br \/>\n<strong>Barcelone<\/strong>, eux qui courront le Grand Prix le<br \/>\ndimanche. <a href=\"https:\/\/canal-supporters.com\/psg-le-maillot-exterieur-devoile-a-londres-avec-pierre-gasly\/\" title=\"\" rel=\"nofollow noopener\" target=\"_blank\"><strong>Pierre Gasly<\/strong><\/a> indique : \u00ab\u00a0Je<br \/>\nvais regarder dans mon h\u00f4tel, dans ma chambre, tout seul, avec mon<br \/>\n\u00e9quipe.\u00a0Bon, <strong>Ben<\/strong>\u00a0(le<br \/>\nphysio de <strong>Gasly<\/strong>)\u00a0risque de ne pas<br \/>\nsupporter <strong>Paris<\/strong> mais il sera neutre, j\u2019esp\u00e8re.<br \/>\nSinon il est vir\u00e9\u00a0(rires).\u00a0\u00bb De son c\u00f4t\u00e9,<br \/>\n<strong>Esteban Ocon<\/strong> explique : \u00ab\u00a0Je vais tout<br \/>\nfaire pour regarder. L\u2019important pour moi, c\u2019est de dormir<br \/>\nlongtemps avant les qualifs. Le dimanche, c\u2019est moins grave, je<br \/>\npeux dormir un petit peu moins. Je ne sais pas si chez<br \/>\n<strong>Haas<\/strong>, ils sont fans du <strong>PSG<\/strong>, mais<br \/>\nj\u2019adorerais le regarder sur les \u00e9crans de notre nouvelle<br \/>\nhospitalit\u00e9.\u00a0\u00bb\u00a0<\/p>\n<p> <img loading=\"lazy\" decoding=\"async\" width=\"399\" height=\"142\" src=\"https:\/\/www.europesays.com\/fr\/wp-content\/uploads\/2025\/05\/LEquipe-30-05-2025.jpg\" alt=\"L'equipe 30 05 2025\" class=\"wp-image-573500\"  \/><\/p>\n<p>Le <a href=\"https:\/\/www.lequipe.fr\/Football\/Article\/Recrutement-vestiaire-formation-communication-luis-enrique-coach-tout-puissant\/1565770\" target=\"_blank\" rel=\"noopener nofollow\" title=\"\">quotidien sportif<\/a> fait<br \/>\n\u00e9galement un focus sur <strong>Luis Enrique<\/strong>. Il explique<br \/>\nque toutes les d\u00e9cisions concernant l\u2019\u00e9quipe premi\u00e8re passent entre<br \/>\nses mains. Sa relation de travail avec le conseiller football<br \/>\n<strong>Luis Campos<\/strong> a permis de cr\u00e9er un cadre clair sur<br \/>\nles missions de chaque employ\u00e9.\u00a0\u00ab\u00a0Que ce soit avec le<br \/>\npr\u00e9sident Nasser al-Khela\u00effi ou avec le conseiller football Luis<br \/>\nCampos, Luis Enrique entretient des relations fluides et<br \/>\nefficaces.\u00a0\u00bb D\u00e8s les premiers rendez-vous \u00e0 l\u2019\u00e9t\u00e9 2023,<br \/>\nl\u2019\u00e9tat-major a \u00e9t\u00e9 s\u00e9duit par l\u2019investissement, le respect de<br \/>\nl\u2019institution exprim\u00e9 par l\u2019Espagnol. \u00ab\u00a0NAK\u00a0\u00bb est en<br \/>\nphase avec sa ligne et sa philosophie, donc il lui fait une<br \/>\nconfiance aveugle. R\u00e9sultat, Luis Enrique jouit d\u2019une libert\u00e9<br \/>\ntotale dans le champ sportif, comme il le souhaitait, comme aucun<br \/>\nde ses pr\u00e9d\u00e9cesseurs\u00a0\u00bb, souligne L\u2019Equipe.<br \/>\n\u00ab\u00a0Quand la situation s\u2019est tendue, comme \u00e0 l\u2019automne,<br \/>\n<strong>Al-Khela\u00effi<\/strong> et <strong>Campos<\/strong> lui ont<br \/>\nsugg\u00e9r\u00e9 de mettre de l\u2019eau dans son vin dans son management. Il a<br \/>\nentendu la remarque et il l\u2019a fait. C\u2019est une des r\u00e9ussites du<br \/>\n<strong>PSG<\/strong> actuel\u00a0: les trois hommes travaillent en<br \/>\nbonne intelligence, chacun respecte le champ d\u2019action des autres et<br \/>\nils sont en relation r\u00e9guli\u00e8re, sans chausse-trape. Et quand le<br \/>\ncoach demande tel ou tel outil de travail (plateforme, syst\u00e8me de<br \/>\nvid\u00e9o immersive, \u00e9crans\u2026), il les obtient.\u00a0\u00bb Lorsqu\u2019il<br \/>\n\u00e9voque ses envies sur le march\u00e9 des transferts avec diff\u00e9rents<br \/>\nacteurs, Luis Campos finit toujours par r\u00e9p\u00e9ter la m\u00eame<br \/>\nphrase\u00a0: \u00ab\u00a0Il faut que le coach valide.\u00a0\u00bb<br \/>\nPlus aucune n\u00e9gociation ne saurait d\u00e9sormais \u00eatre finalis\u00e9e \u00e0<br \/>\n<strong>Paris<\/strong> sans l\u2019accord de l\u2019entra\u00eeneur parisien,<br \/>\navance le quotidien sportif. La plupart du temps, les deux<br \/>\n<strong>Luis<\/strong> travaillent de concert et font converger<br \/>\nleurs points de vue. D\u00e8s son arriv\u00e9e en 2023, <strong>Luis<br \/>\nEnrique<\/strong> a impos\u00e9 un cadre. Exigence, respect des r\u00e8gles,<br \/>\ntransparence. Il se veut le garant d\u2019un principe essentiel \u00e0 ses<br \/>\nyeux\u00a0: le collectif est au-dessus de tout. Sans rechercher la<br \/>\ncomplicit\u00e9 avec son groupe, il nourrit une proximit\u00e9 en gardant la<br \/>\ndistance entra\u00eeneur\/joueurs, Indique L\u2019Equipe. En ce qui<br \/>\nconcerne la <a href=\"https:\/\/canal-supporters.com\/mayulu-avec-les-jeunes-luis-enrique-est-top\/\" title=\"\" rel=\"nofollow noopener\" target=\"_blank\">formation<\/a>, l\u00e0 encore, la relation entre <strong>Luis<br \/>\nCampos<\/strong> et <strong>Luis Enrique<\/strong> permet<br \/>\nd\u2019identifier les profils amen\u00e9s \u00e0 int\u00e9grer l\u2019\u00e9quipe premi\u00e8re. Ce<br \/>\nn\u2019est pas commun mais il arrive \u00e0 l\u2019entra\u00eeneur de venir voir jouer<br \/>\nles \u00e9quipes de jeunes pour se faire une id\u00e9e du vivier et de la<br \/>\nprogression de certains \u00e9l\u00e9ments. C\u2019est ainsi que <strong>Noham<br \/>\nKamara<\/strong> (18\u00a0ans) a rejoint le groupe professionnel.<br \/>\nEnfin, en ce qui concerne la communication, <strong>Luis<br \/>\nEnrique<\/strong> le regrette parfois en priv\u00e9\u00a0: il est la<br \/>\nseule figure du club \u00e0 s\u2019exprimer r\u00e9guli\u00e8rement en public. Un grief<br \/>\nd\u00e9j\u00e0 exprim\u00e9 par le pass\u00e9 par ses pr\u00e9d\u00e9cesseurs. Mais l\u2019Espagnol se<br \/>\nplie tant bien que mal \u00e0 ses obligations m\u00e9diatiques. M\u00eame si ce<br \/>\nn\u2019est pas un exercice qu\u2019il affectionne, il pr\u00e9pare ses conf\u00e9rences<br \/>\nde presse et les d\u00e9briefe avec les attach\u00e9s de presse et son<br \/>\npsychologue, <strong>Joachim Valdes<\/strong>, car elles sont<br \/>\nparfois un moyen d\u2019envoyer des messages \u00e0 son groupe ou \u00e0<br \/>\nl\u2019environnement du club. Dans le m\u00eame registre de la communication,<br \/>\nmais dans un autre genre, il \u00e9tait suivi l\u2019an dernier par une<br \/>\n\u00e9quipe espagnole pour un\u00a0documentaire sur son quotidien. Une<br \/>\nd\u00e9marche \u00e9gotique que personne n\u2019a os\u00e9 contester au sein du club<br \/>\nmais qui n\u2019a pas fait l\u2019unanimit\u00e9, loin de l\u00e0, conclut<br \/>\nL\u2019Equipe.<\/p>\n<p> <img loading=\"lazy\" decoding=\"async\" width=\"749\" height=\"81\" src=\"https:\/\/www.europesays.com\/fr\/wp-content\/uploads\/2025\/05\/LEquipe-30-05-2025-1.jpg\" alt=\"L'equipe 30 05 2025 (1)\" class=\"wp-image-573501\" style=\"width:840px;height:auto\"  \/><\/p>\n<p>Le <a href=\"https:\/\/kiosque.lequipe.fr\/data\/1159\/reader\/reader.html#!preferred\/0\/package\/1159\/pub\/1159\/page\/6\" target=\"_blank\" rel=\"noopener nofollow\" title=\"\">quotidien sportif<\/a><br \/>\n\u00e9voque aussi la pr\u00e9paration du <strong>PSG<\/strong> \u00e0 la finale de<br \/>\nla <strong>Ligue des champions<\/strong> contre L\u2019<strong>Inter<br \/>\nMilan<\/strong>. Ce dernier explique que le club de la capitale a<br \/>\npr\u00e9par\u00e9 ce match comme il a pr\u00e9par\u00e9 tous les autres de sa saison.<br \/>\n\u00ab\u00a0La force de ce <strong>PSG<\/strong> reste d\u2019envisager la<br \/>\nfinale comme un sport collectif, de ne pas vraiment participer,<br \/>\npour l\u2019instant, au lobby du <strong>Ballon d\u2019Or<\/strong> pour<br \/>\n<strong>Ousmane Demb\u00e9l\u00e9<\/strong>, comme l\u2019auraient fait depuis<br \/>\nlongtemps les clubs espagnols ou italiens, et de ne pas faire<br \/>\n\u00e9merger les enjeux individuels, li\u00e9s au m\u00e9rite ou \u00e0<br \/>\nl\u2019anciennet\u00e9.\u00a0\u00bb La force du <strong>PSG,<\/strong> c\u2019est<br \/>\nque cette finale semble le d\u00e9but de quelque chose plut\u00f4t qu\u2019un<br \/>\naboutissement. Mais l\u2019histoire du foot a appris \u00e0 chacun que<br \/>\npersonne n\u2019avait le temps de gagner une <strong><a href=\"https:\/\/canal-supporters.com\/pauleta-je-souhaite-que-le-31-mai-soit-une-soiree-historique-pour-le-psg\/\" title=\"\" rel=\"nofollow noopener\" target=\"_blank\">Ligue des champions<\/a><\/strong> plus tard, que personne<br \/>\nne pouvait \u00eatre s\u00fbr de revenir, un autre jour, et qu\u2019il fallait<br \/>\nsaisir ce troph\u00e9e quand il vous tend les bras, conclut<br \/>\nL\u2019Equipe.<\/p>\n<p>A voir aussi : <a href=\"https:\/\/canal-supporters.com\/parcours-city-progression-luis-enrique-se-confie-a-quatre-jours-de-psg-inter\/\" title=\"\" rel=\"nofollow noopener\" target=\"_blank\">Parcours, City, progression\u2026 Luis Enrique se confie \u00e0<br \/>\nquatre jours de PSG \/ Inter<\/a><\/p>\n<p><a href=\"https:\/\/x.com\/CanalSupporters\" target=\"_blank\" rel=\"noopener nofollow\" title=\"\">canalsupporters.com<\/a><\/p>\n<p> <img loading=\"lazy\" decoding=\"async\" width=\"454\" height=\"239\" src=\"https:\/\/www.europesays.com\/fr\/wp-content\/uploads\/2025\/05\/Le-Parisien-30-05-2025.jpg\" alt=\"Le parisien 30 05 2025\" class=\"wp-image-573502\"  \/><\/p>\n<p>De son c\u00f4t\u00e9, <a href=\"https:\/\/kiosque.leparisien.fr\/data\/85868\/reader\/reader.html?t=1748577759161#!preferred\/0\/package\/85868\/pub\/107584\/page\/18\" target=\"_blank\" rel=\"noopener nofollow\" title=\"\">Le Parisien<\/a> \u00e9voque<br \/>\naussi <strong><a href=\"https:\/\/canal-supporters.com\/vitinha-luis-enrique-cest-lentraineur-parfait\/\" title=\"\" rel=\"nofollow noopener\" target=\"_blank\">Luis Enrique<\/a><\/strong>. Pour le quotidien francilien,<br \/>\nil ne fait aucun doute que le statut et l\u2019aura du coach parisien<br \/>\nont \u00e9cras\u00e9 ceux de ses pr\u00e9d\u00e9cesseurs sur le banc du<br \/>\n<strong>PSG<\/strong>. Cette saison, il a r\u00e9ussi \u00e0 poser son<br \/>\nempreinte de chef charismatique, \u00e0 la fois guide m\u00e9thodique et<br \/>\nmeneur d\u2019homme autoritaire, sur un effectif qu\u2019il a su charmer et<br \/>\nconvaincre comme nul d\u2019autres avant lui, avance Le<br \/>\nParisien. \u00ab\u00a0Des traits de caract\u00e8re qui lui ont valu,<br \/>\nd\u2019abord, de gagner le respect de la plupart quand, l\u2019an pass\u00e9, il a<br \/>\njou\u00e9 de son autorit\u00e9 pour bousculer les lignes, pousser la star<br \/>\n<strong>Neymar<\/strong> et le chouchou de <strong>Paris<\/strong>,<br \/>\n<strong>Marco Verratti<\/strong>, au d\u00e9part, \u00e9rig\u00e9 l\u2019exigence et la<br \/>\nrigueur en religion, imposer des r\u00e8gles drastiques sur le terrain<br \/>\net en dehors dans le but d\u2019\u00e9lever le collectif au-dessus de toutes<br \/>\nles individualit\u00e9s.\u00a0\u00bb Avec l\u2019installation du turnover,<br \/>\n<strong>Luis Enrique<\/strong> sait garder ses troupes concern\u00e9es et<br \/>\nsous pression. Avec le coach du <strong>PSG<\/strong>, le message<br \/>\nest clair, le projet passe avant les ego, avance Le<br \/>\nParisien. Ce dernier conclut en expliquant que la r\u00e9ussite de<br \/>\nl\u2019ancien s\u00e9lectionneur de la <strong>Roja<\/strong> a \u00e9t\u00e9 de changer<br \/>\nla mentalit\u00e9 du <strong>PSG<\/strong>.<\/p>\n<p><img loading=\"lazy\" decoding=\"async\" width=\"878\" height=\"156\" src=\"https:\/\/www.europesays.com\/fr\/wp-content\/uploads\/2025\/05\/Le-Parisien-30-05-2025-1.jpg\" alt=\"Le parisien 30 05 2025 (1)\" class=\"wp-image-573503\"  \/><\/p>\n<p>Le <a href=\"https:\/\/www.leparisien.fr\/sports\/football\/ligue-des-champions\/sil-empeche-linter-de-gagner-tout-sera-pardonne-donnarumma-lhomme-que-tout-milan-deteste-29-05-2025-SKFUFNOYFZGKTBKAQ4I7ALJ3WU.php?ts=1748577741327\" target=\"_blank\" rel=\"noopener nofollow\" title=\"\">quotidien francilien<\/a><br \/>\nfait \u00e9galement un focus sur <strong>Gianluigi Donnarumma.<\/strong><br \/>\nApr\u00e8s son d\u00e9part libre de l\u2019<strong>AC Milan<\/strong> pour le<br \/>\n<strong>PSG<\/strong> en 2021, l\u2019international italien est d\u00e9test\u00e9<br \/>\ndans tout <strong>Milan<\/strong>. \u00ab\u00a0Il y a ceux qui le<br \/>\nd\u00e9testent parce qu\u2019il a jou\u00e9 pour <strong>l\u2019AC Milan<\/strong> et<br \/>\nqu\u2019il sera le dernier rempart parisien contre<br \/>\nl\u2019<strong>Inter<\/strong> en finale de la\u00a0<strong>Ligue des<br \/>\nchampions<\/strong>, ce samedi 31 mai. Et ceux qui le d\u00e9testent<br \/>\nparce qu\u2019il a pr\u00e9f\u00e9r\u00e9 quitter le <strong>Milan<\/strong> pour<br \/>\n<strong>Paris<\/strong>. Mais qui feraient volontiers une pause dans<br \/>\nleur col\u00e8re si \u00ab Gigio \u00bb, le fils maudit, se rachetait \u00e0 leurs yeux<br \/>\nen emp\u00eachant le rival int\u00e9riste de soulever une quatri\u00e8me<br \/>\n<strong>Ligue des champions<\/strong>, ce samedi soir\u00a0\u00bb,<br \/>\navance Le Parisien. Du c\u00f4t\u00e9 des supporters de<br \/>\nl\u2019<strong>Inter<\/strong>, le d\u00e9samour s\u2019explique simplement :<br \/>\n<strong><a href=\"https:\/\/canal-supporters.com\/donnarumma-sur-sa-prolongation-la-decision-est-entierement-du-cote-de-la-direction-il-y-a-juste-a-signer\/\" title=\"\" rel=\"nofollow noopener\" target=\"_blank\">Donnarumma<\/a><\/strong> a jou\u00e9 pendant cinq ans au<br \/>\n<strong>Milan<\/strong> et jouera dans les buts parisiens, ce samedi<br \/>\nsoir. Mais le portier est aussi celui qui a dit non \u00e0<br \/>\nl\u2019<strong>Inter<\/strong>. Et tant pis s\u2019il n\u2019avait que douze ans et<br \/>\nentrait \u00e0 peine dans l\u2019adolescence. Les tribunaux transalpins des<br \/>\nr\u00e9seaux sociaux ne s\u2019arr\u00eatent pas \u00e0 ce genre de d\u00e9tails, lance le<br \/>\nquotidien francilien. <strong>Donnarumma<\/strong> sait qu\u2019il ne<br \/>\nrejouera jamais pour le <strong>Milan<\/strong>. Il restera \u00e0 vie ce<br \/>\n\u00ab bastardo mal educato \u00bb,\u00a0traduction superflue, chez<br \/>\nses ex-supporters. Mais beaucoup sont pr\u00eats, dans ce proc\u00e8s pour<br \/>\nhaute trahison qu\u2019ils lui infligent, \u00e0 lui accorder une remise de<br \/>\npeine exceptionnelle, conclut Le Parisien.<\/p><\/p>\n","protected":false},"excerpt":{"rendered":"Vu et lu au sujet du PSG dans la\u00a0presse hexagonale\u00a0ce vendredi 30 mai 2025.\u00a0Le sport fran\u00e7ais derri\u00e8re le&hellip;\n","protected":false},"author":2,"featured_media":43795,"comment_status":"","ping_status":"","sticky":false,"template":"","format":"standard","meta":{"footnotes":""},"categories":[1410],"tags":[786,81,448,787,13121,2396,63,1011,27,10528,789,447,921,626,91,92,93,19330,20357,19331,19332,13125,60,796,96],"class_list":{"0":"post-138860","1":"post","2":"type-post","3":"status-publish","4":"format-standard","5":"has-post-thumbnail","7":"category-football","8":"tag-c1","9":"tag-canal-supporters","10":"tag-champions-league","11":"tag-cs","12":"tag-donnarumma","13":"tag-finale","14":"tag-football","15":"tag-fr","16":"tag-france","17":"tag-gianluigi-donnarumma","18":"tag-ldc","19":"tag-ligue-des-champions","20":"tag-luis-enrique","21":"tag-paris","22":"tag-paris-saint-germain","23":"tag-paris-sg","24":"tag-psg","25":"tag-psg-int","26":"tag-psg-inter","27":"tag-psg-inter-milan","28":"tag-psgint","29":"tag-revue-de-presse","30":"tag-sports","31":"tag-uefa-champions-league","32":"tag-une"},"share_on_mastodon":{"url":"https:\/\/pubeurope.com\/@fr\/114595965575174227","error":""},"_links":{"self":[{"href":"https:\/\/www.europesays.com\/fr\/wp-json\/wp\/v2\/posts\/138860","targetHints":{"allow":["GET"]}}],"collection":[{"href":"https:\/\/www.europesays.com\/fr\/wp-json\/wp\/v2\/posts"}],"about":[{"href":"https:\/\/www.europesays.com\/fr\/wp-json\/wp\/v2\/types\/post"}],"author":[{"embeddable":true,"href":"https:\/\/www.europesays.com\/fr\/wp-json\/wp\/v2\/users\/2"}],"replies":[{"embeddable":true,"href":"https:\/\/www.europesays.com\/fr\/wp-json\/wp\/v2\/comments?post=138860"}],"version-history":[{"count":0,"href":"https:\/\/www.europesays.com\/fr\/wp-json\/wp\/v2\/posts\/138860\/revisions"}],"wp:featuredmedia":[{"embeddable":true,"href":"https:\/\/www.europesays.com\/fr\/wp-json\/wp\/v2\/media\/43795"}],"wp:attachment":[{"href":"https:\/\/www.europesays.com\/fr\/wp-json\/wp\/v2\/media?parent=138860"}],"wp:term":[{"taxonomy":"category","embeddable":true,"href":"https:\/\/www.europesays.com\/fr\/wp-json\/wp\/v2\/categories?post=138860"},{"taxonomy":"post_tag","embeddable":true,"href":"https:\/\/www.europesays.com\/fr\/wp-json\/wp\/v2\/tags?post=138860"}],"curies":[{"name":"wp","href":"https:\/\/api.w.org\/{rel}","templated":true}]}}